{"id":1129,"date":"2014-04-25T11:46:10","date_gmt":"2014-04-25T07:46:10","guid":{"rendered":"http:\/\/ich.md\/?p=1129"},"modified":"2014-04-25T11:46:10","modified_gmt":"2014-04-25T07:46:10","slug":"revista-de-etnologie-si-culturologie-vol-iii-chisinau-2008","status":"publish","type":"post","link":"https:\/\/ich.md\/?p=1129","title":{"rendered":"REVISTA DE ETNOLOGIE \u015eI CULTUROLOGIE. Vol. III. CHI\u015eIN\u0102U, 2008"},"content":{"rendered":"<p style=\"text-align: justify;\"><a href=\"http:\/\/ich.md\/wp-content\/uploads\/2014\/04\/Revista-3.jpg\"><img decoding=\"async\" loading=\"lazy\" class=\"size-medium wp-image-1130 alignleft\" alt=\"Revista 3\" src=\"http:\/\/ich.md\/wp-content\/uploads\/2014\/04\/Revista-3-199x300.jpg\" width=\"199\" height=\"300\" \/><\/a><br \/>\nAcest num\u0103r al revistei poart\u0103 genericul \u201eCre\u015ftinismul popular \u015fi cultura tradi\u0163ional\u0103\u201d. Articolul de fond este semnat de O. Luchiane\u0163 \u201eCre\u015ftinismul popular din Moldova (secolele XVII, XVIII \u015fi XX\u201d. \u00centr-o serie de articole din \u201eCompartimentul etnografic\u201d este analizat\u0103 diferen\u0163ierea func\u0163ional\u0103 a obiectelor de ritual (p\u00e2ine, produse de carne) \u015fi semantica lor (D. Nicoglo, V. Buzil\u0103). Particularit\u0103\u0163ile sincretismului cre\u015ftin \u015fi p\u0103g\u00e2n \u00een cultura diferitor etnii conlocuitoare (moldoveni\/rom\u00e2ni, ucraineni, g\u0103g\u0103uzi, bulgari) \u015fi-au g\u0103sit reflectare \u00een articolele semnate de A. Pap\u0163ova, A. H\u00e2ncu-Tentiuc, A. Prigarin, N. Golant, R. Osadci, N. Gr\u0103dinaru,C. Ciobanu, E. Soroceanu, V. S\u00eerf, V. Stepanov, O. Carpova. C\u00e2teva articole sunt consacrate problemelor legate de cultul cre\u015ftin (Z. \u015eofransky, T. Stavil\u0103), tradi\u0163iile muzicii cre\u015ftine (V. Galaicu, M. Ciucico). \u00cen compartimentul \u201eEtnologie\u201d sunt prezentate articole interesante ale colegilor no\u015ftri de peste hotare. \u00cen articolul semnat de N. Pu\u015fkariova sunt analizate metodele \u015fi strategiile specifice conexiunii etnografiei cu antropologia social\u0103 \u015fi cultural\u0103. \u00cen materialul prezentat de K. Hitcins g\u0103sim informa\u0163ii utile, legate de formarea na\u0163iilor \u015fi comunit\u0103\u0163ilor (pe baza rom\u00e2nilor din Transilvania, geadizilor din Asia Central\u0103 \u015fi curzilor din Anatolia). Studiul limbii materne de c\u0103tre bulgarii basarabeni este prezent \u00een articolul semnat de E. Ra\u0163eeva. M. Karamihova \u015fi-a axat aten\u0163ia asupra fotografiei nup\u0163iale \u00een calitate de surs\u0103 etnografic\u0103 de cercetare. \u00cen acest compartiment sunt incluse \u015fi articolele din seria \u201eCulturologie\u201d cuprinz\u00e2nd literatura romilor (S. Procop), despre rolul emigra\u0163iei ruse \u00een via\u0163a cultural\u0103 a Basarabiei (O. Garusova), despre arta muzical\u0103 a g\u0103g\u0103uzilor (D. Gagauz). Rubrica \u201eIstoria \u015fi rela\u0163iile interetnice\u201d cuprinde articole \u00een care se discut\u0103 despre arheologia Bugeacului (S. Agulnicov), componen\u0163a etnodemografic\u0103 a spa\u0163iului Pruto-nistrean \u00een secolele XVI\u2013XIX (D. Haidarl\u00ee), despre antropologia r\u0103zboiului sovieto-afghan (I. Xenofontov). Rubrica t\u00e2n\u0103rului cercet\u0103tor este prezentat\u0103 de publica\u0163iile despre identitatea etnic\u0103, spa\u0163iul comunicativ (L. Prisac, N. Ivanova), problemele de toleran\u0163\u0103 din textele muzicale \u00een stil rock (T. Orlova). Compartimentul \u201eDiscu\u0163ii\u201d este prezentat de articolele polemice privind rela\u0163iile dintre basarabeni \u015fi emigran\u0163ii politici din Rom\u00e2nia \u00een ajunul cre\u0103rii RASS Moldoveneasc\u0103 (O. Galu\u015fcenco), originea romilor (I. Duminica).<\/p>\n<p style=\"text-align: justify;\"><strong><a href=\"http:\/\/ich.md\/wp-content\/uploads\/2014\/04\/REV.-Vol._III.pdf\">REVISTA DE ETNOLOGIE \u015eI CULTUROLOGIE. Vol. III. CHI\u015eIN\u0102U, 2008<img decoding=\"async\" loading=\"lazy\" class=\"alignnone  wp-image-686\" alt=\"pdf\" src=\"http:\/\/ich.md\/wp-content\/uploads\/2014\/03\/pdf-150x150.jpg\" width=\"60\" height=\"60\" \/><\/a><\/strong><\/p>\n<p style=\"text-align: justify;\">Colectivul de autori<br \/>\nAdresa: bd. \u015etefan cel Mare \u015fi Sf\u00e2nt, 1<br \/>\nTel.: (373 22) 27-10-07, 27-13-53<br \/>\nE-mail: etnologie@mail.ru<\/p>\n<p style=\"text-align: justify;\">\n","protected":false},"excerpt":{"rendered":"<p>Acest num\u0103r al revistei poart\u0103 genericul \u201eCre\u015ftinismul popular \u015fi cultura tradi\u0163ional\u0103\u201d. Articolul de fond este semnat de O. Luchiane\u0163 \u201eCre\u015ftinismul popular din Moldova (secolele XVII,<span class=\"read-more-link\"><a class=\"read-more\" href=\"https:\/\/ich.md\/?p=1129\">Read More<\/a><\/span><\/p>\n","protected":false},"author":2,"featured_media":0,"comment_status":"closed","ping_status":"open","sticky":false,"template":"","format":"standard","meta":[],"categories":[46],"tags":[],"_links":{"self":[{"href":"https:\/\/ich.md\/index.php?rest_route=\/wp\/v2\/posts\/1129"}],"collection":[{"href":"https:\/\/ich.md\/index.php?rest_route=\/wp\/v2\/posts"}],"about":[{"href":"https:\/\/ich.md\/index.php?rest_route=\/wp\/v2\/types\/post"}],"author":[{"embeddable":true,"href":"https:\/\/ich.md\/index.php?rest_route=\/wp\/v2\/users\/2"}],"replies":[{"embeddable":true,"href":"https:\/\/ich.md\/index.php?rest_route=%2Fwp%2Fv2%2Fcomments&post=1129"}],"version-history":[{"count":1,"href":"https:\/\/ich.md\/index.php?rest_route=\/wp\/v2\/posts\/1129\/revisions"}],"predecessor-version":[{"id":1132,"href":"https:\/\/ich.md\/index.php?rest_route=\/wp\/v2\/posts\/1129\/revisions\/1132"}],"wp:attachment":[{"href":"https:\/\/ich.md\/index.php?rest_route=%2Fwp%2Fv2%2Fmedia&parent=1129"}],"wp:term":[{"taxonomy":"category","embeddable":true,"href":"https:\/\/ich.md\/index.php?rest_route=%2Fwp%2Fv2%2Fcategories&post=1129"},{"taxonomy":"post_tag","embeddable":true,"href":"https:\/\/ich.md\/index.php?rest_route=%2Fwp%2Fv2%2Ftags&post=1129"}],"curies":[{"name":"wp","href":"https:\/\/api.w.org\/{rel}","templated":true}]}}