{"id":1153,"date":"2014-04-25T12:02:47","date_gmt":"2014-04-25T08:02:47","guid":{"rendered":"http:\/\/ich.md\/?p=1153"},"modified":"2014-04-25T12:03:30","modified_gmt":"2014-04-25T08:03:30","slug":"revista-de-etnologie-si-culturologie-vol-xi-xii-chisinau-2012","status":"publish","type":"post","link":"https:\/\/ich.md\/?p=1153","title":{"rendered":"REVISTA DE ETNOLOGIE \u015eI CULTUROLOGIE. Vol. XI\u2013XII. CHI\u015eIN\u0102U, 2012"},"content":{"rendered":"<p style=\"text-align: justify;\"><a href=\"http:\/\/ich.md\/wp-content\/uploads\/2014\/04\/Revista-11-12.jpg\"><img decoding=\"async\" loading=\"lazy\" class=\"size-medium wp-image-1156 alignleft\" alt=\"Revista 11-12\" src=\"http:\/\/ich.md\/wp-content\/uploads\/2014\/04\/Revista-11-12-211x300.jpg\" width=\"211\" height=\"300\" \/><\/a><br \/>\nCu num\u0103rul de fa\u0163\u0103 \u201dRevista de Etnologie \u015fi Culturologie\u201d din nou intr\u0103 \u00een lista publica\u0163iilor Academiei de \u015etiin\u0163e a Moldovei. Este un moment mult a\u015fteptat de c\u0103tre comunitatea \u015ftiin\u0163ific\u0103 din \u0163ar\u0103 \u015fi de peste hotarele ei. Preocup\u0103rile \u015ftiin\u0163ifice ale Centrului de Etnologie se efectueaz\u0103 sub diverse aspecte. Ele nu au o valoare \u00een sine, ci una func\u0163ional\u0103, determinat\u0103 de cercet\u0103ri \u00een profunzime a fenomenelor socioculturale \u015fi etnice. Revista \u00ee\u015fi deschide paginile cu diverse lucr\u0103ri \u015ftiin\u0163ifice \u015fi publicistice: articole, comunic\u0103ri, recenzii, o monografie. \u00cen lucr\u0103rile publicate autorii pun accentul pe actu-alitatea problemei cercetate. Cuprinsul Revistei se \u00eenscrie \u00een sfera cercet\u0103rilor actuale, contemporane, prin \u00eencerc\u0103ri v\u0103dite de a eviden\u0163ia sensuri \u015fi semnifica\u0163ii inedite ale fenomenelor investigate. Prin temele selectate \u015fi prin analizele \u00eentreprinse asupra domeniilor fundamentale \u2013 etnologie, culturologie, antropologie cultural\u0103 \u015fi sociologie, etnosociologie, psihologie social\u0103, etnolingvistic\u0103 etc. autorii dezvolt\u0103 problematica cercet\u0103rilor multidisciplinare de durat\u0103. Panorama interesului \u015ftiin\u0163ific din acest volum trece prin labirintul \u015ftiin\u0163elor adiacente ca model epistemologic, care \u00eenainteaz\u0103 noi procedee \u015fi metode \u00eentru argument\u0103ri \u015ftiin\u0163ifice bazate pe pluralismul metodologic. \u00cen lucr\u0103rile publicate regruparea componentelor etnoculturale ne indic\u0103 \u015fi o ierarhie posibil\u0103 a valorilor na\u0163ionale \u015fi c\u0103 acestea n-au r\u0103mas izolate de fluxul civiliza\u0163iei moderne, au devenit apropiate pentru \u00een\u0163elegerea proceselor \u015ftiin\u0163ifice \u00een perspectiv\u0103. Con\u0163inutul volumului include o cercetare monografic\u0103 a fenomenului migra\u0163ional rural gender, care are o semnifica\u0163ie etnologic\u0103, antropologic\u0103 \u015fi sociologic\u0103. Abordarea metodologic\u0103 este rezumat\u0103 de materiale (informa\u0163ii) de pe teren. \u00cen lucrare ipotezele explicative \u015fi descriptive sunt direc\u0163ionate c\u0103tre abord\u0103ri de gender migra\u0163ional rural, care constituie un specific al sistemului \u015ftiin\u0163ific gender \u015fi formeaz\u0103 o gam\u0103 de probleme, modele, strategii, de concepte. Prin urmare, \u00eentreaga lucrare monografic\u0103 argumenteaz\u0103 ipoteza general\u0103 \u2013 etnologia \u015fi antropologia social\u0103 \u015fi cultural\u0103 \u00een cer-cetarea fenomenului migra\u0163ional rural gender, justifica paradigme coerente de g\u00e2ndire, comportament \u015fi ac\u0163iune. Perspectiva, pe care o deschide contribu\u0163ia cercet\u0103torilor \u00een privin\u0163a tematicii alese din acest volum este valabil\u0103, adeverindu-se \u015fi conform\u00e2ndu-se unui larg c\u00e2mp de obiective \u015ftiin\u0163ifice de valoare na\u0163ional\u0103. Lucrarea de fa\u0163\u0103 \u00eencearc\u0103 s\u0103 defineasc\u0103 sinteze, viziuni de ansamblu, s\u0103 eviden\u0163ieze tendin\u0163ele de coerent\u0103 \u015fi de convergen\u0163\u0103 a no\u0163iunilor, a cunoa\u015fterii epistemice \u00een scopul abord\u0103rilor holiste cu trecere c\u0103tre o etnologie definit\u0103 \u00eentr-un context sociocultural \u015fi geografic, multietnic \u015fi multifunc\u0163ional.<\/p>\n<p style=\"text-align: justify;\"><a href=\"http:\/\/ich.md\/wp-content\/uploads\/2014\/04\/REV.-Vol._XI-XII.pdf\"><strong>REVISTA DE ETNOLOGIE \u015eI CULTUROLOGIE. Vol. XI\u2013XII. CHI\u015eIN\u0102U, 2012 <img decoding=\"async\" loading=\"lazy\" class=\"alignnone  wp-image-686\" alt=\"pdf\" src=\"http:\/\/ich.md\/wp-content\/uploads\/2014\/03\/pdf-150x150.jpg\" width=\"60\" height=\"60\" \/><\/strong><\/a><\/p>\n<p style=\"text-align: justify;\">Colectivul de autori<br \/>\nAdresa: bd. \u015etefan cel Mare \u015fi Sf\u00e2nt, 1<br \/>\nTel.: (373 22) 27-10-07, 27-13-53<br \/>\nE-mail: etnologie@mail.ru<\/p>\n<p style=\"text-align: justify;\">\n","protected":false},"excerpt":{"rendered":"<p>Cu num\u0103rul de fa\u0163\u0103 \u201dRevista de Etnologie \u015fi Culturologie\u201d din nou intr\u0103 \u00een lista publica\u0163iilor Academiei de \u015etiin\u0163e a Moldovei. Este un moment mult a\u015fteptat<span class=\"read-more-link\"><a class=\"read-more\" href=\"https:\/\/ich.md\/?p=1153\">Read More<\/a><\/span><\/p>\n","protected":false},"author":2,"featured_media":0,"comment_status":"closed","ping_status":"open","sticky":false,"template":"","format":"standard","meta":[],"categories":[46],"tags":[],"_links":{"self":[{"href":"https:\/\/ich.md\/index.php?rest_route=\/wp\/v2\/posts\/1153"}],"collection":[{"href":"https:\/\/ich.md\/index.php?rest_route=\/wp\/v2\/posts"}],"about":[{"href":"https:\/\/ich.md\/index.php?rest_route=\/wp\/v2\/types\/post"}],"author":[{"embeddable":true,"href":"https:\/\/ich.md\/index.php?rest_route=\/wp\/v2\/users\/2"}],"replies":[{"embeddable":true,"href":"https:\/\/ich.md\/index.php?rest_route=%2Fwp%2Fv2%2Fcomments&post=1153"}],"version-history":[{"count":1,"href":"https:\/\/ich.md\/index.php?rest_route=\/wp\/v2\/posts\/1153\/revisions"}],"predecessor-version":[{"id":1157,"href":"https:\/\/ich.md\/index.php?rest_route=\/wp\/v2\/posts\/1153\/revisions\/1157"}],"wp:attachment":[{"href":"https:\/\/ich.md\/index.php?rest_route=%2Fwp%2Fv2%2Fmedia&parent=1153"}],"wp:term":[{"taxonomy":"category","embeddable":true,"href":"https:\/\/ich.md\/index.php?rest_route=%2Fwp%2Fv2%2Fcategories&post=1153"},{"taxonomy":"post_tag","embeddable":true,"href":"https:\/\/ich.md\/index.php?rest_route=%2Fwp%2Fv2%2Ftags&post=1153"}],"curies":[{"name":"wp","href":"https:\/\/api.w.org\/{rel}","templated":true}]}}