{"id":1190,"date":"2014-05-21T18:40:09","date_gmt":"2014-05-21T14:40:09","guid":{"rendered":"http:\/\/ich.md\/?p=1190"},"modified":"2014-05-21T18:42:40","modified_gmt":"2014-05-21T14:42:40","slug":"probleme-actuale-ale-arheologiei-etnologiei-si-studiului-artelor","status":"publish","type":"post","link":"https:\/\/ich.md\/?p=1190","title":{"rendered":"Sesiunea anual\u0103 de comunic\u0103ri \u015ftiin\u0163ifice cu participare interna\u0163ional\u0103 \u201ePROBLEME ACTUALE ALE ARHEOLOGIEI, ETNOLOGIEI \u015eI STUDIULUI ARTELOR\u201d"},"content":{"rendered":"<p style=\"text-align: justify;\">Stima\u0163i colegi,<br \/>\n\u00cen zilele de 22-23 mai 2014, Institutului Patrimoniului Cultural al Academiei de \u015etiin\u0163e a Moldovei organizeaz\u0103 Sesiunea anual\u0103 de comunic\u0103ri \u015ftiin\u0163ifice cu participare interna\u0163ional\u0103 \u201ePROBLEME ACTUALE ALE ARHEOLOGIEI, ETNOLOGIEI \u015eI STUDIULUI ARTELOR\u201d, edi\u0163ia a VI-a, \u00een cooperare cu Comisia Na\u0163ional\u0103 a Republicii Moldova pentru UNESCO \u015fi Agen\u0163ia Na\u0163ional\u0103 Arheologic\u0103.<br \/>\nAvem onoarea s\u0103 V\u0103 invit\u0103m s\u0103 participa\u0163i la aceast\u0103 manifesta\u0163ie.<br \/>\nLucr\u0103rile Sesiunii se vor desf\u0103\u015fura cu \u00eencepere de la ora 9.00 pe 22 mai \u015fi de la ora 9.00 pe 23 mai, \u00een sediul central al Academiei de \u015etiin\u0163e a Moldovei din bulevardul \u015etefan cel Mare \u015fi Sf\u00e2nt, nr. 1, \u00een cadrul sec\u0163iilor tradi\u0163ionale \u201eArheologie\u201d, \u201eEtnologie\u201d, \u201eArte vizuale\u201d \u015fi \u201eArte audiovizuale\u201d, precum \u015fi \u00een cadrul Atelierului \u201eCondi\u0163ia criticii de art\u0103 \u00een contextul timpului\u201d, edi\u0163ia a V-a.<\/p>\n<p style=\"text-align: justify;\"><strong>Dr. hab. Oleg LEVI\u0162KI,<\/strong><br \/>\n<strong>Director interimar al Institutului Patrimoniului Cultural<\/strong><\/p>\n<p style=\"text-align: justify;\"><a href=\"http:\/\/ich.md\/wp-content\/uploads\/2014\/05\/Program_conf_IPC_2014_machetat.docx\"><strong>Programul Sesiunii \u00een format (doc)<\/strong><\/a><\/p>\n<p style=\"text-align: justify;\">\n","protected":false},"excerpt":{"rendered":"<p>Stima\u0163i colegi, \u00cen zilele de 22-23 mai 2014, Institutului Patrimoniului Cultural al Academiei de \u015etiin\u0163e a Moldovei organizeaz\u0103 Sesiunea anual\u0103 de comunic\u0103ri \u015ftiin\u0163ifice cu participare<span class=\"read-more-link\"><a class=\"read-more\" href=\"https:\/\/ich.md\/?p=1190\">Read More<\/a><\/span><\/p>\n","protected":false},"author":2,"featured_media":0,"comment_status":"closed","ping_status":"open","sticky":false,"template":"","format":"standard","meta":[],"categories":[10],"tags":[],"_links":{"self":[{"href":"https:\/\/ich.md\/index.php?rest_route=\/wp\/v2\/posts\/1190"}],"collection":[{"href":"https:\/\/ich.md\/index.php?rest_route=\/wp\/v2\/posts"}],"about":[{"href":"https:\/\/ich.md\/index.php?rest_route=\/wp\/v2\/types\/post"}],"author":[{"embeddable":true,"href":"https:\/\/ich.md\/index.php?rest_route=\/wp\/v2\/users\/2"}],"replies":[{"embeddable":true,"href":"https:\/\/ich.md\/index.php?rest_route=%2Fwp%2Fv2%2Fcomments&post=1190"}],"version-history":[{"count":2,"href":"https:\/\/ich.md\/index.php?rest_route=\/wp\/v2\/posts\/1190\/revisions"}],"predecessor-version":[{"id":1193,"href":"https:\/\/ich.md\/index.php?rest_route=\/wp\/v2\/posts\/1190\/revisions\/1193"}],"wp:attachment":[{"href":"https:\/\/ich.md\/index.php?rest_route=%2Fwp%2Fv2%2Fmedia&parent=1190"}],"wp:term":[{"taxonomy":"category","embeddable":true,"href":"https:\/\/ich.md\/index.php?rest_route=%2Fwp%2Fv2%2Fcategories&post=1190"},{"taxonomy":"post_tag","embeddable":true,"href":"https:\/\/ich.md\/index.php?rest_route=%2Fwp%2Fv2%2Ftags&post=1190"}],"curies":[{"name":"wp","href":"https:\/\/api.w.org\/{rel}","templated":true}]}}