{"id":1208,"date":"2014-07-01T17:53:51","date_gmt":"2014-07-01T13:53:51","guid":{"rendered":"http:\/\/ich.md\/?p=1208"},"modified":"2014-07-01T18:29:05","modified_gmt":"2014-07-01T14:29:05","slug":"aviz-in-atentia-doctoranzilor-la-specialitatea-etnologie-antropologie-culturala-si-istorica-anul-i-zif-f","status":"publish","type":"post","link":"https:\/\/ich.md\/?p=1208","title":{"rendered":"Aviz !   \u00cen aten\u0163ia doctoranzilor la specialitatea ,,Etnologie, antropologie cultural\u0103 \u015fi istoric\u0103\u201d, anul I zi\/f.f."},"content":{"rendered":"<p align=\"center\"><span style=\"color: #000000;\"><b>Orarul\u00a0<\/b><\/span><span style=\"color: #ff0000;\"><span style=\"color: #000000;\"><b>d<\/b><b>e <\/b><b>\u00eensu\u015fire a metodelor de cercetare \u00een domeniul etnologiei \u015fi antropologiei culturale \u015fi istorice<\/b><\/span><\/span><\/p>\n<table width=\"329\" border=\"1\" cellspacing=\"0\" cellpadding=\"0\">\n<tbody>\n<tr>\n<td valign=\"top\" width=\"45\">\n<p align=\"center\"><b><i>Nr. d\/o<\/i><\/b><\/p>\n<\/td>\n<td valign=\"top\" width=\"95\">\n<p align=\"center\"><b><i>Loca\u0163ia <\/i><\/b><\/p>\n<\/td>\n<td valign=\"top\" width=\"85\">\n<p align=\"center\"><b><i>Adresa <\/i><\/b><\/p>\n<\/td>\n<td valign=\"top\" width=\"57\">\n<p align=\"center\"><b><i>Data<\/i><\/b><\/p>\n<\/td>\n<td valign=\"top\" width=\"47\">\n<p align=\"center\"><b><i>Ora<\/i><\/b><\/p>\n<\/td>\n<\/tr>\n<tr>\n<td style=\"text-align: left;\" valign=\"top\" width=\"45\">\u00a01<\/td>\n<td style=\"text-align: left;\" valign=\"top\" width=\"95\">Institutul Patrimoniului Cultural al A\u015eM, bir. 520<\/td>\n<td style=\"text-align: left;\" valign=\"top\" width=\"85\">mun. Chi\u015fin\u0103u,Bd. \u015etefan cel Mare, nr.1<\/td>\n<td style=\"text-align: left;\" valign=\"top\" width=\"57\">7.08.14<\/td>\n<td style=\"text-align: left;\" valign=\"top\" width=\"47\">10.00<\/td>\n<\/tr>\n<\/tbody>\n<\/table>\n<p style=\"text-align: left;\" align=\"center\">\u015eefa sec\u0163iei <i>Probleme generale ale etnografiei<\/i><\/p>\n<p>a Centrului de Etnologie al IPC, A\u015eM \u00a0 \u00a0 \u00a0 \u00a0 \u00a0 \u00a0 \u00a0 \u00a0 \u00a0 \u00a0 \u00a0 \u00a0 \u00a0 \u00a0 \u00a0 \u00a0 \u00a0 \u00a0 \u00a0 dr.hab. Zina \u015eofransky<\/p>\n","protected":false},"excerpt":{"rendered":"<p>Orarul\u00a0de \u00eensu\u015fire a metodelor de cercetare \u00een domeniul etnologiei \u015fi antropologiei culturale \u015fi istorice Nr. d\/o Loca\u0163ia Adresa Data Ora \u00a01 Institutul Patrimoniului Cultural al<span class=\"read-more-link\"><a class=\"read-more\" href=\"https:\/\/ich.md\/?p=1208\">Read More<\/a><\/span><\/p>\n","protected":false},"author":2,"featured_media":0,"comment_status":"closed","ping_status":"open","sticky":false,"template":"","format":"standard","meta":[],"categories":[10],"tags":[],"_links":{"self":[{"href":"https:\/\/ich.md\/index.php?rest_route=\/wp\/v2\/posts\/1208"}],"collection":[{"href":"https:\/\/ich.md\/index.php?rest_route=\/wp\/v2\/posts"}],"about":[{"href":"https:\/\/ich.md\/index.php?rest_route=\/wp\/v2\/types\/post"}],"author":[{"embeddable":true,"href":"https:\/\/ich.md\/index.php?rest_route=\/wp\/v2\/users\/2"}],"replies":[{"embeddable":true,"href":"https:\/\/ich.md\/index.php?rest_route=%2Fwp%2Fv2%2Fcomments&post=1208"}],"version-history":[{"count":11,"href":"https:\/\/ich.md\/index.php?rest_route=\/wp\/v2\/posts\/1208\/revisions"}],"predecessor-version":[{"id":1219,"href":"https:\/\/ich.md\/index.php?rest_route=\/wp\/v2\/posts\/1208\/revisions\/1219"}],"wp:attachment":[{"href":"https:\/\/ich.md\/index.php?rest_route=%2Fwp%2Fv2%2Fmedia&parent=1208"}],"wp:term":[{"taxonomy":"category","embeddable":true,"href":"https:\/\/ich.md\/index.php?rest_route=%2Fwp%2Fv2%2Fcategories&post=1208"},{"taxonomy":"post_tag","embeddable":true,"href":"https:\/\/ich.md\/index.php?rest_route=%2Fwp%2Fv2%2Ftags&post=1208"}],"curies":[{"name":"wp","href":"https:\/\/api.w.org\/{rel}","templated":true}]}}