{"id":1221,"date":"2014-07-24T13:00:06","date_gmt":"2014-07-24T09:00:06","guid":{"rendered":"http:\/\/ich.md\/?p=1221"},"modified":"2014-07-24T13:38:38","modified_gmt":"2014-07-24T09:38:38","slug":"concursul-pentru-suplinirea-posturilor-vacante-de-directori-ai-organizatiilor-din-sfera-stiintei-si-inovarii-membrii-institutionali-asm","status":"publish","type":"post","link":"https:\/\/ich.md\/?p=1221","title":{"rendered":"CONCURSUL PENTRU SUPLINIREA POSTURILOR VACANTE DE DIRECTORI AI ORGANIZA\u021aIILOR DIN SFERA \u0218TIIN\u021aEI \u0218I INOV\u0102RII \u2013 MEMBRII INSTITU\u021aIONALI A\u0218M"},"content":{"rendered":"<p style=\"text-align: justify;\">\u00cen conformitate cu Hot\u0103r\u00eerea Consiliului Suprem pentru \u0218tiin\u021b\u0103 \u0219i Dezvoltare Tehnologic\u0103 nr. 126 din 2 iunie 2014 se anun\u021b\u0103, \u00eencep\u00e2nd cu 9 iunie 2014, <a href=\"http:\/\/ich.md\/?cat=62\"><strong>concursul pentru ocuparea func\u021biilor vacante de director din cadrul urm\u0103toarelor organiza\u021bii din sfera \u0219tiin\u021bei \u0219i inov\u0103rii \u2013 membri institu\u021bionali ai A\u0218M<\/strong><\/a>.<\/p>\n<p style=\"text-align: justify;\"><strong>Concursul se va desf\u0103\u0219ura pentru urm\u0103toarele organiza\u021bii:<\/strong><br \/>\n1. Gr\u0103dina Botanic\u0103 (Institut)<br \/>\n2. Institutul de Cercet\u0103ri Juridice \u0219i Politice<br \/>\n3. Institutul de Chimie<br \/>\n4. Institutul de Filologie<br \/>\n5. Institutul de Genetic\u0103, Fiziologie \u0219i Protec\u021bie a Plantelor<br \/>\n6. Institutul de Matematic\u0103 \u0219i Informatic\u0103<br \/>\n7. Institutul de Microbiologie \u0219i Biotehnologie<br \/>\n8. Institutul de Zoologie<br \/>\n<a href=\"http:\/\/ich.md\/\"><strong>9. Institutul Patrimoniului Cultural<\/strong><\/a><\/p>\n<p style=\"text-align: justify;\">Comisia de concurs:<br \/>\n1) Pre\u0219edintele comisiei &#8211; academician Gheorghe DUCA;<br \/>\n2) Secretarul comisiei \u2013 dl. Igor SEROTILA;<br \/>\n3) Membrii comisie:<br \/>\n&#8211; academician Teodor FURDUI;<br \/>\n&#8211; academician Ion TIGHINEANU;<br \/>\n&#8211; m. c. Ion GUCEAC;<br \/>\n&#8211; dr. hab. Aurelia HANGANU;<br \/>\n&#8211; dna. Angela BELINSCHI;<br \/>\n&#8211; academicieni-coordonatori ai sec\u021biilor de \u0219tiin\u021be de profil.<\/p>\n<p style=\"text-align: justify;\"><strong>Criterii \u0219i condi\u021bii de eligibilitate:<\/strong><br \/>\nPosturile de conducere ale organiza\u0163iilor de drept public pot fi ocupate pe un termen de 4 ani, de orice persoan\u0103 selectat\u0103 pe baz\u0103 de concurs, care are:<br \/>\n\u2022 capacitate de exerci\u0163iu \u015fi v\u00eerst\u0103 (p\u00e2n\u0103 la 65 de ani, \u00een conformitate cu art. 82 litera i) al Codului Muncii);<br \/>\n\u2022 statutul de rezident al Republicii Moldova;<br \/>\n\u2022 calit\u0103\u0163i profesionale \u015fi morale remarcabile;<br \/>\n\u2022 grad \u015ftiin\u0163ific de doctor sau doctor habilitat \u00een domeniul \u015ftiin\u0163ific corespunz\u0103tor profilului organiza\u0163iei;<br \/>\n\u2022 o vechime \u00een munca \u015ftiin\u0163ific\u0103 \u015fi \u00een activitatea managerial\u0103 la nivel de laborator, sector ori catedr\u0103, de cel pu\u0163in 4 ani.<\/p>\n<p style=\"text-align: justify;\"><strong>Conform Codului cu privire la \u0219tiin\u021b\u0103 \u0219i inovare (art. 134, alin. (2) \u0219i (5) al Codului cu privire la \u0219tiin\u021b\u0103 \u0219i inovare nr. 259 din 15.07.2004):<\/strong><br \/>\n\u2022 \u00cen organiza\u021biile de drept public din sfera \u0219tiin\u021bei \u0219i inov\u0103rii una \u0219i aceea\u0219i persoan\u0103 nu poate ocupa func\u021bia de director, de director adjunct sau de secretar \u0219tiin\u021bific mai mult de dou\u0103 termene consecutive.<br \/>\n\u2022 Una \u0219i aceea\u0219i persoan\u0103 nu poate ocupa concomitent dou\u0103 posturi de conducere \u00een organiza\u021bia de drept public din sfera \u0219tiin\u021bei \u0219i inov\u0103rii.<\/p>\n<p style=\"text-align: justify;\"><strong>Dosarul personal trebuie s\u0103 con\u021bin\u0103 obligatoriu urm\u0103toarele documente:<\/strong><br \/>\n\u2022 cererea de participare;<br \/>\n\u2022 copia diplomei de doctor sau doctor habilitat;<br \/>\n\u2022 copia actului de identitate;<br \/>\n\u2022 curriculum vitae;<br \/>\n\u2022 lista lucr\u0103rilor \u0219tiin\u021bifice din ultimii 5 ani;<br \/>\n\u2022 proiectul programului de activitate pentru urm\u0103torii 4 ani.<\/p>\n<p style=\"text-align: justify;\"><strong>Calendarul concursului:<\/strong><\/p>\n<div style=\"text-align: justify;\" align=\"center\">\n<table width=\"450\" border=\"1\" cellspacing=\"1\" cellpadding=\"0\">\n<tbody>\n<tr>\n<td>\n<p align=\"center\"><strong>Activitatea<\/strong><\/p>\n<\/td>\n<td>\n<p align=\"center\"><strong>Termen limit\u0103<\/strong><\/p>\n<\/td>\n<\/tr>\n<tr>\n<td>\n<p align=\"center\">Lansarea concursului<\/p>\n<\/td>\n<td>\n<p align=\"center\">9 iunie 2014<\/p>\n<\/td>\n<\/tr>\n<tr>\n<td>\n<p align=\"center\">Depunerea dosarelor de c\u0103tre candida\u021bi<\/p>\n<\/td>\n<td>\n<p align=\"center\">P\u00e2n\u0103 la <strong>30 de zile<\/strong> de la lansarea concursului<\/p>\n<\/td>\n<\/tr>\n<tr>\n<td>\n<p align=\"center\">Expunerea pentru examinare Adun\u0103rii cercet\u0103torilor \u0219tiin\u021bifici ai organiza\u021biei, a proiectului programului de activitate pentru urm\u0103torii 4 ani<\/p>\n<\/td>\n<td>\n<p align=\"center\">P\u00e2n\u0103 la <strong>15 zile<\/strong> de la \u00eenregistrare<\/p>\n<\/td>\n<\/tr>\n<tr>\n<td>\n<p align=\"center\">Organizarea audierii concomitente la Adunarea sec\u021biei de \u0219tiin\u021be a candida\u021bilor la postul de director al fiec\u0103rei organiza\u021bii \u00een parte<\/p>\n<\/td>\n<td>\n<p align=\"center\">\u00cen termen de <strong>15 zile<\/strong> de la alegerea candidatului de Adunarea cercet\u0103torilor \u0219tiin\u021bifici ai organiza\u021biei<\/p>\n<\/td>\n<\/tr>\n<tr>\n<td>\n<p align=\"center\">Examinarea \u0219i adoptarea hot\u0103r\u00eerii CS\u0218DT privind confirmarea \u00een func\u0163ie a directorului ales de c\u0103tre Adunarea sec\u021biei de \u0219tiin\u021be<\/p>\n<\/td>\n<td>\n<p align=\"center\">\u00cen cadrul \u0219edin\u021bei ordinare a CS\u0218DT<\/p>\n<\/td>\n<\/tr>\n<tr>\n<td>\n<p align=\"center\">Contesta\u021biile privind desf\u0103\u015furarea alegerilor \u015fi rezultatele concursului cu privire la alegerea personalului de conducere al organiza\u0163iilor<\/p>\n<\/td>\n<td>\n<p align=\"center\">\u00cen termen de <strong>10 zile<\/strong> de la expirarea termenului concursului (intrarea \u00een vigoare a hot\u0103r\u00eerii CS\u0218DT)<\/p>\n<\/td>\n<\/tr>\n<tr>\n<td>Solu\u021bionarea de c\u0103tre CS\u0218DT a contesta\u021biilor<\/td>\n<td>\n<p align=\"center\">\u00cen termen de <strong>30 de zile<\/strong> de la data depunerii<\/p>\n<\/td>\n<\/tr>\n<\/tbody>\n<\/table>\n<\/div>\n<p style=\"text-align: justify;\"><strong>Dosarul de concurs urmeaz\u0103 a fi depus la adresa Academiei de \u0218tiin\u021be a Moldovei, bd. Stefan cel Mare \u0219i Sf\u00e2nt nr.1, biroul 220, Sec\u021bia resurse umane.<\/strong><\/p>\n","protected":false},"excerpt":{"rendered":"<p>\u00cen conformitate cu Hot\u0103r\u00eerea Consiliului Suprem pentru \u0218tiin\u021b\u0103 \u0219i Dezvoltare Tehnologic\u0103 nr. 126 din 2 iunie 2014 se anun\u021b\u0103, \u00eencep\u00e2nd cu 9 iunie 2014, concursul<span class=\"read-more-link\"><a class=\"read-more\" href=\"https:\/\/ich.md\/?p=1221\">Read More<\/a><\/span><\/p>\n","protected":false},"author":2,"featured_media":0,"comment_status":"closed","ping_status":"open","sticky":false,"template":"","format":"standard","meta":[],"categories":[10],"tags":[],"_links":{"self":[{"href":"https:\/\/ich.md\/index.php?rest_route=\/wp\/v2\/posts\/1221"}],"collection":[{"href":"https:\/\/ich.md\/index.php?rest_route=\/wp\/v2\/posts"}],"about":[{"href":"https:\/\/ich.md\/index.php?rest_route=\/wp\/v2\/types\/post"}],"author":[{"embeddable":true,"href":"https:\/\/ich.md\/index.php?rest_route=\/wp\/v2\/users\/2"}],"replies":[{"embeddable":true,"href":"https:\/\/ich.md\/index.php?rest_route=%2Fwp%2Fv2%2Fcomments&post=1221"}],"version-history":[{"count":3,"href":"https:\/\/ich.md\/index.php?rest_route=\/wp\/v2\/posts\/1221\/revisions"}],"predecessor-version":[{"id":1237,"href":"https:\/\/ich.md\/index.php?rest_route=\/wp\/v2\/posts\/1221\/revisions\/1237"}],"wp:attachment":[{"href":"https:\/\/ich.md\/index.php?rest_route=%2Fwp%2Fv2%2Fmedia&parent=1221"}],"wp:term":[{"taxonomy":"category","embeddable":true,"href":"https:\/\/ich.md\/index.php?rest_route=%2Fwp%2Fv2%2Fcategories&post=1221"},{"taxonomy":"post_tag","embeddable":true,"href":"https:\/\/ich.md\/index.php?rest_route=%2Fwp%2Fv2%2Ftags&post=1221"}],"curies":[{"name":"wp","href":"https:\/\/api.w.org\/{rel}","templated":true}]}}