{"id":1260,"date":"2014-11-26T15:50:48","date_gmt":"2014-11-26T11:50:48","guid":{"rendered":"http:\/\/ich.md\/?p=1260"},"modified":"2014-11-26T15:51:39","modified_gmt":"2014-11-26T11:51:39","slug":"masa-rotunda-institutul-patrimoniului-cultural-al-academiei-de-stiinte-a-moldovei-invita-in-data-de-27-noiembrie-2014-la-masa-rotunda-comemorativa-tamara-ciobanu-100-de-ani-de-la-nastere","status":"publish","type":"post","link":"https:\/\/ich.md\/?p=1260","title":{"rendered":"INSTITUTUL PATRIMONIULUI CULTURAL AL ACADEMIEI DE \u015eTIIN\u0162E A MOLDOVEI INVIT\u0102 \u00ceN DATA DE 27 NOIEMBRIE 2014 LA MASA ROTUND\u0102 COMEMORATIV\u0102 TAMARA CIOBANU &#8211; 100 DE ANI DE LA NA\u015eTERE"},"content":{"rendered":"<p><a href=\"http:\/\/ich.md\/wp-content\/uploads\/2014\/11\/afis_Tamara_Ciobanu_001.jpg\"><img decoding=\"async\" loading=\"lazy\" class=\"alignnone size-large wp-image-1262\" alt=\"afis_Tamara_Ciobanu_001\" src=\"http:\/\/ich.md\/wp-content\/uploads\/2014\/11\/afis_Tamara_Ciobanu_001-723x1024.jpg\" width=\"723\" height=\"1024\" \/><\/a><\/p>\n<p>&nbsp;<\/p>\n<p align=\"center\"><a href=\"http:\/\/ich.md\/wp-content\/uploads\/2014\/11\/inv_Tamara_Ciobanu.pdf\"><b>PROGRAM\u00a0<img decoding=\"async\" loading=\"lazy\" class=\"alignnone  wp-image-686\" alt=\"pdf\" src=\"http:\/\/ich.md\/wp-content\/uploads\/2014\/03\/pdf.jpg\" width=\"52\" height=\"52\" \/><\/b><\/a><\/p>\n","protected":false},"excerpt":{"rendered":"<p>&nbsp; PROGRAM\u00a0<\/p>\n","protected":false},"author":2,"featured_media":0,"comment_status":"closed","ping_status":"open","sticky":false,"template":"","format":"standard","meta":[],"categories":[10],"tags":[],"_links":{"self":[{"href":"https:\/\/ich.md\/index.php?rest_route=\/wp\/v2\/posts\/1260"}],"collection":[{"href":"https:\/\/ich.md\/index.php?rest_route=\/wp\/v2\/posts"}],"about":[{"href":"https:\/\/ich.md\/index.php?rest_route=\/wp\/v2\/types\/post"}],"author":[{"embeddable":true,"href":"https:\/\/ich.md\/index.php?rest_route=\/wp\/v2\/users\/2"}],"replies":[{"embeddable":true,"href":"https:\/\/ich.md\/index.php?rest_route=%2Fwp%2Fv2%2Fcomments&post=1260"}],"version-history":[{"count":2,"href":"https:\/\/ich.md\/index.php?rest_route=\/wp\/v2\/posts\/1260\/revisions"}],"predecessor-version":[{"id":1266,"href":"https:\/\/ich.md\/index.php?rest_route=\/wp\/v2\/posts\/1260\/revisions\/1266"}],"wp:attachment":[{"href":"https:\/\/ich.md\/index.php?rest_route=%2Fwp%2Fv2%2Fmedia&parent=1260"}],"wp:term":[{"taxonomy":"category","embeddable":true,"href":"https:\/\/ich.md\/index.php?rest_route=%2Fwp%2Fv2%2Fcategories&post=1260"},{"taxonomy":"post_tag","embeddable":true,"href":"https:\/\/ich.md\/index.php?rest_route=%2Fwp%2Fv2%2Ftags&post=1260"}],"curies":[{"name":"wp","href":"https:\/\/api.w.org\/{rel}","templated":true}]}}