{"id":1320,"date":"2015-01-20T12:31:26","date_gmt":"2015-01-20T08:31:26","guid":{"rendered":"http:\/\/ich.md\/?p=1320"},"modified":"2015-01-20T12:56:39","modified_gmt":"2015-01-20T08:56:39","slug":"piese-de-podoaba-si-vestimentatie-din-moldova-si-tara-romaneasca-in-contextul-relatiilor-cultural-istorice-secolele-xiv-xvii","status":"publish","type":"post","link":"https:\/\/ich.md\/?p=1320","title":{"rendered":"PIESE DE PODOAB\u0102 \u0218I VESTIMENTA\u021aIE DIN MOLDOVA \u0218I \u021aARA ROM\u00c2NEASC\u0102 \u00ceN CONTEXTUL RELA\u021aIILOR CULTURAL-ISTORICE (SECOLELE XIV-XVII)"},"content":{"rendered":"<p>Svetlana Reab\u021beva, 2014<\/p>\n<p><a href=\"http:\/\/ich.md\/wp-content\/uploads\/2015\/01\/Reabteva.jpg\"><img decoding=\"async\" loading=\"lazy\" class=\"alignnone size-large wp-image-1321\" alt=\"Reabteva\" src=\"http:\/\/ich.md\/wp-content\/uploads\/2015\/01\/Reabteva-724x1024.jpg\" width=\"724\" height=\"1024\" \/><\/a><\/p>\n","protected":false},"excerpt":{"rendered":"<p>Svetlana Reab\u021beva, 2014<\/p>\n","protected":false},"author":2,"featured_media":0,"comment_status":"closed","ping_status":"open","sticky":false,"template":"","format":"standard","meta":[],"categories":[35],"tags":[],"_links":{"self":[{"href":"https:\/\/ich.md\/index.php?rest_route=\/wp\/v2\/posts\/1320"}],"collection":[{"href":"https:\/\/ich.md\/index.php?rest_route=\/wp\/v2\/posts"}],"about":[{"href":"https:\/\/ich.md\/index.php?rest_route=\/wp\/v2\/types\/post"}],"author":[{"embeddable":true,"href":"https:\/\/ich.md\/index.php?rest_route=\/wp\/v2\/users\/2"}],"replies":[{"embeddable":true,"href":"https:\/\/ich.md\/index.php?rest_route=%2Fwp%2Fv2%2Fcomments&post=1320"}],"version-history":[{"count":1,"href":"https:\/\/ich.md\/index.php?rest_route=\/wp\/v2\/posts\/1320\/revisions"}],"predecessor-version":[{"id":1322,"href":"https:\/\/ich.md\/index.php?rest_route=\/wp\/v2\/posts\/1320\/revisions\/1322"}],"wp:attachment":[{"href":"https:\/\/ich.md\/index.php?rest_route=%2Fwp%2Fv2%2Fmedia&parent=1320"}],"wp:term":[{"taxonomy":"category","embeddable":true,"href":"https:\/\/ich.md\/index.php?rest_route=%2Fwp%2Fv2%2Fcategories&post=1320"},{"taxonomy":"post_tag","embeddable":true,"href":"https:\/\/ich.md\/index.php?rest_route=%2Fwp%2Fv2%2Ftags&post=1320"}],"curies":[{"name":"wp","href":"https:\/\/api.w.org\/{rel}","templated":true}]}}