{"id":1425,"date":"2015-03-19T23:06:35","date_gmt":"2015-03-19T19:06:35","guid":{"rendered":"http:\/\/ich.md\/?p=1425"},"modified":"2015-04-02T13:34:17","modified_gmt":"2015-04-02T09:34:17","slug":"seminar-metodologic","status":"publish","type":"post","link":"https:\/\/ich.md\/?p=1425","title":{"rendered":"SEMINAR METODOLOGIC"},"content":{"rendered":"<p align=\"center\"><b><i>SCRISOARE INFORMATIV\u0102<\/i><\/b><\/p>\n<p align=\"center\"><b>INSTITUTUL PATRIMONIULUI CULTURAL<\/b><\/p>\n<p align=\"center\"><b>CENTRUL DE ETNOLOGIE<\/b><\/p>\n<p align=\"center\"><b>organizeaz\u0103 la dat\u0103 de 31 martie 2015<\/b><\/p>\n<p align=\"center\"><b>seminarul metodologic<\/b><b>\u00a0<\/b><\/p>\n<p align=\"center\"><b>\u00a0<\/b><b>\u00a0\u201dSCHIMB\u0102RILE ETNOSOCIALE \u00ceN REPUBLICA MOLDOVA: <\/b><\/p>\n<p align=\"center\"><b>PERCEPERE, CON\u015eTIENTIZARE, INTERPRETARE\u201d<\/b><\/p>\n<p>Programul seminarului metodologic include urm\u0103toarele direc\u0163ii:<\/p>\n<ul>\n<li>Perceperea proceselor de transformare \u00een societate de c\u0103tre reprezentan\u0163ii diferitor grupuri entice.<\/li>\n<li>Cultura ca un important poten\u0163ial de integrare a persoanei \u00een societatea \u00een schimbare.<\/li>\n<li>Rolul sistemului educa\u0163ional \u00een procesul transmiterii construc\u0163iilor etnoculturale \u015fi sociale \u00eentre genera\u0163ii.<\/li>\n<\/ul>\n<p><i>Scopul principal<\/i> al seminarului metodologic const\u0103 \u00een reflexia comun\u0103 privind starea actual\u0103 a problemelor identit\u0103\u0163ii sociale, proceselor de transformare a structurii etnoculturale din societate, rolul culturii \u015fi institu\u0163iilor sociale \u00een solu\u0163ionarea provoc\u0103rilor sociale contemporane.<\/p>\n<p><i>La seminarul metodologic sunt invita\u0163i: cercet\u0103tori \u015ftiin\u0163ifici, lectori, doctoranzi, masteranzi.<\/i><\/p>\n<p><b>\u00a0<\/b><i>Seminarul se va desf\u0103\u015fura pe adresa: mun. Chi\u015fin\u0103u, bd. \u015etefan cel Mare 1, etajul 4, bir. 408. \u00cenceputul seminarului la orele 12.00<\/i><\/p>\n<p><i>\u00a0<\/i><\/p>\n<p><i>\u00a0<\/i><\/p>\n<p><i>\u00a0<\/i><\/p>\n<p><i>\u00a0<\/i><\/p>\n<p><i>\u00a0<\/i><\/p>\n<p>&nbsp;<\/p>\n","protected":false},"excerpt":{"rendered":"<p>SCRISOARE INFORMATIV\u0102 INSTITUTUL PATRIMONIULUI CULTURAL CENTRUL DE ETNOLOGIE organizeaz\u0103 la dat\u0103 de 31 martie 2015 seminarul metodologic\u00a0 \u00a0\u00a0\u201dSCHIMB\u0102RILE ETNOSOCIALE \u00ceN REPUBLICA MOLDOVA: PERCEPERE, CON\u015eTIENTIZARE, INTERPRETARE\u201d<span class=\"read-more-link\"><a class=\"read-more\" href=\"https:\/\/ich.md\/?p=1425\">Read More<\/a><\/span><\/p>\n","protected":false},"author":2,"featured_media":0,"comment_status":"closed","ping_status":"open","sticky":false,"template":"","format":"standard","meta":[],"categories":[10],"tags":[],"_links":{"self":[{"href":"https:\/\/ich.md\/index.php?rest_route=\/wp\/v2\/posts\/1425"}],"collection":[{"href":"https:\/\/ich.md\/index.php?rest_route=\/wp\/v2\/posts"}],"about":[{"href":"https:\/\/ich.md\/index.php?rest_route=\/wp\/v2\/types\/post"}],"author":[{"embeddable":true,"href":"https:\/\/ich.md\/index.php?rest_route=\/wp\/v2\/users\/2"}],"replies":[{"embeddable":true,"href":"https:\/\/ich.md\/index.php?rest_route=%2Fwp%2Fv2%2Fcomments&post=1425"}],"version-history":[{"count":4,"href":"https:\/\/ich.md\/index.php?rest_route=\/wp\/v2\/posts\/1425\/revisions"}],"predecessor-version":[{"id":1487,"href":"https:\/\/ich.md\/index.php?rest_route=\/wp\/v2\/posts\/1425\/revisions\/1487"}],"wp:attachment":[{"href":"https:\/\/ich.md\/index.php?rest_route=%2Fwp%2Fv2%2Fmedia&parent=1425"}],"wp:term":[{"taxonomy":"category","embeddable":true,"href":"https:\/\/ich.md\/index.php?rest_route=%2Fwp%2Fv2%2Fcategories&post=1425"},{"taxonomy":"post_tag","embeddable":true,"href":"https:\/\/ich.md\/index.php?rest_route=%2Fwp%2Fv2%2Ftags&post=1425"}],"curies":[{"name":"wp","href":"https:\/\/api.w.org\/{rel}","templated":true}]}}