{"id":1557,"date":"2015-06-16T15:27:22","date_gmt":"2015-06-16T11:27:22","guid":{"rendered":"http:\/\/ich.md\/?p=1557"},"modified":"2015-06-16T15:27:22","modified_gmt":"2015-06-16T11:27:22","slug":"institutul-patrimoniului-cultural-ziua-usilor-deschise-chisinau-8-12-iunie-2015","status":"publish","type":"post","link":"https:\/\/ich.md\/?p=1557","title":{"rendered":"INSTITUTUL PATRIMONIULUI CULTURAL.  ZIUA U\u0218ILOR DESCHISE, CHI\u0218IN\u0102U, 8-12 IUNIE 2015"},"content":{"rendered":"<p style=\"text-align: center;\"><strong>INSTITUTUL PATRIMONIULUI CULTURAL. <\/strong><\/p>\n<p style=\"text-align: center;\"><strong>ZIUA U\u0218ILOR DESCHISE, CHI\u0218IN\u0102U, 8-12 IUNIE 2015<\/strong><\/p>\n<p><strong>\u00a0<\/strong><\/p>\n<p style=\"text-align: justify;\">\u00cen data de 8-12 iunie 2015, la Institutul Patrimoniului Cultural al Academiei de \u0218tiin\u021be a Moldovei, au fost desf\u0103\u0219urate Zilele U\u0219ilor Deschise, consacrate anivers\u0103rii a 69-a de la formarea primelor institute de cercetare.<\/p>\n<p style=\"text-align: justify;\">\u00cen contextul manifest\u0103rilor preconizate, cercet\u0103torii IPC au selectat cele mai recente publica\u021bii pentru a organiza expozi\u021bii de carte \u0219tiin\u021bific\u0103. Tradi\u021bional, standurile IPC au fost amenajate \u00een conformitate cu profilurile de cercetare ale IPC: <em>Arheologie<\/em>, <em>Etnologie<\/em>, <em>Studiul artelor<\/em>. Cercet\u0103torii au expus \u0219i cele trei reviste de specialitate, fondate de IPC \u0219i clasificate categoria B: \u201eRevista Arheologic\u0103\u201d, \u201eRevista de Etnologie \u0219i Culturologie\u201d, Revista \u201eARTA\u201d (Seria Arte vizuale \u0219i Seria Arte audiovizuale).<\/p>\n<p style=\"text-align: justify;\">Zilnic, institutul a fost vizitat de doritori de a face cuno\u0219tin\u021b\u0103 cu rezultatele cercet\u0103rilor din domeniul arheologiei, etnologiei \u0219i artelor, liceeni, masteranzi \u0219i studen\u021bi ai facult\u0103\u021bilor de profil (Facultatea de Istorie \u0219i Filozofie a Universit\u0103\u021bii de Stat din Moldova, Facultatea Industrie U\u0219oar\u0103 a Universit\u0103\u021bii Tehnice din Moldova \u0219.a.). Un loc aparte rezerv\u0103m vizitelor cercet\u0103torilor din alte institute de cercetare \u0219i muzee, care au avut posibilitate de a face cuno\u0219tin\u021b\u0103 cu realiz\u0103rile colegilor s\u0103i.<\/p>\n<p style=\"text-align: justify;\">Am fost vizita\u021bi \u0219i de cercet\u0103tori din afara \u021b\u0103rii. La 10 iunie 2015, Institutul Patrimoniului Cultural, \u00een parteneriat cu Ambasada Ungariei \u00een Republica Moldova \u0219i Academia de \u0218tiin\u021be a Ungariei, a organizat prima mas\u0103 rotund\u0103 moldo-ungar\u0103, consacrat\u0103 problemelor arheologiei evului mediu timpuriu \u00een Europa de Est. \u00cen cadru manifest\u0103rii, mesaje de salut au adresat prim vicepre\u0219edintele Academiei de \u0218tiin\u021be a Moldovei, acad. Ion TIGHINEANU, Excelen\u021ba Sa M\u00e1ty\u00e1s SZIL\u00c1GYI<strong>,<\/strong> Ambasadorul Ungariei \u00een Republica Moldova, directorul IPC dr. hab. Victor GHILA\u0218, primul director al IPC dr. hab. Valentin DERGACIOV, academician-coordonator al Sec\u021biei \u0218tiin\u021be Umanistice \u0219i Arte al A\u0218M dr. hab. Aurelian D\u0102NIL\u0102, directorul Centrului de Arheologie dr. hab. Oleg LEVI\u021aKI. Delega\u021bia Academiei de \u0218tiin\u021be din Ungaria a fost reprezentat\u0103 de \u0219apte arheologi. Impactul acestei vizite \u0219i for \u0219tiin\u021bific este unul deosebit, pun\u00e2ndu-se temelia unei colabor\u0103ri fructuoase \u00eentre dou\u0103 institute de cercetare \u00een domeniul arheologiei, etnologiei, artelor \u0219i valorific\u0103rii \u0219tiin\u021bifice a patrimoniului cultural.<\/p>\n<p style=\"text-align: justify;\">Pornind de la dimensiunea instructiv\u0103 \u0219i de unul din obiectivele principale ale societ\u0103\u021bii de ast\u0103zi \u2013 <strong><em>Educarea pro \u0219i prin patrimoniu<\/em><\/strong>, o aten\u021bie deosebit\u0103 a fost acordat\u0103 educa\u021biei tinerei genera\u021bii. Zeci de elevi de la Liceul Teoretic \u201eN. Gogol\u201d, Liceul Teatral din Chi\u0219in\u0103u, Liceul Teoretic \u201eA. Mateevici\u201d din or. Cricova (condu\u0219i de profesoara de istorie Ludmila Moisei) au f\u0103cut cuno\u0219tin\u021b\u0103 cu vestigiile arheologice ale \u021b\u0103rii. Arheologul Sergiu Bodean, cercet\u0103tor \u0219tiin\u021bific la Centrul de Arheologie al Institutului Patrimoniului Cultural al A\u0218M, a demonstrat c\u00e2teva din piesele recent descoperite \u00een cadrul campaniei arheologice din vara anului 2014 \u00een comuna Crihana Veche, raionul Cahul, organizat\u0103 de comun acord de Institutul Patrimoniului Cultural \u00een baza unui contract economic. Un interes aparte au suscitat fragmentele de vase de lut \u0219i unelte de silex, datate \u00een mileniul V \u00ee.Hr., descoperite l\u00e2ng\u0103 ora\u0219ul S\u00e2ngerei, Republica Moldova.<\/p>\n<p>Asemenea vizite at\u00e2t ale savan\u021bilor din str\u0103in\u0103tate la Institutul Patrimoniului Cultural, c\u00e2t \u0219i ale cercet\u0103torilor de la alte institute, tineri, liceeni \u0219.a., sunt foarte importante pentru dezvoltarea societ\u0103\u021bii \u0219i a \u0219tiin\u021bei.<\/p>\n<p>&nbsp;<\/p>\n<p style=\"text-align: right;\">Dr. Liliana Condraticova<\/p>\n<p style=\"text-align: right;\">\n<p style=\"text-align: justify;\"><a href=\"http:\/\/ich.md\/wp-content\/uploads\/2015\/06\/Ziua_Usilor_deschise_5.jpg\"><img decoding=\"async\" loading=\"lazy\" class=\"alignnone size-large wp-image-1558\" src=\"http:\/\/ich.md\/wp-content\/uploads\/2015\/06\/Ziua_Usilor_deschise_5-724x1024.jpg\" alt=\"Ziua_Usilor_deschise_5\" width=\"724\" height=\"1024\" \/><\/a><\/p>\n<p style=\"text-align: justify;\">\n<p style=\"text-align: justify;\">\n<p style=\"text-align: justify;\">\n<p style=\"text-align: justify;\"><a href=\"http:\/\/ich.md\/wp-content\/uploads\/2015\/06\/Ziua_Usilor_deschise_4.jpg\"><img decoding=\"async\" loading=\"lazy\" class=\"alignnone size-large wp-image-1559\" src=\"http:\/\/ich.md\/wp-content\/uploads\/2015\/06\/Ziua_Usilor_deschise_4-725x1024.jpg\" alt=\"Ziua_Usilor_deschise_4\" width=\"725\" height=\"1024\" \/><\/a><\/p>\n<p style=\"text-align: justify;\">\n<p style=\"text-align: justify;\"><a href=\"http:\/\/ich.md\/wp-content\/uploads\/2015\/06\/Ziua_Usilor_deschise_3.jpg\"><img decoding=\"async\" loading=\"lazy\" class=\"alignnone size-large wp-image-1560\" src=\"http:\/\/ich.md\/wp-content\/uploads\/2015\/06\/Ziua_Usilor_deschise_3-659x1024.jpg\" alt=\"Ziua_Usilor_deschise_3\" width=\"659\" height=\"1024\" \/><\/a><\/p>\n<p style=\"text-align: justify;\">\n<p style=\"text-align: justify;\"><a href=\"http:\/\/ich.md\/wp-content\/uploads\/2015\/06\/Ziua_Usilor_deschise_1.jpg\"><img decoding=\"async\" loading=\"lazy\" class=\"alignnone size-large wp-image-1561\" src=\"http:\/\/ich.md\/wp-content\/uploads\/2015\/06\/Ziua_Usilor_deschise_1-724x1024.jpg\" alt=\"Ziua_Usilor_deschise_1\" width=\"724\" height=\"1024\" \/><\/a><\/p>\n<p style=\"text-align: justify;\">\n<p style=\"text-align: justify;\"><a href=\"http:\/\/ich.md\/wp-content\/uploads\/2015\/06\/Ziua_Usilor_deschise_2.jpg\"><img decoding=\"async\" loading=\"lazy\" class=\"alignnone size-large wp-image-1562\" src=\"http:\/\/ich.md\/wp-content\/uploads\/2015\/06\/Ziua_Usilor_deschise_2-1024x724.jpg\" alt=\"Ziua_Usilor_deschise_2\" width=\"1024\" height=\"724\" \/><\/a><\/p>\n","protected":false},"excerpt":{"rendered":"<p>INSTITUTUL PATRIMONIULUI CULTURAL. ZIUA U\u0218ILOR DESCHISE, CHI\u0218IN\u0102U, 8-12 IUNIE 2015 \u00a0 \u00cen data de 8-12 iunie 2015, la Institutul Patrimoniului Cultural al Academiei de \u0218tiin\u021be<span class=\"read-more-link\"><a class=\"read-more\" href=\"https:\/\/ich.md\/?p=1557\">Read More<\/a><\/span><\/p>\n","protected":false},"author":2,"featured_media":0,"comment_status":"closed","ping_status":"open","sticky":false,"template":"","format":"standard","meta":[],"categories":[10],"tags":[],"_links":{"self":[{"href":"https:\/\/ich.md\/index.php?rest_route=\/wp\/v2\/posts\/1557"}],"collection":[{"href":"https:\/\/ich.md\/index.php?rest_route=\/wp\/v2\/posts"}],"about":[{"href":"https:\/\/ich.md\/index.php?rest_route=\/wp\/v2\/types\/post"}],"author":[{"embeddable":true,"href":"https:\/\/ich.md\/index.php?rest_route=\/wp\/v2\/users\/2"}],"replies":[{"embeddable":true,"href":"https:\/\/ich.md\/index.php?rest_route=%2Fwp%2Fv2%2Fcomments&post=1557"}],"version-history":[{"count":1,"href":"https:\/\/ich.md\/index.php?rest_route=\/wp\/v2\/posts\/1557\/revisions"}],"predecessor-version":[{"id":1563,"href":"https:\/\/ich.md\/index.php?rest_route=\/wp\/v2\/posts\/1557\/revisions\/1563"}],"wp:attachment":[{"href":"https:\/\/ich.md\/index.php?rest_route=%2Fwp%2Fv2%2Fmedia&parent=1557"}],"wp:term":[{"taxonomy":"category","embeddable":true,"href":"https:\/\/ich.md\/index.php?rest_route=%2Fwp%2Fv2%2Fcategories&post=1557"},{"taxonomy":"post_tag","embeddable":true,"href":"https:\/\/ich.md\/index.php?rest_route=%2Fwp%2Fv2%2Ftags&post=1557"}],"curies":[{"name":"wp","href":"https:\/\/api.w.org\/{rel}","templated":true}]}}