{"id":1564,"date":"2015-06-16T23:12:45","date_gmt":"2015-06-16T19:12:45","guid":{"rendered":"http:\/\/ich.md\/?p=1564"},"modified":"2015-06-16T23:22:39","modified_gmt":"2015-06-16T19:22:39","slug":"masa-rotunda-moldo-ungara","status":"publish","type":"post","link":"https:\/\/ich.md\/?p=1564","title":{"rendered":"MAS\u0102 ROTUND\u0102 MOLDO-UNGAR\u0102"},"content":{"rendered":"<p style=\"text-align: justify;\">Institutul Patrimoniului Cultural al A\u015eM, \u00een colaborare cu Ambasada Ungariei \u00een Republica Moldova \u015fi Academia de \u015etiin\u0163e a Ungariei au organizat prima Mas\u0103 rotund\u0103 moldo-ungar\u0103 cu genericul \u201e<strong>Arheologia evului mediu timpuriu \u00een spa\u0163iul Europei de Est\u201d.<\/strong><\/p>\n<p style=\"text-align: justify;\">\u00a0La eveniment au participat prim-vicepre\u015fedintele A\u015eM, acad. Ion Tighineanu, Ambasadorul Ungariei \u00een Republica Moldova, E.S. Matyas Szilagyi.Manifestarea a \u00eentrunit cercet\u0103tori din domeniul arheologiei, etnologiei, artelor din Moldova, Ungaria, Ucraina, de la Institutul Patrimoniului Cultural, Muzeul Na\u0163ional de Istorie a Moldovei, \u015ecoala superioar\u0103 de antropologie etc.<\/p>\n<p style=\"text-align: justify;\">\u00a0Directorul Institutului Patrimoniului Cultural al A\u015eM, dr.hab. Victor Ghila\u015f, a subliniat \u00een deschiderea evenimentului continuitatea \u00een rela\u0163iile interinstitu\u0163ionale, colaborare cu o istorie mai veche, care, de fapt a \u015fi generat aceast\u0103 prim\u0103 \u00eent\u00e2lnire a cercet\u0103torilor din Republica Moldova \u015fi Ungaria, axat\u0103 pe problemele arheologiei. Necesitatea organiz\u0103rii acestui for \u015ftiin\u0163ific este focusat\u0103 pe evaluarea unui \u015fir de probleme din domeniul arheologiei, de interesul manifestat fa\u0163\u0103 de numeroase date informa\u0163ionale din domeniu.<\/p>\n<p style=\"text-align: justify;\">\u00cen numele conducerii Academiei de \u015etiin\u021be a Moldovei, un mesaj de salut a adresat prim-vicepre\u015fedintele A\u015eM, acad. Ion Tighineanu. Domnia Sa a salutat prezen\u0163a Ambasadorului Ungariei \u00een Republica Moldova, E.S. M\u00e1ty\u00e1s Szilagyi, mul\u0163umindu-i pentru suportul acordat \u00een organizarea acestui eveniment \u00een premier\u0103 \u00een incinta Forului \u015ftiin\u0163ific suprem de la Chi\u015fin\u0103u. A salutat, de asemenea, prezen\u0163a membrilor delega\u0163iei Academiei de \u015etiin\u0163e a Ungariei, dar \u015fi a reprezentan\u0163ilor structurilor academice \u015fi universitare din Republica Moldova \u015fi Ucraina la p<strong>rima Mas\u0103 rotund\u0103 moldo-ungar\u0103 \u00een domeniul Arheologiei perioadei evului mediu timpuriu din Europa de Est<\/strong>.<\/p>\n<p style=\"text-align: justify;\">\u00a0Academicianul a subliniat c\u0103 rela\u0163iile dintre academiile de \u015ftiin\u0163e a Moldovei \u015fi Ungariei au demarat prin acel prim acord, semnat \u00eenc\u0103 la \u00eenceputul anilor \u201990 ai secolului trecut. Ast\u0103zi rela\u0163iile de colaborare se extind \u00een diverse dimensiuni gra\u0163ie particip\u0103rii comune \u00een programele comunitare Cadru 7 \u015fi Orizont-2020. \u00cen acest context, prim-vicepre\u015fedintele Tighineanu a exprimat aprecieri pentru faptul c\u0103, recent, la Programul European Orizont-2020 s-a asociat cu succes \u015fi Ucraina, iar participarea reprezentan\u0163ilor din cele trei \u0163\u0103ri amplific\u0103 \u015fi mai mult importan\u0163a evenimentului. Acad. Tighineanu a exprimat certitudinea c\u0103 \u00een rezultatul schimbului de informa\u0163ii \u015fi discu\u0163iilor vor fi ini\u0163iate noi proiecte regionale \u00een domeniul arheologiei diferitor epoci istorice, precum \u015fi \u00een domeniul artelor vizuale \u015fi audiovizuale, al etnologiei \u015fi antropologiei culturale.<\/p>\n<p style=\"text-align: justify;\">\u00a0Excelen\u0163a Sa, Ambasadorul Ungariei, Matyas Szilagyi a subliniat onoarea care i-a revenit de a sus\u0163ine organizarea primei mese rotunde, la Academia de \u015etiin\u0163e a Moldovei, a istoricilor unguri \u015fi moldoveni, a arheologilor preocupa\u0163i de cercetarea problemelor arheologiei medievale timpurii. \u201eFiecare fa\u0163et\u0103, latur\u0103 a colabor\u0103rii este foarte important\u0103 pentru \u0163\u0103rile noastre, pentru popoarele noastre, originea culturii noastre, a limbii \u015fi obiceiurilor noastre. Noi trebuie s\u0103 cunoa\u015ftem de unde venim \u015fi doar cunosc\u00e2nd toate detaliile istorice privind trecutul nostru, vom putea determina \u015fi viitorul nostru. trecutul este foarte important \u015fi pentru educa\u0163ia tinerilor\u201d, a punctat diplomatul ungar, relief\u00e2nd valoarea educa\u0163ional\u0103 a evenimentului. Excelen\u0163a Sa consider\u0103 semnificativ faptul c\u0103 dup\u0103 proclamarea independentei Republicii Moldova este organizat\u0103 pentru prima dat\u0103 o asemenea manifestare \u015ftiin\u0163ific\u0103, foarte actual\u0103 \u015fi important\u0103 deopotriv\u0103. Ambasadorul \u015fi-a exprimat speran\u0163a c\u0103 \u00een viitor atare \u00eent\u00e2lniri vor deveni o tradi\u0163ie, respectiv \u015fi rezultatele vor fi mai numeroase \u015fi exhaustive.<\/p>\n<p style=\"text-align: justify;\">\u00a0Oficialul ungur a asigurat c\u0103 este deschis \u015fi \u00een continuare pentru colaborare, pentru a acorda ajutorul necesar pentru fortificarea acestor rela\u0163ii \u00eentre \u0163\u0103ri, pentru realizarea unor programe comune de cercetare, necesare dezvoltarea \u015ftiin\u0163ei, mai ales \u00een aceast\u0103 perioad\u0103 a globaliz\u0103rii.<\/p>\n<p style=\"text-align: justify;\">\u00a0Cuvinte de salut au adresat dr. hab. Valentin Dergaciov, primul director al Institutului Patrimoniului Cultural, care a stat la temelia acestor rela\u0163ii moldo-ungare \u00een domeniul arheologiei \u015fi care a semnat primul acord de colaborare \u00eentre cele dou\u0103 institute. Dl. Dergaciov a subliniat aspectul educa\u0163ional \u015fi instructiv al acestui for \u015ftiin\u0163ific, care contribuie la extinderea orizonturilor de cunoa\u015ftere privind istoria acestor dou\u0103 popoare, acestor dou\u0103 culturi, care din punct de vedere arheologic, au multe tangen\u0163e \u015fi care trebuie explorate \u00een continuare.<\/p>\n<p style=\"text-align: justify;\">\u00a0Pe marginea evenimentului s-a referit \u015fi dr. hab. Aurelian D\u0103nil\u0103, academician-coordonator al Sec\u0163iei \u015ftiin\u0163e umanistic \u015fi arte a A\u015eM, care a subliniat necesitatea organiz\u0103rii unor asemenea foruri \u015ftiin\u0163ifice nu doar \u00een domeniul arheologiei, dar \u015fi al artei muzicale, alte arte audiovizuale, astfel fiind extins arealul de cercetare.<\/p>\n<p style=\"text-align: justify;\">\u00a0\u00cen cadrul mesei rotunde au fost luate \u00een dezbatere aspecte, care denot\u0103 interesul deosebit al cercet\u0103torilor din \u0163\u0103rile participante privind multitudinea de probleme ce vizeaz\u0103 posibilit\u0103\u0163ile de cooperare moldo-ungar\u0103 \u00een domeniul arheologiei diferitor epoci istorice. Cercet\u0103torii s-au ar\u0103tat preocupa\u0163i de problemele actuale ale arheologiei vechi ungare \u015fi istoriei originii str\u0103mo\u015filor ungurilor, influen\u0163e culturale \u00een spa\u0163iul carpato-nistrean, vestigii ale comunit\u0103\u0163ilor ungare, monumentele arheologice din secolele IX\u2013X din Moldova \u015fi Muntenia \u015fi problema interac\u0163iunii acestor teritorii cu bazinul carpatic etc.<\/p>\n<p style=\"text-align: justify;\">Evenimentul moldo-ungar, organizat de comun acord \u015fi cu sprijinul Ambasadei Ungariei \u00een Republica Moldova, este o premier\u0103 pentru institu\u0163iile de cercetare din ambele \u0163\u0103ri, este o manifestare \u015ftiin\u0163ific\u0103 consacrat\u0103 problemelor evului mediu timpuriu din Europa de Est, care va avea un impact special \u00een domeniul studierii problemelor legate de arheologie evului mediu timpuriu, va fortifica rela\u0163iile de colaborare \u00eentre ambele \u0163\u0103ri \u015fi \u00eentre institutele de cercetare.<\/p>\n<p style=\"text-align: right;\">\u00a0 \u00a0 \u00a0 \u00a0 \u00a0 \u00a0 \u00a0 \u00a0 \u00a0 \u00a0 \u00a0 \u00a0 \u00a0 \u00a0 \u00a0 \u00a0 \u00a0 \u00a0 \u00a0 \u00a0 \u00a0 \u00a0 \u00a0 \u00a0 \u00a0 \u00a0 \u00a0 \u00a0 \u00a0 \u00a0 \u00a0 \u00a0 \u00a0 \u00a0 \u00a0 \u00a0 Eugenia Tofan, Centrul Media al ASM \u00a0 \u00a0 \u00a0 \u00a0 \u00a0 \u00a0 \u00a0 \u00a0 \u00a0 \u00a0 \u00a0 \u00a0 \u00a0 \u00a0 \u00a0 \u00a0 \u00a0 \u00a0 \u00a0 \u00a0 \u00a0 \u00a0 \u00a0 \u00a0 \u00a0 \u00a0 \u00a0 \u00a0 \u00a0 \u00a0 \u00a0 \u00a0 \u00a0 \u00a0 \u00a0 \u00a0 Sursa:\u00a0<a href=\"http:\/\/asm.md\/?go=noutati_detalii&amp;n=6803&amp;new_language=0\">http:\/\/asm.md\/go=noutati_detali&amp;n=6803&amp;new_language=0<\/a><\/p>\n<p style=\"text-align: justify;\">\u00a0<a href=\"http:\/\/ich.md\/wp-content\/uploads\/2015\/06\/1.jpg\"><img decoding=\"async\" loading=\"lazy\" class=\"alignnone size-large wp-image-1565\" src=\"http:\/\/ich.md\/wp-content\/uploads\/2015\/06\/1-1024x728.jpg\" alt=\"1\" width=\"1024\" height=\"728\" \/><\/a><\/p>\n<p style=\"text-align: justify;\"><a href=\"http:\/\/ich.md\/wp-content\/uploads\/2015\/06\/2.jpg\"><img decoding=\"async\" loading=\"lazy\" class=\"alignnone size-large wp-image-1566\" src=\"http:\/\/ich.md\/wp-content\/uploads\/2015\/06\/2-1024x683.jpg\" alt=\"2\" width=\"1024\" height=\"683\" \/><\/a><\/p>\n<p style=\"text-align: justify;\"><a href=\"http:\/\/ich.md\/wp-content\/uploads\/2015\/06\/3.jpg\"><img decoding=\"async\" loading=\"lazy\" class=\"alignnone size-large wp-image-1567\" src=\"http:\/\/ich.md\/wp-content\/uploads\/2015\/06\/3-1024x683.jpg\" alt=\"3\" width=\"1024\" height=\"683\" \/><\/a><\/p>\n<p style=\"text-align: justify;\"><a href=\"http:\/\/ich.md\/wp-content\/uploads\/2015\/06\/4.jpg\"><img decoding=\"async\" loading=\"lazy\" class=\"alignnone size-large wp-image-1568\" src=\"http:\/\/ich.md\/wp-content\/uploads\/2015\/06\/4-1024x730.jpg\" alt=\"4\" width=\"1024\" height=\"730\" \/><\/a><\/p>\n<p style=\"text-align: justify;\"><a href=\"http:\/\/ich.md\/wp-content\/uploads\/2015\/06\/5.jpg\"><img decoding=\"async\" loading=\"lazy\" class=\"alignnone size-large wp-image-1569\" src=\"http:\/\/ich.md\/wp-content\/uploads\/2015\/06\/5-1024x718.jpg\" alt=\"5\" width=\"1024\" height=\"718\" \/><\/a><\/p>\n","protected":false},"excerpt":{"rendered":"<p>Institutul Patrimoniului Cultural al A\u015eM, \u00een colaborare cu Ambasada Ungariei \u00een Republica Moldova \u015fi Academia de \u015etiin\u0163e a Ungariei au organizat prima Mas\u0103 rotund\u0103 moldo-ungar\u0103<span class=\"read-more-link\"><a class=\"read-more\" href=\"https:\/\/ich.md\/?p=1564\">Read More<\/a><\/span><\/p>\n","protected":false},"author":2,"featured_media":0,"comment_status":"closed","ping_status":"open","sticky":false,"template":"","format":"standard","meta":[],"categories":[10],"tags":[],"_links":{"self":[{"href":"https:\/\/ich.md\/index.php?rest_route=\/wp\/v2\/posts\/1564"}],"collection":[{"href":"https:\/\/ich.md\/index.php?rest_route=\/wp\/v2\/posts"}],"about":[{"href":"https:\/\/ich.md\/index.php?rest_route=\/wp\/v2\/types\/post"}],"author":[{"embeddable":true,"href":"https:\/\/ich.md\/index.php?rest_route=\/wp\/v2\/users\/2"}],"replies":[{"embeddable":true,"href":"https:\/\/ich.md\/index.php?rest_route=%2Fwp%2Fv2%2Fcomments&post=1564"}],"version-history":[{"count":7,"href":"https:\/\/ich.md\/index.php?rest_route=\/wp\/v2\/posts\/1564\/revisions"}],"predecessor-version":[{"id":1576,"href":"https:\/\/ich.md\/index.php?rest_route=\/wp\/v2\/posts\/1564\/revisions\/1576"}],"wp:attachment":[{"href":"https:\/\/ich.md\/index.php?rest_route=%2Fwp%2Fv2%2Fmedia&parent=1564"}],"wp:term":[{"taxonomy":"category","embeddable":true,"href":"https:\/\/ich.md\/index.php?rest_route=%2Fwp%2Fv2%2Fcategories&post=1564"},{"taxonomy":"post_tag","embeddable":true,"href":"https:\/\/ich.md\/index.php?rest_route=%2Fwp%2Fv2%2Ftags&post=1564"}],"curies":[{"name":"wp","href":"https:\/\/api.w.org\/{rel}","templated":true}]}}