{"id":1644,"date":"2015-09-15T09:46:51","date_gmt":"2015-09-15T05:46:51","guid":{"rendered":"http:\/\/ich.md\/?p=1644"},"modified":"2015-09-15T09:47:22","modified_gmt":"2015-09-15T05:47:22","slug":"1644","status":"publish","type":"post","link":"https:\/\/ich.md\/?p=1644","title":{"rendered":"MAS\u0102 ROTUND\u0102"},"content":{"rendered":"<p style=\"text-align: center;\"><strong>CENTRUL STUDIUL ARTELOR <\/strong><\/p>\n<p style=\"text-align: center;\"><strong>AL INSTITUTULUI PATRIMONIULUI CULTURAL <\/strong><\/p>\n<p style=\"text-align: center;\"><strong>AL ACADEMIEI DE \u015eTIIN\u0162E A MOLDOVEI\u00a0<\/strong><strong>anun\u0163\u0103 organizarea \u00een cadrul Atelierului<\/strong><\/p>\n<p style=\"text-align: center;\"><strong>\u201eCONDI\u0162IA CRITICII DE ART\u0102 \u00ceN CONTEXTUL TIMPULUI\u201d <\/strong><\/p>\n<p style=\"text-align: center;\"><strong>a mesei rotunde cu genericul\u00a0<\/strong><strong>\u201eCRITICA DE ART\u0102 \u015eI PROVOC\u0102RILE \u00ceNCEPUTULUI DE MILENIU\u201d<\/strong><\/p>\n<p style=\"text-align: justify;\"><strong>\u00a0<\/strong><strong>Data desf\u0103\u015fur\u0103rii: <\/strong>6 octombrie 2015<strong>.<\/strong><\/p>\n<p style=\"text-align: justify;\"><strong>Locul desf\u0103\u015fur\u0103rii: <\/strong>Chi\u015fin\u0103u, bd. \u015etefan cel Mare \u015fi Sf\u00e2nt, 1.<\/p>\n<p style=\"text-align: justify;\">Se vor lua \u00een dezbatere problemele actuale privind schimbarea rolului \u015fi a statutului criticii de art\u0103 la \u00eenceputul secolului al XXI-lea, eviden\u0163iate particularit\u0103\u0163ile demersului critic \u00een artele vizuale \u015fi audiovizuale, lansate idei prospective despre rostul criticii moderne \u00eentr-un nou context socio-cultural.<\/p>\n<p style=\"text-align: justify;\">Doritorii de a participa la masa rotund\u0103 sunt solicita\u0163i s\u0103 transmit\u0103 p\u00e2n\u0103 cel t\u00e2rziu 30 septembrie tema discursului, cu men\u0163iunea sec\u0163iei (arte vizuale sau arte audiovizuale), date generale despre participant (numele, prenumele, titlul \u015fi gradul \u015ftiin\u0163ific, func\u0163ia \u015fi locul de munc\u0103, date de contact \u2013 telefon, e-mail).<\/p>\n<p style=\"text-align: justify;\">Adresa de contact: <a href=\"mailto:patrimoniu.cultural.asm@gmail.com\">patrimoniu.cultural.asm@gmail.com<\/a>; <a href=\"mailto:liliana.condraticova@mail.ru\">liliana.condraticova@mail.ru<\/a><\/p>\n<p style=\"text-align: justify;\">Tel.: 0 22 270602<\/p>\n<p>&nbsp;<\/p>\n","protected":false},"excerpt":{"rendered":"<p>CENTRUL STUDIUL ARTELOR AL INSTITUTULUI PATRIMONIULUI CULTURAL AL ACADEMIEI DE \u015eTIIN\u0162E A MOLDOVEI\u00a0anun\u0163\u0103 organizarea \u00een cadrul Atelierului \u201eCONDI\u0162IA CRITICII DE ART\u0102 \u00ceN CONTEXTUL TIMPULUI\u201d a<span class=\"read-more-link\"><a class=\"read-more\" href=\"https:\/\/ich.md\/?p=1644\">Read More<\/a><\/span><\/p>\n","protected":false},"author":2,"featured_media":0,"comment_status":"closed","ping_status":"open","sticky":false,"template":"","format":"standard","meta":[],"categories":[10],"tags":[],"_links":{"self":[{"href":"https:\/\/ich.md\/index.php?rest_route=\/wp\/v2\/posts\/1644"}],"collection":[{"href":"https:\/\/ich.md\/index.php?rest_route=\/wp\/v2\/posts"}],"about":[{"href":"https:\/\/ich.md\/index.php?rest_route=\/wp\/v2\/types\/post"}],"author":[{"embeddable":true,"href":"https:\/\/ich.md\/index.php?rest_route=\/wp\/v2\/users\/2"}],"replies":[{"embeddable":true,"href":"https:\/\/ich.md\/index.php?rest_route=%2Fwp%2Fv2%2Fcomments&post=1644"}],"version-history":[{"count":2,"href":"https:\/\/ich.md\/index.php?rest_route=\/wp\/v2\/posts\/1644\/revisions"}],"predecessor-version":[{"id":1646,"href":"https:\/\/ich.md\/index.php?rest_route=\/wp\/v2\/posts\/1644\/revisions\/1646"}],"wp:attachment":[{"href":"https:\/\/ich.md\/index.php?rest_route=%2Fwp%2Fv2%2Fmedia&parent=1644"}],"wp:term":[{"taxonomy":"category","embeddable":true,"href":"https:\/\/ich.md\/index.php?rest_route=%2Fwp%2Fv2%2Fcategories&post=1644"},{"taxonomy":"post_tag","embeddable":true,"href":"https:\/\/ich.md\/index.php?rest_route=%2Fwp%2Fv2%2Ftags&post=1644"}],"curies":[{"name":"wp","href":"https:\/\/api.w.org\/{rel}","templated":true}]}}