{"id":1647,"date":"2015-09-22T12:09:26","date_gmt":"2015-09-22T08:09:26","guid":{"rendered":"http:\/\/ich.md\/?p=1647"},"modified":"2015-09-22T12:09:26","modified_gmt":"2015-09-22T08:09:26","slug":"maria-biesu-posesoarea-unei-voci-dumnezeiesti-o-vesnicie-care-ne-va-onora-pe-toti","status":"publish","type":"post","link":"https:\/\/ich.md\/?p=1647","title":{"rendered":"MARIA BIE\u015eU &#8211; POSESOAREA UNEI VOCI DUMNEZEIE\u015eTI, O VE\u015eNICIE CARE NE VA ONORA PE TO\u0162I"},"content":{"rendered":"<p style=\"text-align: justify;\">Academia de \u015etiin\u0163e a Moldovei a comemorat-o, \u00een cadrul unei mese rotunde, pe Primadona Operei Na\u0163ionale &#8211; Maria Bie\u015fu, care, anul acesta, ar fi \u00eemplinit 80 de ani de la na\u0219tere.<\/p>\n<p style=\"text-align: justify;\">Oameni de \u015ftiin\u0163\u0103 \u015fi cultur\u0103, colegii de la Teatrul Na\u0163ional de Oper\u0103 \u015fi Balet, studen\u0163i, admiratori ai crea\u0163iei Mariei Bie\u015fu, au venit la eveniment pentru a-i aduce un omagiu, celei mai bune Cio-Cio-San,\u00a0 care a dus faima \u0163\u0103rii noastre \u00een \u00eentreaga\u00a0 lume \u015fi a r\u0103mas \u00een memoria celor pasiona\u0163i de art\u0103 \u015fi frumos.<\/p>\n<p style=\"text-align: justify;\">La evenimentul organizat de Institutul Patrimoniului Cultural al A\u015eM au participat prim-vicepre\u015fedintele A\u015eM, acad. Ion Tighineanu, acad. Valeriu Matei, directorul Institutului Cultural Rom\u00e2n \u201eMihai Eminescu\u201d, Chi\u015fin\u0103u, acad. Gheorghe Mustea. compozitor, prim-dirijor al Orchestrei Simfonice a Companiei \u201eTeleradio-Moldova\u201d, artistul poporului Mihail Munteanu, artistul poporului Petric\u0103 Racovi\u0163\u0103 \u015f.a.<\/p>\n<p style=\"text-align: justify;\">Participan\u0163ii la eveniment au \u0163inut un minut de reculegere \u00een memoria celebrului actor Mihai Volontir, care s-a stins din via\u0163\u0103 \u00een diminea\u0163a zile de 15 septembrie.<\/p>\n<p style=\"text-align: justify;\">\u00a0\u00cen deschiderea manifest\u0103rii, dr. hab., prof. Aurelian D\u0103nil\u0103, profesor universitar, coordonator al Sec\u0163iei \u015etiin\u0163e Umanistice \u015fi Arte, pre\u015fedinte al Uniunii Muzicienilor, a subliniat importan\u0163a manifest\u0103rii dedicate personalit\u0103\u0163ii Maria Bie\u015fu &#8211; marea c\u00e2nt\u0103rea\u0163\u0103 care a dus faima \u0163\u0103rii noastre departe de hotarele ei \u015fi care a demonstrat lumii \u00eentregi c\u0103 exist\u0103 o \u015fcoal\u0103 vocal\u0103 extraordinar\u0103 \u00een acest spa\u0163iu mioritic dintre Prut \u015fi Nistru. \u00cen contextul manifest\u0103rilor dedicate sopranei, Domnia Sa a men\u0163ionat \u015fi desf\u0103\u015furarea celei de-a XXIII-a edi\u0163ii a Festivalului \u201eMaria Bie\u015fu\u201d, la organizarea c\u0103ruia au depus eforturi sus\u0163inute Uniunea Muzicienilor, Ministerul Culturii \u015fi Teatrul Na\u0163ional de Oper\u0103, dar \u015fi editarea unui album-studiu, consacrat Mariei Bie\u015fu care urma s\u0103 apar\u0103 zilele acestea.\u00a0 \u201eCeea ce am avut, pe parcursul ultimilor 50 de ani \u00een istoria culturii noastre muzicale, nu ar fi fost at\u00e2t de \u00eensemnat, dac\u0103 nu ar fi fost Maria Bie\u015fu\u201d, a declarat Aurelian D\u0103nil\u0103.<\/p>\n<p style=\"text-align: justify;\">\u00a0\u00cen numele conducerii Academiei de \u015etiin\u0163e a Moldovei, prim-vicepre\u015fedintele A\u015eM, acad. Ion Tighineanu a salut prezen\u021ba la evenimentul comemorativ dedicat regretatei, dar nu uitatei Primadone Maria Bie\u015fu, personalitate notorie a neamului nostru. \u201eMaria Bie\u0219u s-a manifestat \u00een multiple domenii, edificatoare a celor mai bune tradi\u0163ii ale artei vocale academice din Europa, o personalitate distinct\u0103 \u015fi ponderat\u0103 a societ\u0103\u021bii noastre \u015fi un Membru de Onoare remarcabil al Academiei de \u015etiin\u0163e. \u00cen toate aceste activit\u0103\u0163i, soprana a dat dovad\u0103 de iscusin\u0163\u0103, perseveren\u0163\u0103, noble\u0163e \u0219i inteligen\u0163\u0103\u201d, a remarcat prim-vicepre\u015fedintele A\u015eM. Academicianul a specificat c\u0103 despre performan\u0163a sa vorbe\u015fte num\u0103rul impresionant de distinc\u0163ii \u015fi titluri onorifice, precum \u015fi rezonan\u0163a particip\u0103rii distinsei soprane la diverse concursuri interna\u0163ionale. \u201eCa \u015fi domniile voastre, am avut fericirea s\u0103 o cunosc, s\u0103 \u00eei admir presta\u0163ia incredibil\u0103 \u0219i s\u0103 con\u015ftientizez valoarea sa pentru umanitate\u201d, a declarat Domnia Sa. A dorit mult succes \u00een realizarea agendei mesei rotunde, organizat\u0103 \u00een Anul Interna\u0163ional al Luminii \u015fi a \u00eendemnat ca prin activitatea de zi cu zi a fiec\u0103ruia s\u0103 fie adus\u0103 c\u00e2t mai mult\u0103 lumin\u0103 \u015fi c\u00e2t mai mult optimism \u00een sufletele oamenilor, a\u015fa cu a f\u0103cut-o \u00eentotdeauna celebra sopran\u0103 Maria Bie\u015fu.<\/p>\n<p style=\"text-align: justify;\">\u201eDe multe ori m\u0103 g\u00e2ndesc \u015fi \u00eemi pare r\u0103u, regret foarte mult c\u0103 ea nu este cu noi, pentru c\u0103 Maria a fost \u015fi un camerton pentru oper\u0103, ea nu permitea niciodat\u0103 ca \u00een scen\u0103 s\u0103 fie ceva mediocru, nu permitea la festival s\u0103 participe o c\u00e2nt\u0103rea\u0163\u0103 care nu \u015ftie parti\u0163ia\u201d, a relevat artistul poporului Mihail Munteanu. C\u00e2nt\u0103re\u0163ul a m\u0103rturisit c\u0103 numele Mariei Bie\u015fu \u00eentotdeauna aducea faim\u0103 \u0163\u0103rii.\u00a0 De\u015fi a avut mai multe propuneri \u015fi invita\u0163ii \u00een alte teatre, soprana a r\u0103mas a fi un patriot al \u0163\u0103rii \u015fi o devotat\u0103 a teatrului na\u0163ional. \u201ePe vremea Mariei Bie\u015fu a fost o perioada de aur a operei\u201d, \u00ee\u015fi aminte\u015fte tenorul.<\/p>\n<p style=\"text-align: justify;\">\u00a0Salut\u00e2nd asisten\u0163a, \u00een numele Institutului Cultural Rom\u00e2n \u201eMihai Eminescu\u201d, Chi\u015fin\u0103u, acad. Valeriu Matei a exprimat pl\u0103cerea de a asist\u0103m la comemorarea unei mari artiste lirice, a scenei lirice, Maria Bie\u015fu. A constat cu triste\u0163e c\u0103 Maria Bie\u015fu este deja o ve\u015fnicie, dar o ve\u015fnicie care ne va onora pe to\u0163i \u00een sensul c\u0103 ne las\u0103 un patrimoniu deosebit. \u201eMaria Bie\u015fu a fost o interpret\u0103 liric\u0103 de referin\u0163\u0103 pentru \u00eentreaga cultur\u0103 muzical\u0103 rom\u00e2neasc\u0103\u201d, a remarcat academicianul.<\/p>\n<p style=\"text-align: justify;\">\u00a0Pentru acad. Mihai Cimpoi a fost o deosebit\u0103 pl\u0103cere s\u0103 evoce tipul neasem\u0103nat al Mariei Bie\u015fu, \u00een care a fost \u00eembinat organic m\u0103re\u0163ia ei cu simplitatea, dar \u015fi cu fermitatea \u00een anumite momente, fermitate pe care a manifestat-o atunci c\u00e2nd a \u00eenceput lupta pentru limba rom\u00e2n\u0103.<\/p>\n<p style=\"text-align: justify;\">\u00a0\u00cen cadrul evenimentului au fost prezentate \u015fi dou\u0103 comunic\u0103ri \u015ftiin\u0163ifice. \u00cen expunerea sa, dr. Parascovia Rotaru a relatat despre fa\u0163etele voca\u0163iei Mariei Bie\u015fu. \u201eA iubi \u00eenseamn\u0103 a jertfi\u201d,\u00a0 iar Maria Bie\u015fu s-a jertfit tot timpul, a men\u0163ionat autoarea. Doctorul \u00een studiul artelor,Vasile Chiseli\u0163\u0103 a conferen\u0163iat despre roman\u0163a \u00een repertoriul cameral al Primadonei. Domnia Sa a propus analizei \u015fi audierii trei dintre roman\u0163ele interpretate de nemuritoarea Maria Bie\u015fu.<\/p>\n<p style=\"text-align: justify;\">\u00a0Omagii au fost aduse \u015fi de poetul Iulian Filip, care a afirmat c\u0103 Maria Bie\u015fu este posesoarea unei voci dumnezeie\u015fti, personalitatea care a oferit un model de cutezan\u0163\u0103. Compozitorul-academician Gheorghe Mustea a reliefat personalitatea complex\u0103 a sopranei, talentul \u015fi m\u0103iestria ei, sufletul generos care ne face \u015fi pe noi s\u0103 ne consider\u0103m noroco\u015fi c\u0103 am avut o valoare, precum Maria Bie\u015fu.<\/p>\n<p style=\"text-align: justify;\">\u00a0Primadona Operei Na\u021bionale, Maria Bie\u0219u, n\u0103scut\u0103 la 3 august 1935, \u00een satul Volintiri, raionul \u0218tefan Vod\u0103, a trecut la cele ve\u015fnice la data de 16 mai 2012. La 18 mai a aceluia\u015fi an, Guvernul Republicii Moldova a decis acordarea Teatrului Na\u0163ional de Oper\u0103 \u015fi Balet numele \u201eMaria Bie\u015fu\u201d.<\/p>\n<p>&nbsp;<\/p>\n<p style=\"text-align: right;\">Eugenia Tofan,<\/p>\n<p style=\"text-align: right;\">Centrul Media al A\u015eM<\/p>\n<p>&nbsp;<\/p>\n","protected":false},"excerpt":{"rendered":"<p>Academia de \u015etiin\u0163e a Moldovei a comemorat-o, \u00een cadrul unei mese rotunde, pe Primadona Operei Na\u0163ionale &#8211; Maria Bie\u015fu, care, anul acesta, ar fi \u00eemplinit<span class=\"read-more-link\"><a class=\"read-more\" href=\"https:\/\/ich.md\/?p=1647\">Read More<\/a><\/span><\/p>\n","protected":false},"author":2,"featured_media":0,"comment_status":"closed","ping_status":"open","sticky":false,"template":"","format":"standard","meta":[],"categories":[10],"tags":[],"_links":{"self":[{"href":"https:\/\/ich.md\/index.php?rest_route=\/wp\/v2\/posts\/1647"}],"collection":[{"href":"https:\/\/ich.md\/index.php?rest_route=\/wp\/v2\/posts"}],"about":[{"href":"https:\/\/ich.md\/index.php?rest_route=\/wp\/v2\/types\/post"}],"author":[{"embeddable":true,"href":"https:\/\/ich.md\/index.php?rest_route=\/wp\/v2\/users\/2"}],"replies":[{"embeddable":true,"href":"https:\/\/ich.md\/index.php?rest_route=%2Fwp%2Fv2%2Fcomments&post=1647"}],"version-history":[{"count":1,"href":"https:\/\/ich.md\/index.php?rest_route=\/wp\/v2\/posts\/1647\/revisions"}],"predecessor-version":[{"id":1648,"href":"https:\/\/ich.md\/index.php?rest_route=\/wp\/v2\/posts\/1647\/revisions\/1648"}],"wp:attachment":[{"href":"https:\/\/ich.md\/index.php?rest_route=%2Fwp%2Fv2%2Fmedia&parent=1647"}],"wp:term":[{"taxonomy":"category","embeddable":true,"href":"https:\/\/ich.md\/index.php?rest_route=%2Fwp%2Fv2%2Fcategories&post=1647"},{"taxonomy":"post_tag","embeddable":true,"href":"https:\/\/ich.md\/index.php?rest_route=%2Fwp%2Fv2%2Ftags&post=1647"}],"curies":[{"name":"wp","href":"https:\/\/api.w.org\/{rel}","templated":true}]}}