{"id":1666,"date":"2015-10-01T09:21:43","date_gmt":"2015-10-01T05:21:43","guid":{"rendered":"http:\/\/ich.md\/?p=1666"},"modified":"2015-10-01T09:21:43","modified_gmt":"2015-10-01T05:21:43","slug":"simpozion","status":"publish","type":"post","link":"https:\/\/ich.md\/?p=1666","title":{"rendered":"SIMPOZION"},"content":{"rendered":"<p style=\"text-align: center;\"><strong>SIMPOZIONUL INTERNA\u021aIONAL \u201eMONUMENTUL. TRADI\u021aIE \u0218I VIITOR\u201d <\/strong><\/p>\n<p style=\"text-align: justify;\">Vineri, 2 octombrie 2015, Complexul Muzeal Na\u021bional \u201eMoldova\u201d Ia\u0219i (Rom\u00e2nia), \u00een colaborare cu Institutul Patrimoniului Cultural al Academiei de \u0218tiin\u021be a Moldovei, organizeaz\u0103 Simpozionul Interna\u021bional \u201eMonumentul. Tradi\u021bie \u0219i viitor\u201d, ajuns la cea de-a XVII-a edi\u021bie. Anul acesta lucr\u0103rile simpozionului se desf\u0103\u0219oar\u0103 pe patru sec\u021biuni: <strong>\u201eVia\u0163a monumentelor laice \u2013 istorie, arhitectur\u0103, arheologie\u201d, \u201eVia\u0163a monumentelor religioase\u201d, \u201eArhitec\u0163i \u00een an aniversar\u201d, \u201eTehnici \u015fi tehnologii de restaurare\u201d.<\/strong> \u00cen cadrul simpozionului \u00ee\u0219i vor sus\u021bine comunic\u0103rile arheologi, istorici, arhitec\u021bi, restauratori, speciali\u0219ti \u00een domeniul studiului artelor din Republica Moldova \u0219i Rom\u00e2nia. Scopul principal al manifest\u0103rii este punerea \u00een valoare a obiectelor de patrimoniu, sensibilizarea societ\u0103\u021bii \u0219i a institu\u021biilor, \u00een gestiunea c\u0103rora se afl\u0103 monumentele, vizavi de soarta monumentelor de cultur\u0103 din Republica Moldova \u0219i Rom\u00e2nia, schimbul de opinii \u0219i experien\u021b\u0103 la capitolul valorificarea \u0219tiin\u021bific\u0103, salvgardarea \u0219i promovarea patrimoniului, de asemenea, educa\u021bia societ\u0103\u021bii pro \u0219i prin patrimoniu. La manifestare sunt invita\u021bi cadre didactice, liceeni, studen\u021bi, arhitec\u021bi, istorici, arheologi, muzeografi, restauratori, speciali\u0219ti interesa\u021bi de via\u021ba monumentelor, care nu sunt indiferen\u021bi fa\u021b\u0103 de patrimoniul cultural al \u021b\u0103rii.<\/p>\n<p style=\"text-align: justify;\">Evenimentul va avea loc la Academia de \u0218tiin\u021be a Moldovei, Chi\u0219in\u0103u, str. \u0218tefan cel Mare \u0219i Sf\u00e2nt, 1, Sala Azurie.<\/p>\n<p style=\"text-align: center;\"><strong>Agenda: <\/strong><\/p>\n<p style=\"text-align: justify;\"><strong>11.00\u201313.00 Deschiderea simpozionului interna\u021bional \u201eMonument. Tradi\u021bie \u0219i viitor\u201d, edi\u021bia a XVII-a. Salutul oficialit\u0103\u021bilor.<\/strong><\/p>\n<p style=\"text-align: justify;\"><strong> Sus\u021binerea comunic\u0103rii: Dr. hab. Gh. Postic\u0103, dr. V. Cavruc. Peisajul arheologic Orheiul Vechi: concept de nominalizare pe lista patrimoniului UNESCO <\/strong><\/p>\n<p style=\"text-align: justify;\"><strong>Discu\u021bii pe marginea problemelor legate de valorificarea \u0219tiin\u021bific\u0103, protec\u021bia \u0219i promovarea patrimoniului cultural din Republica Moldova \u0219i Rom\u00e2nia. <\/strong><\/p>\n<p style=\"text-align: center;\"><strong>15.00\u201320.00\u00a0<\/strong><strong>Lucrul pe sec\u021biuni: <\/strong><\/p>\n<p style=\"text-align: justify;\"><strong>Sec\u0163iunea A (Sala Aurie). Via\u0163a monumentelor laice \u2013 istorie, arhitectur\u0103, arheologie.<\/strong><\/p>\n<p style=\"text-align: justify;\"><strong>Sec\u0163iunea B (Sala Azurie). Via\u0163a monumentelor religioase. <\/strong><\/p>\n<p style=\"text-align: justify;\"><strong>Sec\u0163iunea C (Sala Mic\u0103). Arhitec\u0163i \u00een an aniversar. <\/strong><\/p>\n<p style=\"text-align: justify;\"><strong>Sec\u0163iunea D (Sala Argintie). Tehnici \u015fi tehnologii de restaurare.<\/strong><\/p>\n<p style=\"text-align: justify;\">La eveniment sunt invita\u021bi reprezentan\u021bii mass-media.<\/p>\n<p><a href=\"http:\/\/ich.md\/wp-content\/uploads\/2015\/10\/Monumentul_2_octombrie_invitatie.pdf\">Monumentul_2_octombrie_invitatie<\/a><\/p>\n<p>&nbsp;<\/p>\n<p><a href=\"http:\/\/ich.md\/wp-content\/uploads\/2015\/10\/program_Simpozion_monumentul_2_octombrie_chisinau_2015.pdf\">program_Simpozion_monumentul_2_octombrie_chisinau_2015<\/a><\/p>\n","protected":false},"excerpt":{"rendered":"<p>SIMPOZIONUL INTERNA\u021aIONAL \u201eMONUMENTUL. TRADI\u021aIE \u0218I VIITOR\u201d Vineri, 2 octombrie 2015, Complexul Muzeal Na\u021bional \u201eMoldova\u201d Ia\u0219i (Rom\u00e2nia), \u00een colaborare cu Institutul Patrimoniului Cultural al Academiei de<span class=\"read-more-link\"><a class=\"read-more\" href=\"https:\/\/ich.md\/?p=1666\">Read More<\/a><\/span><\/p>\n","protected":false},"author":2,"featured_media":0,"comment_status":"closed","ping_status":"open","sticky":false,"template":"","format":"standard","meta":[],"categories":[10],"tags":[],"_links":{"self":[{"href":"https:\/\/ich.md\/index.php?rest_route=\/wp\/v2\/posts\/1666"}],"collection":[{"href":"https:\/\/ich.md\/index.php?rest_route=\/wp\/v2\/posts"}],"about":[{"href":"https:\/\/ich.md\/index.php?rest_route=\/wp\/v2\/types\/post"}],"author":[{"embeddable":true,"href":"https:\/\/ich.md\/index.php?rest_route=\/wp\/v2\/users\/2"}],"replies":[{"embeddable":true,"href":"https:\/\/ich.md\/index.php?rest_route=%2Fwp%2Fv2%2Fcomments&post=1666"}],"version-history":[{"count":1,"href":"https:\/\/ich.md\/index.php?rest_route=\/wp\/v2\/posts\/1666\/revisions"}],"predecessor-version":[{"id":1669,"href":"https:\/\/ich.md\/index.php?rest_route=\/wp\/v2\/posts\/1666\/revisions\/1669"}],"wp:attachment":[{"href":"https:\/\/ich.md\/index.php?rest_route=%2Fwp%2Fv2%2Fmedia&parent=1666"}],"wp:term":[{"taxonomy":"category","embeddable":true,"href":"https:\/\/ich.md\/index.php?rest_route=%2Fwp%2Fv2%2Fcategories&post=1666"},{"taxonomy":"post_tag","embeddable":true,"href":"https:\/\/ich.md\/index.php?rest_route=%2Fwp%2Fv2%2Ftags&post=1666"}],"curies":[{"name":"wp","href":"https:\/\/api.w.org\/{rel}","templated":true}]}}