{"id":248,"date":"2013-12-13T14:18:24","date_gmt":"2013-12-13T10:18:24","guid":{"rendered":"http:\/\/ich.md\/?p=248"},"modified":"2017-09-14T14:55:29","modified_gmt":"2017-09-14T10:55:29","slug":"248","status":"publish","type":"post","link":"https:\/\/ich.md\/?p=248","title":{"rendered":"CENTRUL DE ETNOLOGIE"},"content":{"rendered":"<p style=\"text-align: justify;\"><strong><a href=\"http:\/\/ich.md\/wp-content\/uploads\/2014\/04\/Centrul-de-Etnologie_procop.docx\">Director \u2013 Svetlana PROCOP<\/a>, <\/strong>doctor \u00een filologie, cercet\u0103tor conferen\u0163iar, specialist \u00een literatura universal\u0103 \u015fi comparat\u0103. Se specializeaz\u0103 \u00een etnologia romilor din Republica Moldova.<br \/>\nTel.: 022 27-10-07<br \/>\nEmail: etnologie@mail.ru<\/p>\n<p style=\"text-align: justify;\"><b>Tematica prioritar\u0103 a Centrului:\u00a0 Etnii \u015fi rela\u0163ii interetnice \u00een Republica Moldova.<\/b><\/p>\n<p style=\"text-align: justify;\">Centrul cuprinde dou\u0103 Sec\u0163ii:<\/p>\n<ul style=\"text-align: justify;\">\n<li><a href=\"http:\/\/ich.md\/?cat=29\"><b>Sec\u0163ia P<\/b><strong>robleme generale ale etnografiei\u00a0<\/strong><\/a>(include Sectoarele: Etnologia moldovenilor; Rela\u0163ii interetnice). <b>\u015eef<\/b><b> al Sec\u0163iei \u2013<\/b>\u00a0 <b>Dr. hab. Zina \u015eOFRANSKY<\/b>.<\/li>\n<li><a href=\"http:\/\/ich.md\/?cat=30\"><b>Sec\u0163ia Minorit\u0103\u0163i etnice<\/b><\/a> (include Sectoarele \u015fi Grupele: Etnologia Ucrainenilor;\u00a0 Etnologia Ru\u015filor; Etnologia G\u0103g\u0103uzilor; Etnologia Bulgarilor; Etnologia Evreilor; Etnologia Romilor). <b>\u015eef <\/b><b>al Sec\u0163iei \u2013<\/b>\u00a0 <b>Dr. Ion DUMINICA<\/b>.<\/li>\n<\/ul>\n<p style=\"text-align: justify;\"><a href=\"http:\/\/ich.md\/wp-content\/uploads\/2014\/04\/Etapele-principale-ale-evolu\u0163iei-\u015ftiin\u0163ei-etnologice-din-Republica-Moldova.docx\"><b>Etapele principale ale evolu\u0163iei \u015ftiin\u0163ei etnologice din Republica Moldova\u00a0<img decoding=\"async\" loading=\"lazy\" class=\"alignnone size-full wp-image-586\" src=\"http:\/\/ich.md\/wp-content\/uploads\/2013\/12\/index1.jpg\" alt=\"index\" width=\"41\" height=\"41\" \/><\/b><\/a><\/p>\n<p style=\"text-align: justify;\">Actualmente Centrul de Etnologie\u00a0 \u00eentrune\u015fte un colectiv alc\u0103tuit din 48 de colaboratori. Poten\u0163ialul \u015ftiin\u0163ific al Centrului const\u0103 din 47 cercet\u0103tori, dintre care: 5 \u2013 doctori habilita\u0163i, 25 \u2013 doctori \u00een \u015ftiin\u0163e, 18 \u2013 cercet\u0103tori f\u0103r\u0103 grad \u015ftiin\u0163ific. \u00cen cadrul Centrului urmeaz\u0103 studiile de doctorat 5 tineri, \u00eenscri\u015fi la specialitate: 612.01 \u2013 Etnologie.<b><\/b><\/p>\n<p style=\"text-align: justify;\"><a href=\"http:\/\/ich.md\/wp-content\/uploads\/2014\/04\/CADRE-CENTRUL-DE-ETNOLOGIE.doc\"><strong>(CV) cadre etnologie <img decoding=\"async\" loading=\"lazy\" src=\"http:\/\/ich.md\/wp-content\/uploads\/2013\/12\/index1.jpg\" alt=\"index\" width=\"41\" height=\"41\" \/><\/strong><\/a><\/p>\n<p style=\"text-align: justify;\" align=\"center\">\u00cen cadrul Centrului de Etnologie func\u0163ioneaz\u0103: Seminarul \u015ftiin\u0163ific de profil \u015fi Consiliul \u015ftiin\u0163ific specializat de sus\u0163inere a tezelor de doctor \u015fi doctor habilitat \u00een istorie la specialitatea Etnologie\u00a0 \u2013 \u00a0612.01.<\/p>\n<p style=\"text-align: justify;\" align=\"center\"><a href=\"http:\/\/ich.md\/wp-content\/uploads\/2014\/04\/123.docx\"><strong>Componen\u0163a Consiliului (aprobat prin Hot\u0103r\u00e2ri nr. AT- 2\/1-1 din 05 aprilie 2012) <\/strong><\/a><strong><a href=\"http:\/\/ich.md\/wp-content\/uploads\/2014\/04\/123.docx\"><b><img decoding=\"async\" loading=\"lazy\" src=\"http:\/\/ich.md\/wp-content\/uploads\/2013\/12\/index1.jpg\" alt=\"index\" width=\"41\" height=\"41\" \/><\/b><\/a><\/strong><b><br \/>\n<\/b><\/p>\n<p style=\"text-align: justify;\">Sub egida Centrului de Etnologie se editeaz\u0103 revista \u015ftiin\u0163ific\u0103 &#8211; <a href=\"http:\/\/ich.md\/?cat=46\"><strong>Revista de Etnologie \u015fi Culturologie<\/strong>.<\/a><\/p>\n<p style=\"text-align: justify;\">\n","protected":false},"excerpt":{"rendered":"<p>Director \u2013 Svetlana PROCOP, doctor \u00een filologie, cercet\u0103tor conferen\u0163iar, specialist \u00een literatura universal\u0103 \u015fi comparat\u0103. Se specializeaz\u0103 \u00een etnologia romilor din Republica Moldova. Tel.: 022<span class=\"read-more-link\"><a class=\"read-more\" href=\"https:\/\/ich.md\/?p=248\">Read More<\/a><\/span><\/p>\n","protected":false},"author":2,"featured_media":0,"comment_status":"closed","ping_status":"open","sticky":false,"template":"","format":"standard","meta":[],"categories":[15],"tags":[],"_links":{"self":[{"href":"https:\/\/ich.md\/index.php?rest_route=\/wp\/v2\/posts\/248"}],"collection":[{"href":"https:\/\/ich.md\/index.php?rest_route=\/wp\/v2\/posts"}],"about":[{"href":"https:\/\/ich.md\/index.php?rest_route=\/wp\/v2\/types\/post"}],"author":[{"embeddable":true,"href":"https:\/\/ich.md\/index.php?rest_route=\/wp\/v2\/users\/2"}],"replies":[{"embeddable":true,"href":"https:\/\/ich.md\/index.php?rest_route=%2Fwp%2Fv2%2Fcomments&post=248"}],"version-history":[{"count":19,"href":"https:\/\/ich.md\/index.php?rest_route=\/wp\/v2\/posts\/248\/revisions"}],"predecessor-version":[{"id":2794,"href":"https:\/\/ich.md\/index.php?rest_route=\/wp\/v2\/posts\/248\/revisions\/2794"}],"wp:attachment":[{"href":"https:\/\/ich.md\/index.php?rest_route=%2Fwp%2Fv2%2Fmedia&parent=248"}],"wp:term":[{"taxonomy":"category","embeddable":true,"href":"https:\/\/ich.md\/index.php?rest_route=%2Fwp%2Fv2%2Fcategories&post=248"},{"taxonomy":"post_tag","embeddable":true,"href":"https:\/\/ich.md\/index.php?rest_route=%2Fwp%2Fv2%2Ftags&post=248"}],"curies":[{"name":"wp","href":"https:\/\/api.w.org\/{rel}","templated":true}]}}