{"id":2617,"date":"2017-04-17T16:29:59","date_gmt":"2017-04-17T12:29:59","guid":{"rendered":"http:\/\/ich.md\/?p=2617"},"modified":"2017-04-17T16:30:20","modified_gmt":"2017-04-17T12:30:20","slug":"2617","status":"publish","type":"post","link":"https:\/\/ich.md\/?p=2617","title":{"rendered":"Condolean\u021be"},"content":{"rendered":"<p>Colectivul Institutului Patrimoniului Cultural al A\u0218M exprim\u0103 sincere condolean\u021be \u0219i sentimente de profund\u0103 compasiune familiei \u00eendurerate ale domni\u0219oarei Natalia PROCOP,\u00a0cercet\u0103tor \u0219tiin\u021bific IPC, \u00een leg\u0103tur\u0103 cu trecerea \u00een nefiin\u021b\u0103 a tat\u0103lui s\u0103u.<\/p>\n<p>Dumnezeu s\u0103-l dihneasc\u0103 \u00een pace.<\/p>\n","protected":false},"excerpt":{"rendered":"<p>Colectivul Institutului Patrimoniului Cultural al A\u0218M exprim\u0103 sincere condolean\u021be \u0219i sentimente de profund\u0103 compasiune familiei \u00eendurerate ale domni\u0219oarei Natalia PROCOP,\u00a0cercet\u0103tor \u0219tiin\u021bific IPC, \u00een leg\u0103tur\u0103 cu<span class=\"read-more-link\"><a class=\"read-more\" href=\"https:\/\/ich.md\/?p=2617\">Read More<\/a><\/span><\/p>\n","protected":false},"author":2,"featured_media":0,"comment_status":"closed","ping_status":"open","sticky":false,"template":"","format":"standard","meta":[],"categories":[10],"tags":[],"_links":{"self":[{"href":"https:\/\/ich.md\/index.php?rest_route=\/wp\/v2\/posts\/2617"}],"collection":[{"href":"https:\/\/ich.md\/index.php?rest_route=\/wp\/v2\/posts"}],"about":[{"href":"https:\/\/ich.md\/index.php?rest_route=\/wp\/v2\/types\/post"}],"author":[{"embeddable":true,"href":"https:\/\/ich.md\/index.php?rest_route=\/wp\/v2\/users\/2"}],"replies":[{"embeddable":true,"href":"https:\/\/ich.md\/index.php?rest_route=%2Fwp%2Fv2%2Fcomments&post=2617"}],"version-history":[{"count":2,"href":"https:\/\/ich.md\/index.php?rest_route=\/wp\/v2\/posts\/2617\/revisions"}],"predecessor-version":[{"id":2620,"href":"https:\/\/ich.md\/index.php?rest_route=\/wp\/v2\/posts\/2617\/revisions\/2620"}],"wp:attachment":[{"href":"https:\/\/ich.md\/index.php?rest_route=%2Fwp%2Fv2%2Fmedia&parent=2617"}],"wp:term":[{"taxonomy":"category","embeddable":true,"href":"https:\/\/ich.md\/index.php?rest_route=%2Fwp%2Fv2%2Fcategories&post=2617"},{"taxonomy":"post_tag","embeddable":true,"href":"https:\/\/ich.md\/index.php?rest_route=%2Fwp%2Fv2%2Ftags&post=2617"}],"curies":[{"name":"wp","href":"https:\/\/api.w.org\/{rel}","templated":true}]}}