{"id":2633,"date":"2017-04-26T11:52:50","date_gmt":"2017-04-26T07:52:50","guid":{"rendered":"http:\/\/ich.md\/?p=2633"},"modified":"2017-04-26T12:09:03","modified_gmt":"2017-04-26T08:09:03","slug":"eugen-doga-reverberatii-universal-80-de-ani-de-la-nastere","status":"publish","type":"post","link":"https:\/\/ich.md\/?p=2633","title":{"rendered":"Conferin\u021ba \u0218tiin\u021bific\u0103 Interna\u021bional\u0103. Eugen DOGA: reverbera\u021bii universale (80 de ani de la na\u0219tere)"},"content":{"rendered":"<p style=\"text-align: justify;\"><a href=\"http:\/\/ich.md\/wp-content\/uploads\/2017\/04\/doga.1.jpg\"><img decoding=\"async\" loading=\"lazy\" class=\"aligncenter size-full wp-image-2634\" src=\"http:\/\/ich.md\/wp-content\/uploads\/2017\/04\/doga.1.jpg\" alt=\"doga.1\" width=\"345\" height=\"375\" \/><\/a><\/p>\n<p style=\"text-align: justify;\">Joi, <strong>4 mai\u00a0 2017<\/strong>, ora <strong>11:00<\/strong>, \u00een Sala Azurie a A\u015eM (bd. \u015etefan cel Mare \u015fi Sf\u00e2nt nr. 1), va avea loc Conferin\u0163a \u015ftiin\u0163ific\u0103 interna\u021bional\u0103 consacrat\u0103 omagierii a <strong>80 de ani de la na\u015fterea lui Eugen Doga<\/strong>, compozitor, Artist al Poporului, membru titular al Academiei de \u0218tiin\u021be a Moldovei.<\/p>\n<p><strong>PROGRAM<\/strong><br \/>\n<strong><em>Moderator<\/em><\/strong><br \/>\n<strong>Dr. hab. Victor \u021avircun<\/strong>, coordinator al Sec\u021biei \u0218tiin\u021be Umanistice \u0219i Arte a A\u015eM<\/p>\n<p style=\"text-align: center;\"><strong>Cuv\u00e2nt de salut<\/strong><\/p>\n<p>Acad. <strong><em>Gheorghe DUCA<\/em><\/strong>, pre\u015fedinte al Academiei de \u015etiin\u0163e a Moldovei<\/p>\n<p><strong><em>Monica BABUC<\/em><\/strong>, Ministrul Culturii al Republicii Moldova<\/p>\n<p>Acad. <strong><em>Evgheni SAVCIUC<\/em><\/strong>, pre\u0219edinte al Uniunii Muzicienilor din Ucraina,\u00a0\u00a0 profesor universitar, Artist al Poporului<\/p>\n<p><strong><em>Alina MAVRODIN VASILIU<\/em><\/strong>, director al Centrului\u00a0 Cultural pentru UNESCO.\u00a0\u201dCetatea Roman\u021bei\u201d, T\u00e2rgovi\u0219te, Rom\u00e2nia, director artistic al Festivalului \u201dCrizantema de Aur\u201d<\/p>\n<p style=\"text-align: center;\"><strong><em>Comunic\u0103ri<\/em><\/strong><\/p>\n<p>Dr. hab., <strong><em>Victor GHILA\u015e<\/em><\/strong>, IPC al A\u015eM.<em> Eugen Doga \u2013 Cavalerul artei sunetelor la ora bilan\u0163urilor<\/em><\/p>\n<p>Dr. hab<strong><em>. Aurelian D\u0102NIL\u0102<\/em><\/strong>, IPC al A\u015eM.\u00a0<em>Fenomenul Eugen Doga. Culoarea sunetului<\/em><\/p>\n<p><strong><em>Elena KR\u00ceLOVA<\/em><\/strong>, presedinte al Asociatiei \u201dPrietenia artelor\u201d din Moscova, Rusia.\u00a0<em>Titlu rezervat<\/em><\/p>\n<p>Dr. hab. <strong><em>Ana-Maria PL\u0102M\u0102DEAL\u0102<\/em><\/strong>, IPC al A\u015eM.\u00a0<em>Consonan\u0163a peisajului cu muzica \u00een crea\u0163ia\u00a0 cinematografic\u0103 a lui Eugen Doga<\/em><\/p>\n<p>Dr. hab. <strong><em>Ion GAGIM<\/em><\/strong>, Universitatea de Stat \u201dA. Russo\u201d din B\u0103l\u0163i.\u00a0<em>\u00a0Chem\u0103rile vie\u0163ii \u015fi ale muzicii lui Eugen Doga<\/em><\/p>\n<p>Acad. <strong><em>Mihai CIMPOI<\/em><\/strong>, Institutul de Filologie al A\u015eM.\u00a0<em>Poezia lui Mihai Eminescu \u00een crea\u0163ia lui Eugen Doga <\/em><\/p>\n<p><strong><em>Larisa TUREA<\/em><\/strong>, critic de teatru.\u00a0<em>Motive arhetipale <\/em><em>\u00een crea\u0163ia <\/em><em>lui Eugen Doga<\/em><\/p>\n<p>Acad. <strong><em>Gheorghe MUSTEA<\/em><\/strong>, compozitor, dirijor, profesor universitar, Artist al Poporului.\u00a0<em>Tablou sinoptic al succeselor unui compozitor\u00a0 aflat \u00een culmea gloriei<\/em><\/p>\n<p>DHC <strong><em>Constantin RUSNAC<\/em><\/strong>, compozitor, profesor universitar.\u00a0<em>Eugen Doga, Decan al muzicii u\u015foare<\/em><\/p>\n<p><strong><em>Lumini\u0163a DUMBR\u0102VEANU<\/em><\/strong>, jurnalist.\u00a0Filmul<em> Eugen Doga<\/em><\/p>\n<p>Invita\u021bie-Program<\/p>\n<iframe id=\"gdoc-c6b2e3b013d102b24211482fc2439e91\" class=\"gdocs_shortcode gdocs_other\" src=\"https:\/\/drive.google.com\/file\/d\/0B_MPkqI9kqE1ZUJMY1FYYTgybVE\/preview\" width=\"550\" height=\"425\"><\/iframe>\n<p>La eveniment sunt invita\u0163i reprezentan\u0163ii mass-media.<\/p>\n","protected":false},"excerpt":{"rendered":"<p>Joi, 4 mai\u00a0 2017, ora 11:00, \u00een Sala Azurie a A\u015eM (bd. \u015etefan cel Mare \u015fi Sf\u00e2nt nr. 1), va avea loc Conferin\u0163a \u015ftiin\u0163ific\u0103 interna\u021bional\u0103<span class=\"read-more-link\"><a class=\"read-more\" href=\"https:\/\/ich.md\/?p=2633\">Read More<\/a><\/span><\/p>\n","protected":false},"author":2,"featured_media":0,"comment_status":"closed","ping_status":"open","sticky":false,"template":"","format":"standard","meta":[],"categories":[10],"tags":[],"_links":{"self":[{"href":"https:\/\/ich.md\/index.php?rest_route=\/wp\/v2\/posts\/2633"}],"collection":[{"href":"https:\/\/ich.md\/index.php?rest_route=\/wp\/v2\/posts"}],"about":[{"href":"https:\/\/ich.md\/index.php?rest_route=\/wp\/v2\/types\/post"}],"author":[{"embeddable":true,"href":"https:\/\/ich.md\/index.php?rest_route=\/wp\/v2\/users\/2"}],"replies":[{"embeddable":true,"href":"https:\/\/ich.md\/index.php?rest_route=%2Fwp%2Fv2%2Fcomments&post=2633"}],"version-history":[{"count":7,"href":"https:\/\/ich.md\/index.php?rest_route=\/wp\/v2\/posts\/2633\/revisions"}],"predecessor-version":[{"id":2649,"href":"https:\/\/ich.md\/index.php?rest_route=\/wp\/v2\/posts\/2633\/revisions\/2649"}],"wp:attachment":[{"href":"https:\/\/ich.md\/index.php?rest_route=%2Fwp%2Fv2%2Fmedia&parent=2633"}],"wp:term":[{"taxonomy":"category","embeddable":true,"href":"https:\/\/ich.md\/index.php?rest_route=%2Fwp%2Fv2%2Fcategories&post=2633"},{"taxonomy":"post_tag","embeddable":true,"href":"https:\/\/ich.md\/index.php?rest_route=%2Fwp%2Fv2%2Ftags&post=2633"}],"curies":[{"name":"wp","href":"https:\/\/api.w.org\/{rel}","templated":true}]}}