{"id":2657,"date":"2017-05-19T11:04:37","date_gmt":"2017-05-19T07:04:37","guid":{"rendered":"http:\/\/ich.md\/?p=2657"},"modified":"2017-05-19T11:50:03","modified_gmt":"2017-05-19T07:50:03","slug":"conferinta-stiintifica-internationala-patrimoniul-etnologic-concepte-tendinte-si-abordari-23-24-mai-2017","status":"publish","type":"post","link":"https:\/\/ich.md\/?p=2657","title":{"rendered":"Conferin\u021ba \u0219tiin\u021bific\u0103 interna\u021bional\u0103: Patrimoniul etnologic: concepte, tendin\u021be \u0219i abord\u0103ri (23-24 mai 2017)"},"content":{"rendered":"<p><a href=\"http:\/\/ich.md\/wp-content\/uploads\/2017\/05\/Afis_23-24_mai_2017_site_1.jpg\"><img decoding=\"async\" loading=\"lazy\" class=\"aligncenter size-full wp-image-2661\" src=\"http:\/\/ich.md\/wp-content\/uploads\/2017\/05\/Afis_23-24_mai_2017_site_1.jpg\" alt=\"Afis_23-24_mai_2017_site_1\" width=\"768\" height=\"937\" \/><\/a><\/p>\n<p><strong>Institutul Patrimoniului Cultural al Academiei de \u0218tiin\u021be a Moldovei<\/strong> anun\u021b\u0103 desf\u0103\u0219urarea\u00a0Conferin\u021bei \u0219tiin\u021bifice interna\u021bionale <em><strong>Patrimoniul etnologic: concepte, tendin\u021be \u0219i abord\u0103ri<\/strong><\/em>, care va avea loc \u00een data de 23-24 mai 2017, la Chi\u0219in\u0103u, bd. \u0218tefan cel Mare \u0219i Sf\u00e2nt, nr. 1, Sala Azurie, \u00eencep\u00e2nd cu ora 10.00.<\/p>\n<p>Evenimentul este organizat cu sus\u021binerea\u00a0\u00a0<a href=\"http:\/\/www.mfgs-sng.org\/activity\/2258.html\"><strong>Fondului Interstatal de Colaborare Umanitar\u0103 al statelor membre CSI<\/strong><\/a><\/p>\n<p>Mai jos este anexat Programul Conferin\u021bei<\/p>\n<iframe id=\"gdoc-9bba9447d6b557c2c1bbf6774d10b8d8\" class=\"gdocs_shortcode gdocs_other\" src=\"https:\/\/drive.google.com\/file\/d\/0B_MPkqI9kqE1QlgzanBtRmZDa28\/preview\" width=\"550\" height=\"425\"><\/iframe>\n","protected":false},"excerpt":{"rendered":"<p>Institutul Patrimoniului Cultural al Academiei de \u0218tiin\u021be a Moldovei anun\u021b\u0103 desf\u0103\u0219urarea\u00a0Conferin\u021bei \u0219tiin\u021bifice interna\u021bionale Patrimoniul etnologic: concepte, tendin\u021be \u0219i abord\u0103ri, care va avea loc \u00een data<span class=\"read-more-link\"><a class=\"read-more\" href=\"https:\/\/ich.md\/?p=2657\">Read More<\/a><\/span><\/p>\n","protected":false},"author":2,"featured_media":0,"comment_status":"closed","ping_status":"closed","sticky":false,"template":"","format":"standard","meta":[],"categories":[10],"tags":[],"_links":{"self":[{"href":"https:\/\/ich.md\/index.php?rest_route=\/wp\/v2\/posts\/2657"}],"collection":[{"href":"https:\/\/ich.md\/index.php?rest_route=\/wp\/v2\/posts"}],"about":[{"href":"https:\/\/ich.md\/index.php?rest_route=\/wp\/v2\/types\/post"}],"author":[{"embeddable":true,"href":"https:\/\/ich.md\/index.php?rest_route=\/wp\/v2\/users\/2"}],"replies":[{"embeddable":true,"href":"https:\/\/ich.md\/index.php?rest_route=%2Fwp%2Fv2%2Fcomments&post=2657"}],"version-history":[{"count":3,"href":"https:\/\/ich.md\/index.php?rest_route=\/wp\/v2\/posts\/2657\/revisions"}],"predecessor-version":[{"id":2663,"href":"https:\/\/ich.md\/index.php?rest_route=\/wp\/v2\/posts\/2657\/revisions\/2663"}],"wp:attachment":[{"href":"https:\/\/ich.md\/index.php?rest_route=%2Fwp%2Fv2%2Fmedia&parent=2657"}],"wp:term":[{"taxonomy":"category","embeddable":true,"href":"https:\/\/ich.md\/index.php?rest_route=%2Fwp%2Fv2%2Fcategories&post=2657"},{"taxonomy":"post_tag","embeddable":true,"href":"https:\/\/ich.md\/index.php?rest_route=%2Fwp%2Fv2%2Ftags&post=2657"}],"curies":[{"name":"wp","href":"https:\/\/api.w.org\/{rel}","templated":true}]}}