{"id":2763,"date":"2017-08-21T10:30:07","date_gmt":"2017-08-21T06:30:07","guid":{"rendered":"http:\/\/ich.md\/?p=2763"},"modified":"2017-08-21T10:30:07","modified_gmt":"2017-08-21T06:30:07","slug":"se-anunta-sustinerea-tezei-de-doctor-dialogul-intercultural-in-cadrul-festivalului-international-zilele-muzicii-noi-din-republica-moldova","status":"publish","type":"post","link":"https:\/\/ich.md\/?p=2763","title":{"rendered":"Se anun\u0163\u0103 sus\u0163inerea tezei de doctor. Dialogul intercultural \u00een cadrul Festivalului Interna\u0163ional \u201eZilele Muzicii Noi\u201d din Republica Moldova"},"content":{"rendered":"<p>Se anun\u0163\u0103 sus\u0163inerea tezei de doctor<\/p>\n<p>Pretendent: Valeria Barbas<\/p>\n<p>Conduc\u0103tor \u015ftiin\u0163ific: Violina Galaicu, doctor \u00een studiul artelor, conferen\u0163iar cercet\u0103tor<\/p>\n<p>Consiliul \u015ftiin\u0163ific specializat: D 22. 612. 01-05<\/p>\n<p>Tema tezei: Dialogul intercultural \u00een cadrul Festivalului Interna\u0163ional \u201eZilele Muzicii Noi\u201d din Republica Moldova<\/p>\n<p>Specialitatea: 653.01 Muzicologie<\/p>\n<p>Data: 29 august 2017<\/p>\n<p>Ora: 12:00<\/p>\n<p>Local: Institutului Patrimoniului Cultural al Academiei de \u015etiin\u0163e a Moldovei, mun. Chi\u015fin\u0103u, bd. \u015etefan cel Mare \u015fi Sf\u00e2nt nr. 1, Sala Mic\u0103.<\/p>\n<p>&nbsp;<\/p>\n<p>Principalele publica\u0163ii \u015ftiin\u0163ifice la tema tezei ale autorului:<\/p>\n<p><strong>Articole \u015ftiin\u0163ifice \u00een reviste de profil recunoscute, Categoria B<\/strong><\/p>\n<ol>\n<li>Barbas V. Reflexe interculturale \u00een monoopera \u201cAteh, sau revela\u0163iile prin\u0163esei khazare\u201d de Ghenadie Ciobanu. \u00cen: Arta 2010, Seria Arte audio-vizuale, Chi\u015fin\u0103u: Grafema Libris, 2010, p. 87-92. ISSN 1857-1050.<\/li>\n<li>Barbas V. Sincretism contemporan \u00een cadrul Festivalului Zilele Muzicii Noi, \u00cen: Arta 2011, Seria Arte audio-vizuale, Chi\u015fin\u0103u: Tipografia Reclama, 2011, p.173-175. ISSN 1857-1050.<\/li>\n<li>Barbas V. Gheorghe Mustea \u015fi Festivalul Zilele Muzicii Noi \u00eentr-un dialog intercultural. \u00cen: Arta 2011, Seria Arte audio-vizuale, Chi\u015fin\u0103u:Tipografia Reclama, 2011, p.161-163. ISSN 1857-1050.<\/li>\n<li>Barbas V. Festivalul Zilele Muzicii Noi \u2013 un test al poten\u0163ialului artistic \u015fi creativ. \u00cen: Arta 2012, Seria Arte audio-vizuale, Chi\u015fin\u0103u:Garomont-Studio, 2012, p. 185-188. ISSN 1857-1050.<\/li>\n<li>Barbas V. Ansamblul Ars Poetica \u2013 vocea muzicii noi. \u00cen: Arta 2012, Seria Arte audio-vizuale, Chi\u015fin\u0103u: Garomont-Studio, 2012, p. 55-58. ISSN 1857-1050.<\/li>\n<li>Barbas V. In Memoriam Pavel Rivilis, \u00cen: Arta 2014, Seria Arte audio-vizuale, Chi\u015fin\u0103u: Garomont-Studio, 2014, p.160-163. ISSN 1857-1050.<\/li>\n<li>Barbas V. Dimensiuni interculturale \u00een crea\u0163ia compozitorului Lauren\u0163iu Gondiu, \u00cen: Arta 2015, Seria Arte audio-vizuale, Vol. XXIV, nr. 2, Chi\u015fin\u0103u, 2015, p.36-42. ISSN 2345-1181.<\/li>\n<li>Barbas V. Complementaritate stilistic\u0103 \u00een \u201ePassion XXI pentru org\u0103 \u015fi orchestr\u0103\u201d de Vladimir Beleaev. \u00cen: Arta 2016. Seria Arte audio-vizuale, Chi\u015fin\u0103u, 2016, p.32-39, E-ISSN 2537-6136.<\/li>\n<\/ol>\n<p><strong>Categoria C<\/strong><\/p>\n<ol start=\"9\">\n<li>Barbas V. Dialogul Intercultural \u00een cadrul Festivalului Zilele Muzicii Noi din Moldova. Studiu de Caz: Monoopera Ateh, sau Revela\u0163iile prin\u0163esei khazare de Gh. Ciobanu, \u00cen: Revista \u201dArt\u0103 \u015fi educa\u0163ie artistic\u0103\u201d 3-4, Universitatea de Stat \u201eA. Russo\u201d, B\u0103l\u0163i, 2009, p. 7-12. ISSN 1857-0445.<\/li>\n<\/ol>\n<p><strong>Materialele conferin\u0163elor \u015ftiin\u0163ifice interna\u0163ionale <\/strong><\/p>\n<ol start=\"10\">\n<li>Barbas V. Ars Poetica \u2013 laborator de crea\u0163ie \u015fi experiment\u0103ri. \u00cen: Arta \u015fi Tradi\u0163ia \u00een Europa, edi\u0163ia a III-a, Ia\u015fi: Ed. \u201dSpiru Haret\u201d, 2012. p.204-208. ISSN 2067-6719.<\/li>\n<li>Barbas V. Condi\u0163ia de existen\u0163\u0103 a unui ansamblu de muzic\u0103 contemporan\u0103. Dialoguri interculturale cu\u00a0\u00a0 Liviu D\u0103nceanu. \u00cen: Arta \u015fi Tradi\u0163ia \u00een Europa, Ed. a IV-a, Ia\u015fi: Ed. \u201dSpiru Haret\u201d, 2013, p.144-148.<\/li>\n<li>Barbas V. Festivalul Interna\u0163ional Zilele Muzicii Noi \u2013 un rezonator cultural susceptibil, \u00cen: Arta \u015fi tradi\u0163ia \u00een Europa, edi\u0163ia a IV-a, Ia\u015fi: Spiru Haret, Rom\u00e2nia, 2013, p.149-152. ISSN 2067-6719.<\/li>\n<li>Barbas V. Perceptibilitatea fenomenului muzical contemporan: rolul educa\u0163iei artistice, \u00cen: Educa\u0163ia artistic\u0103 \u00een contextul mediului social-cultural al sec. al XXI-lea, (B\u0103l\u0163i 7-8 noiembrie, 2013), Chi\u015fin\u0103u: \u015eagius-Grafic, 2014, p.129-132. ISBN 978-9975-4227-3-4.<\/li>\n<li>Barbas V. Interculturalitatea \u00een context european, \u00cen:\u201dArta \u015fi tradi\u0163ia \u00een Europa\u201d, edi\u0163ia a VI-a. Ia\u015fi: Ed \u201dSpiru Haret\u201d, Ia\u015fi, 2015, p.139-144. ISSN 2067-6719.<\/li>\n<\/ol>\n<p><strong>Materialele conferin\u0163elor \u015ftiin\u0163ifice na\u0163ionale<\/strong><\/p>\n<ol start=\"15\">\n<li>Barbas V. Monoopera \u201cAteh, sau revela\u0163iile prin\u0163esei khazare\u201d de Ghenadie Ciobanu (Considera\u0163ii generale), \u00cen: Problemele actuale ale \u015ftiin\u0163elor umanistice, Analele \u015ftiin\u0163ifice ale doctoranzilor \u015fi competitorilor, UPS \u201eI. Creang\u0103\u201d, vol.VIII, Chi\u015fin\u0103u: UPS \u201eI. Creang\u0103\u201d, 2009, p. 277-282.<\/li>\n<li>Barbas V. Abordarea metodologic\u0103 a dialogului intercultural \u00een arealul muzical contemporan din Moldova. \u00cen: Problemele actuale ale \u015ftiin\u0163elor umanistice, UPS \u201eI. Creang\u0103\u201d, Chi\u015fin\u0103u: Tipogr. UPS \u201eI. Creang\u0103\u201d, 2010, p. 255-261.<\/li>\n<li>Barbas V. Abord\u0103ri teoretico-conceptuale ale interculturalit\u0103\u0163ii, \u00cen: Tradi\u021bie \u0219i contemporaneitate \u00een artele vizuale \u0219i culturologie. Culegere de articole In honorem dr. Ludmila Toma, Chi\u0219in\u0103u: Notograf Prim, 2017, p. 245-250.<\/li>\n<li>Barbas V. Dimensiuni \u015fi delimit\u0103ri conceptuale ale dialogului intercultural. \u00cen: Problemele actuale ale \u015ftiin\u0163elor umanistice, UPS \u201eI. Creang\u0103\u201d, Chi\u015fin\u0103u: Universitatea Pedagogic\u0103 \u201eI. Creang\u0103\u201d, 2015, p. 305-314.<\/li>\n<\/ol>\n<p><strong>Rezumate la conferin\u0163ele na\u0163ionale cu participare interna\u0163ional\u0103<\/strong><\/p>\n<ol start=\"19\">\n<li>Barbas V. Interferen\u0163e culturale \u00een crea\u0163ia compozitorului Lauren\u0163iu Gondiu, Conferin\u0163a \u015etiin\u0163ific\u0103 cu participare Interna\u0163ional\u0103 \u201eProbleme actuale ale arheologiei, etnologiei \u015fi studiului artelor\u201d, Chi\u015fin\u0103u: Notograf Prim, 26-28 mai, 2015, p. 107. ISBN 978-9975-4319-6-5.<\/li>\n<li>Barbas V. Dansurile Simfonice de P. Rivilis: Simfonizarea monodiei. Conferin\u0163a \u015etiin\u0163ific\u0103 cu participare Interna\u0163ional\u0103 \u201eProbleme Actuale ale Arheologiei, Etnologiei \u015fi Studiului Artelor\u201d, Chi\u015fin\u0103u: Profesional Service, 22-24 mai, 2013, p.75-76. ISBN 978-9975-4319-6-5.<\/li>\n<\/ol>\n<p><strong>Rezumate la conferin\u0163ele \u015ftiin\u0163ifice interna\u0163ionale<\/strong><\/p>\n<ol start=\"21\">\n<li>Barbas V. Reflexe interculturale \u00een Passion-XXI f\u00fcr Orgel und Orchester de Vladimir Beleaev. Conferin\u0163a \u015etiin\u0163ific\u0103 Interna\u0163ional\u0103 \u201ePatrimoniul cultural: cercetare, valorificare, promovare\u201d, ed. a VIII-a, 31 mai- 2 iunie, 2016, Chi\u015fin\u0103u: Notograf Prim, p.110-111.ISBN 978-9975-84-014-9.<\/li>\n<li>Barbas V. Perspective de abordare a interculturalit\u0103\u0163ii \u00een contextul muzical contemporan din Republica Moldova, Conferinta Interna\u0163ional\u0103 a Tinerilor Cercetatori, ed. a VIII-a, 11-12 noiembrie 2010, Chisinau: Simbol-NP, p. 125. ISBN 978-9975-9898-4-8.<\/li>\n<li>Barbas V. Festivalul Zilele Muzicii Noi \u2013 dialog \u00eentre culturi, Conferinta Interna\u0163ional\u0103 a Tinerilor Cercetatori, ed. a VIII-a, 11-12 noiembrie 2010, Chisinau: Simbol-NP, p. 126. ISBN 978-9975-9898-4-8.<\/li>\n<li>Barbas V. Dialogul intercultural muzical: perspective de cercetare a fenomenului \u00een crea\u0163ia academic\u0103 contemporan\u0103 din Republica Moldova, Conferin\u0163a Interna\u0163ional\u0103 \u201ePatrimoniul cultural: cercetare, valorificare, promovare\u201d, ed. a IX-a, 30-31 mai 2017, IPC, Chi\u015fin\u0103u: Notograf Prim, p. 97, ISBN 978-9975-84-014-9.<\/li>\n<li>Barbas V. Repere de cercetare a dialogului intercultural muzical \u00een crea\u0163ia academic\u0103 contemporan\u0103 din Republica Moldova, Colocviul Interna\u0163ional \u201eLa Francopolyphonie\u201d, ed. a XII-a, Multilinguisme, contrastivit\u00e9 et communication interculturelle, 7-8 aprilie 2017, ULIM, Chi\u015fin\u0103u, p. 38-39.<\/li>\n<\/ol>\n<p>&nbsp;<\/p>\n<p>Rezumatul tezei<\/p>\n<ol>\n<li>Problematica abordat\u0103<\/li>\n<\/ol>\n<p>Cercetarea vizeaz\u0103 o problematic\u0103 actual\u0103 \u015fi complex\u0103 \u00een muzicologia din Republica Moldova, ce cuprinde patru dimensiuni de investigare: dialogul intercultural muzical \u00een cadrul festivaluri-lor de muzic\u0103 nou\u0103, fenomenul de festivalizare, muzica contemporan\u0103 academic\u0103 (cercetarea crea\u0163iei sub aspectul\u00a0 reflexelor interculturale \u015fi intertextuale) \u015fi analiza rela\u0163ion\u0103rii aspectelor sus-numite.<\/p>\n<ol start=\"2\">\n<li>Con\u0163inutul de baz\u0103 al tezei<\/li>\n<\/ol>\n<p>Teza este structurat\u0103 \u00een patru capitole, ce \u00eensumeaz\u0103 159 de pagini text de baz\u0103: bibliografie din 261 surse, 9 Anexe, 66 exemple muzicale, 14 Figuri, 12 Tabele.<\/p>\n<p>Primul capitol, <strong>Conceptualiz\u0103ri<\/strong><strong> ale dialogului intercultural \u00een arta muzical\u0103 contemporan\u0103<\/strong>, con\u0163ine trei subcompartimente \u015fi reflect\u0103 izvoarele \u015ftiin\u0163ifice de analiz\u0103 a <em>interculturalit\u0103\u0163ii<\/em>, a<em> dialogului intercultural<\/em> \u015fi a fenomenului <em>intercultural muzical<\/em>, relev\u00e2nd aspecte de festivalizare \u015fi repere ale metodologiei interculturale muzicale. \u00cen plan concret, este prezentat gradul de cunoa\u015ftere a problemematicii festivaliere, nemijlocit a cercet\u0103rilor FIZMN.<\/p>\n<p>Capitolul doi, <strong>Festivalul Interna\u0163ional<em> Zilele Muzicii Noi <\/em>din Republica Moldova: traseul istoric, spa\u0163iile culturale antrenate \u015fi efectivul interpretativ<\/strong>, con\u0163ine o analiz\u0103 a etapelor cronologice\u00a0\u015fi a dimensiunilor interpretative \u015fi culturale interconectate \u00een cadrul FIZMN.<\/p>\n<p>Cel de-al treilea capitol, <strong>Perceptibilitatea fenomenului muzical contemporan \u00een cadrul <\/strong><strong>Festivalului<\/strong> <strong>Interna\u0163ional<em> Zilele Muzicii Noi<\/em><\/strong>, evoc\u0103 problematica festivalier\u0103 a muzicii noi, \u00een baza studiului de caz al edi\u0163iilor XX, XXI ale FIZMN. Sunt identificate impedimentele evolu\u0163iei, specifice festivalurilor de muzic\u0103 nou\u0103, zonele vulnerabile \u015fi actorii principali \u00eentru promovarea dialogului intercultural (DI) \u015fi a componisticii autohtone.<\/p>\n<p>\u00cen capitolul <strong>Rezonan\u0163e interculturale \u00een crea\u0163iile lansate la Festivalul <\/strong><strong>Interna\u0163ional <\/strong><strong><em>Zilele Muzicii Noi<\/em><\/strong>, al patrulea, analiza impactului DI a permis relevarea reflexelor interculturale \u00een crea\u0163ii de referin\u0163\u0103 pentru componistica din Republica Moldova, lansate \u00een cadrul FIZMN: monoopera cu balet <em>Ateh, sau revela\u0163iile prin\u0163esei khazare <\/em>de Gh. Ciobanu, <em>Passion-XXI pentru org\u0103 \u015fi orchestr\u0103 <\/em>de V. Beleaev, <em>Respira\u0163ia florilor<\/em> de Iu. Gogu \u0219i <em>Bicordie<\/em> de L. Gondiu.<\/p>\n<ol start=\"3\">\n<li>Principalele rezultate ob\u0163inute:<\/li>\n<li>Contextualizarea Festivalului Interna\u021bional Zilele Muzicii Noi (FIZMN) ca fenomen nou, complex, care a ap\u0103rut \u00een condi\u0163iile muta\u0163iilor de paradigm\u0103 cultural\u0103 \u00een calitate de model al proceselor de festivalizare \u015fi dialog intercultural (DI);<\/li>\n<li>Abordarea DI muzical din cadrul FIZMN cu ajutorul unei investiga\u0163ii interdisciplinare, cu implicare a muzicologiei, etnomuzicologiei, culturologiei, esteticii, etnologiei, filologiei, filosofiei, fenomenologiei \u015fi semioticii muzicale;<\/li>\n<li>Stabilirea reperelor conceptuale \u015fi metodologice de cercetare a DI \u00een muzica contemporan\u0103, a festivalurilor de muzic\u0103 nou\u0103, implicit a FIZMN;<\/li>\n<li>Elaborarea vectorilor principali ai cercet\u0103rii DI muzical din cadrul FIZMN \u00een contextul postmodernit\u0103\u0163ii: identificarea DI \u015fi elucidarea noilor tendin\u0163e, determinarea impactului DI din cadrul FIZMN asupra crea\u0163iei componistice \u015fi a artei interpretative din Republica Moldova sub aspectele emancip\u0103rii limbajului componistic, ale re\u00eennoirii genuistice \u015fi stilistice, ale l\u0103rgirii spectrului imagistic, tematic \u015fi estetic;<\/li>\n<li>Identificarea dimensiunior de manifestare \u015fi analiz\u0103 ale DI muzical din cadrul FIZMN: \u00een plan orizontal (raza geografic\u0103); \u00een plan vertical, sincronic-diacronic, (perspectiva cultural-istoric\u0103); \u00een plan semantico-sintactic (arhetipuri, stileme, aspecte metastilistice);<\/li>\n<li>Intersectarea problematicii DI din cadrul FIZMN cu cea festivalier\u0103, reperarea unor aspecte comune \u015fi distincte ale FIZMN \u00een raport cu alte festivaluri interna\u0163ionale de muzic\u0103 nou\u0103 (premise, evolu\u0163ii, crize, art-management, perceptibilitate); 7. Stabilirea traiectului istoric \u015fi etapizarea Festivalului, sistematizarea datelor privind crea\u0163iile din cadrul FIZMN semnate de autorii din Republica Moldova, a profilului repertorial al ansamblului de muzic\u0103 contemporan\u0103 Ars Poetica;<\/li>\n<li>Conturarea \u015fi aplicarea unei metode interculturale de analiz\u0103 muzical\u0103 a crea\u0163iilor reprezentative din componistica Republicii Moldova, lansate \u00een cadrul FIZMN;<\/li>\n<li>Definirea \u00een contextul muzical contemporan a conceptelor de interculturalitate, dialog intercultural muzical, festivalizare; includerea lor \u00een circuitul \u015ftiin\u0163ific autohton, trasarea \u2013 \u00een urma acestui demers \u2013 a unor direc\u0163ii noi \u00een muzicologia din Republica Moldova.<\/li>\n<\/ol>\n","protected":false},"excerpt":{"rendered":"<p>Se anun\u0163\u0103 sus\u0163inerea tezei de doctor Pretendent: Valeria Barbas Conduc\u0103tor \u015ftiin\u0163ific: Violina Galaicu, doctor \u00een studiul artelor, conferen\u0163iar cercet\u0103tor Consiliul \u015ftiin\u0163ific specializat: D 22. 612.<span class=\"read-more-link\"><a class=\"read-more\" href=\"https:\/\/ich.md\/?p=2763\">Read More<\/a><\/span><\/p>\n","protected":false},"author":2,"featured_media":0,"comment_status":"closed","ping_status":"closed","sticky":false,"template":"","format":"standard","meta":[],"categories":[10],"tags":[],"_links":{"self":[{"href":"https:\/\/ich.md\/index.php?rest_route=\/wp\/v2\/posts\/2763"}],"collection":[{"href":"https:\/\/ich.md\/index.php?rest_route=\/wp\/v2\/posts"}],"about":[{"href":"https:\/\/ich.md\/index.php?rest_route=\/wp\/v2\/types\/post"}],"author":[{"embeddable":true,"href":"https:\/\/ich.md\/index.php?rest_route=\/wp\/v2\/users\/2"}],"replies":[{"embeddable":true,"href":"https:\/\/ich.md\/index.php?rest_route=%2Fwp%2Fv2%2Fcomments&post=2763"}],"version-history":[{"count":2,"href":"https:\/\/ich.md\/index.php?rest_route=\/wp\/v2\/posts\/2763\/revisions"}],"predecessor-version":[{"id":2765,"href":"https:\/\/ich.md\/index.php?rest_route=\/wp\/v2\/posts\/2763\/revisions\/2765"}],"wp:attachment":[{"href":"https:\/\/ich.md\/index.php?rest_route=%2Fwp%2Fv2%2Fmedia&parent=2763"}],"wp:term":[{"taxonomy":"category","embeddable":true,"href":"https:\/\/ich.md\/index.php?rest_route=%2Fwp%2Fv2%2Fcategories&post=2763"},{"taxonomy":"post_tag","embeddable":true,"href":"https:\/\/ich.md\/index.php?rest_route=%2Fwp%2Fv2%2Ftags&post=2763"}],"curies":[{"name":"wp","href":"https:\/\/api.w.org\/{rel}","templated":true}]}}