{"id":2766,"date":"2017-08-24T17:28:29","date_gmt":"2017-08-24T13:28:29","guid":{"rendered":"http:\/\/ich.md\/?p=2766"},"modified":"2017-08-24T17:32:43","modified_gmt":"2017-08-24T13:32:43","slug":"la-9-noiembrie-2017-va-avea-loc-conferinta-stiintifica-savantul-si-omul-de-cultura-leonid-cemortan","status":"publish","type":"post","link":"https:\/\/ich.md\/?p=2766","title":{"rendered":"La 9 noiembrie 2017 va avea loc conferin\u0163a \u015ftiin\u0163ific\u0103: Savantul \u015fi omul de cultur\u0103 \u2013 Leonid Cemortan"},"content":{"rendered":"<p style=\"text-align: center;\"><strong>Conferin\u0163a \u015ftiin\u0163ific\u0103<\/strong><\/p>\n<p style=\"text-align: center;\"><strong><em>Savantul \u015fi omul de cultur\u0103 \u2013 Leonid Cemortan<\/em><\/strong><\/p>\n<p style=\"text-align: center;\"><strong><em>(90 de ani de la na\u015ftere)<\/em><\/strong><\/p>\n<p><a href=\"http:\/\/ich.md\/wp-content\/uploads\/2017\/08\/cemortan.jpg\"><img decoding=\"async\" loading=\"lazy\" class=\"aligncenter wp-image-2767 size-medium\" src=\"http:\/\/ich.md\/wp-content\/uploads\/2017\/08\/cemortan-200x300.jpg\" alt=\"\" width=\"200\" height=\"300\" \/><\/a><\/p>\n<p style=\"text-align: center;\">INSTITUTUL PATRIMONIULUI CULTURAL AL A\u015eM<\/p>\n<p style=\"text-align: center;\">CENTRUL STUDIUL ARTELOR<\/p>\n<p>invit\u0103 comunitatea \u0219tiin\u021bific\u0103 \u0219i de crea\u021bie: cercet\u0103tori \u015ftiin\u0163ifici, oameni de art\u0103 \u015fi cultur\u0103, teatrologi, regizori, actori, studen\u0163i s\u0103 participe la\u00a0conferin\u0163a <strong>\u015ftiin\u0163ific\u0103 <em>Savantul \u015fi omul de cultur\u0103 \u2013 Leonid Cemortan<\/em><\/strong>, prilejuit\u0103 de \u00eemplinirea a 90 de ani de la na\u015fterea ilustrului savant, fondator al teatrologiei na\u0163ionale Leonid Cemortan (1927-2009).<\/p>\n<p>Doctor habilitat \u00een studiul artelor (1994), profesor universitar (1995), membru corespondent al Academiei de \u015etiin\u0163e a Moldovei (1995), el este autorul unor consistente monografii de specialitate: <em>Prietenul nostru teatrul<\/em> (1983), <em>Teatrul Na\u0163ional din Chi\u015fin\u0103u (1920-1935). Schi\u0163\u0103 istoric\u0103<\/em> (2000), <em>Actorul Eugeniu Ureche<\/em> (2005), <em>Valeriu Cupcea, actor \u015fi regizor<\/em> (2008). Pe parcursul anilor, cercet\u0103torul nostru a publicat peste 200 de studii \u015fi articole \u015ftiin\u0163ifice, unele dintre care au v\u0103zut lumina tiparului, \u00een diferite edi\u0163ii din Statele Unite ale Americii, Anglia, Rom\u00e2nia, Rusia, Austria\u2026 El este considerat, pe bun\u0103 dreptate, fondator al teatrologiei na\u0163ionale.<\/p>\n<p>\u00cens\u0103 dl Leonid Cemortan are o contribu\u0163ie inestimabil\u0103 \u015fi \u00een construc\u0163ia institu\u0163ional\u0103 din domeniul culturii noastre. Ca director al Filarmonicii de Stat (1957-1960) \u015fi viceprim-ministru al Culturii (1960-1963), d\u00e2nsul a fost unul dintre ini\u0163iatorii \u015fi promotorii reformei colectivelor scenice de art\u0103 popular\u0103, muzical\u0103 \u015fi coregrafic\u0103 pe filiera tradi\u0163iilor artistice na\u0163ionale (Orchestra \u201eFluiera\u015f\u201d, Ansamblul \u201eJoc\u201d, Capela coral\u0103 \u201eDoina\u201d). Dumnealui a participat nemijlocit la constituirea unor importante institu\u0163ii culturale: Teatrul \u201eVasile Alecsandri\u201d din B\u0103l\u0163i (1957), Studioul \u201eMoldova-film\u201d (1957), Teatrul republican pentru copii \u015fi tineret \u201eLuceaf\u0103rul\u201d (1960), precum \u015fi la inaugurarea Aleii Clasicilor (1958).<\/p>\n<p>Propunerile de participare \u2013 titlul comunic\u0103rii \u2013 vor fi trimise pe adresa Sec\u0163iei <em>Arte audiovizuale<\/em> a Institutului Patrimoniului Cultural \u00een format electronic.<\/p>\n<p>Data limit\u0103 pentru trimiterea propunerilor este de 25 septembrie 2017.<\/p>\n<p><strong>Lucr\u0103rile conferin\u0163e vor avea loc la 9 noiembrie 2017, la sediul Institutului Patrimoniului Cultural, Chi\u015fin\u0103u, bl. \u015etefan cel Mare, 1, Sala Mic\u0103.<\/strong><\/p>\n<p>Pentru informa\u0163ie \u015fi coresponden\u0163\u0103:<\/p>\n<p>Violeta Tipa<\/p>\n<p><a href=\"mailto:violeta_tipa@yahoo.com\">violeta_tipa@yahoo.com<\/a><\/p>\n<p>tel: 022. 27.00.48<\/p>\n","protected":false},"excerpt":{"rendered":"<p>Conferin\u0163a \u015ftiin\u0163ific\u0103 Savantul \u015fi omul de cultur\u0103 \u2013 Leonid Cemortan (90 de ani de la na\u015ftere) INSTITUTUL PATRIMONIULUI CULTURAL AL A\u015eM CENTRUL STUDIUL ARTELOR invit\u0103<span class=\"read-more-link\"><a class=\"read-more\" href=\"https:\/\/ich.md\/?p=2766\">Read More<\/a><\/span><\/p>\n","protected":false},"author":2,"featured_media":0,"comment_status":"closed","ping_status":"closed","sticky":false,"template":"","format":"standard","meta":[],"categories":[10],"tags":[],"_links":{"self":[{"href":"https:\/\/ich.md\/index.php?rest_route=\/wp\/v2\/posts\/2766"}],"collection":[{"href":"https:\/\/ich.md\/index.php?rest_route=\/wp\/v2\/posts"}],"about":[{"href":"https:\/\/ich.md\/index.php?rest_route=\/wp\/v2\/types\/post"}],"author":[{"embeddable":true,"href":"https:\/\/ich.md\/index.php?rest_route=\/wp\/v2\/users\/2"}],"replies":[{"embeddable":true,"href":"https:\/\/ich.md\/index.php?rest_route=%2Fwp%2Fv2%2Fcomments&post=2766"}],"version-history":[{"count":5,"href":"https:\/\/ich.md\/index.php?rest_route=\/wp\/v2\/posts\/2766\/revisions"}],"predecessor-version":[{"id":2775,"href":"https:\/\/ich.md\/index.php?rest_route=\/wp\/v2\/posts\/2766\/revisions\/2775"}],"wp:attachment":[{"href":"https:\/\/ich.md\/index.php?rest_route=%2Fwp%2Fv2%2Fmedia&parent=2766"}],"wp:term":[{"taxonomy":"category","embeddable":true,"href":"https:\/\/ich.md\/index.php?rest_route=%2Fwp%2Fv2%2Fcategories&post=2766"},{"taxonomy":"post_tag","embeddable":true,"href":"https:\/\/ich.md\/index.php?rest_route=%2Fwp%2Fv2%2Ftags&post=2766"}],"curies":[{"name":"wp","href":"https:\/\/api.w.org\/{rel}","templated":true}]}}