{"id":2780,"date":"2017-09-05T16:07:27","date_gmt":"2017-09-05T12:07:27","guid":{"rendered":"http:\/\/ich.md\/?p=2780"},"modified":"2017-09-05T16:07:27","modified_gmt":"2017-09-05T12:07:27","slug":"sincere-si-calde-felicitari-domnului-academician-mihai-cimpoi-cu-ocazia-frumoasei-aniversari","status":"publish","type":"post","link":"https:\/\/ich.md\/?p=2780","title":{"rendered":"Sincere \u0219i calde felicit\u0103ri  domnului academician Mihai CIMPOI cu ocazia frumoasei anivers\u0103ri"},"content":{"rendered":"<p>Cu ocazia frumoasei anivers\u0103ri, s\u0103rb\u0103torit\u0103 pe 3 septembrie de c\u0103tre domnul academician <strong>Mihai CIMPOI<\/strong>, colectivul Institutului Patrimoniului Cultural al Academiei de \u0218tiin\u021be a Moldovei \u00eei aduce sincere \u0219i calde felicit\u0103ri \u0219i-i ureaz\u0103 cu tot respectul, \u201e<strong>La mul\u021bi ani !<\/strong>\u201d<\/p>\n<p><a href=\"http:\/\/ich.md\/wp-content\/uploads\/2017\/09\/FELICITARE.M.Cimpoi.jpg\"><img decoding=\"async\" loading=\"lazy\" class=\"aligncenter size-large wp-image-2781\" src=\"http:\/\/ich.md\/wp-content\/uploads\/2017\/09\/FELICITARE.M.Cimpoi-722x1024.jpg\" alt=\"\" width=\"640\" height=\"908\" \/><\/a><\/p>\n","protected":false},"excerpt":{"rendered":"<p>Cu ocazia frumoasei anivers\u0103ri, s\u0103rb\u0103torit\u0103 pe 3 septembrie de c\u0103tre domnul academician Mihai CIMPOI, colectivul Institutului Patrimoniului Cultural al Academiei de \u0218tiin\u021be a Moldovei \u00eei<span class=\"read-more-link\"><a class=\"read-more\" href=\"https:\/\/ich.md\/?p=2780\">Read More<\/a><\/span><\/p>\n","protected":false},"author":2,"featured_media":0,"comment_status":"closed","ping_status":"closed","sticky":false,"template":"","format":"standard","meta":[],"categories":[10],"tags":[],"_links":{"self":[{"href":"https:\/\/ich.md\/index.php?rest_route=\/wp\/v2\/posts\/2780"}],"collection":[{"href":"https:\/\/ich.md\/index.php?rest_route=\/wp\/v2\/posts"}],"about":[{"href":"https:\/\/ich.md\/index.php?rest_route=\/wp\/v2\/types\/post"}],"author":[{"embeddable":true,"href":"https:\/\/ich.md\/index.php?rest_route=\/wp\/v2\/users\/2"}],"replies":[{"embeddable":true,"href":"https:\/\/ich.md\/index.php?rest_route=%2Fwp%2Fv2%2Fcomments&post=2780"}],"version-history":[{"count":2,"href":"https:\/\/ich.md\/index.php?rest_route=\/wp\/v2\/posts\/2780\/revisions"}],"predecessor-version":[{"id":2783,"href":"https:\/\/ich.md\/index.php?rest_route=\/wp\/v2\/posts\/2780\/revisions\/2783"}],"wp:attachment":[{"href":"https:\/\/ich.md\/index.php?rest_route=%2Fwp%2Fv2%2Fmedia&parent=2780"}],"wp:term":[{"taxonomy":"category","embeddable":true,"href":"https:\/\/ich.md\/index.php?rest_route=%2Fwp%2Fv2%2Fcategories&post=2780"},{"taxonomy":"post_tag","embeddable":true,"href":"https:\/\/ich.md\/index.php?rest_route=%2Fwp%2Fv2%2Ftags&post=2780"}],"curies":[{"name":"wp","href":"https:\/\/api.w.org\/{rel}","templated":true}]}}