{"id":3010,"date":"2018-02-22T14:18:22","date_gmt":"2018-02-22T10:18:22","guid":{"rendered":"http:\/\/ich.md\/?p=3010"},"modified":"2018-02-22T16:58:22","modified_gmt":"2018-02-22T12:58:22","slug":"aparitii-editoariale-ale-ipc-in-anul-2017-2-monografii-editate-peste-hotare","status":"publish","type":"post","link":"https:\/\/ich.md\/?p=3010","title":{"rendered":"APARI\u021aII EDITOARIALE ALE IPC \u00ceN ANUL 2017: 14 MONOGRAFII"},"content":{"rendered":"<p style=\"text-align: left;\"><strong>\u00a02 MONOGRAFII EDITATE \u00ceN AFARA \u021a\u0102RII<\/strong><\/p>\n<table class=\" alignleft\">\n<tbody>\n<tr>\n<td rowspan=\"2\" width=\"160\"><strong>\u00a0<a href=\"http:\/\/ich.md\/wp-content\/uploads\/2018\/02\/onica-1.jpg\"><img decoding=\"async\" loading=\"lazy\" class=\"size-full wp-image-3012 alignleft\" src=\"http:\/\/ich.md\/wp-content\/uploads\/2018\/02\/onica-1.jpg\" alt=\"\" width=\"413\" height=\"630\" \/><\/a><\/strong><\/td>\n<td style=\"text-align: left;\" width=\"482\"><strong>ONICA, D. <em>Peisajul cultural rural dintre Prut \u015fi Nistru. Aspecte etnogeografice<\/em>. Bucure\u015fti: Editura Etnologic\u0103, 2017. 214 p.<\/strong><\/td>\n<\/tr>\n<tr>\n<td width=\"482\">\u00cen paginile lucr\u0103rii este explicat conceptul de peisaj cultural rural, uzit\u00e2nd suportul legislativ interna\u021bional, disciplinele \u0219tiin\u021bifice \u0219i materialul empiric de teren. Este interpretat\u0103 sintetizat dinamica elementelor de cultur\u0103 material\u0103 \u0219i spiritual\u0103 ce fiin\u021beaz\u0103 \u00een cadrul satului, ca fiind un model de locuire \u0219i un spa\u021biu de tezaurizare a tuturor cuno\u0219tin\u021belor prin care omul s-a adaptat la condi\u021biile naturale locale \u0219i a modelat peisajul \u00een baza unor tipare culturale. Sunt stabilite, analizate \u0219i caracterizate taxonomia peisajelor etnografice prezente \u00een spa\u021biul rural, sesiza\u021bi factorii de evolu\u021bie \u0219i involu\u021bie a peisajului rural, \u0219i corespunz\u0103tor oferit solu\u021bii privind dezvoltarea durabil\u0103 a comunit\u0103\u021bii rurale.<\/td>\n<\/tr>\n<tr>\n<td rowspan=\"2\" width=\"160\"><strong>\u00a0<a href=\"http:\/\/ich.md\/wp-content\/uploads\/2018\/02\/anisiutchin.jpg\"><img decoding=\"async\" loading=\"lazy\" class=\"aligncenter size-full wp-image-3013\" src=\"http:\/\/ich.md\/wp-content\/uploads\/2018\/02\/anisiutchin.jpg\" alt=\"\" width=\"256\" height=\"369\" \/><\/a><\/strong><\/td>\n<td style=\"text-align: left;\" width=\"482\"><strong>\u0410\u041d\u0418\u0421\u042e\u0422\u041a\u0418\u041d, \u041d.\u041a.; \u041a\u0415\u0422\u0420\u0410\u0420\u0423, \u041d.\u0410.; \u041a\u041e\u0412\u0410\u041b\u0415\u041d\u041a\u041e, \u0421.\u0418. <em>\u041c\u043d\u043e\u0433\u043e\u0441\u043b\u043e\u0439\u043d\u0430\u044f \u043f\u0430\u043b\u0435\u043e\u043b\u0438\u0442\u0438\u0447\u0435\u0441\u043a\u0430\u044f \u0441\u0442\u043e\u044f\u043d\u043a\u0430 \u0432 \u0433\u0440\u043e\u0442\u0435 \u0421\u0442\u0430\u0440\u044b\u0435 \u0414\u0443\u0440\u0443\u0438\u0442\u043e\u0440\u044b \u0438 \u043c\u0435\u0441\u0442\u043e \u0435\u0435 \u043a\u0430\u043c\u0435\u043d\u043d\u044b\u0445 \u0438\u043d\u0434\u0443\u0441\u0442\u0440\u0438\u0439 \u0432 \u0440\u0430\u043d\u043d\u0435\u043c \u0438 \u0441\u0440\u0435\u0434\u043d\u0435\u043c \u043f\u0430\u043b\u0435\u043e\u043b\u0438\u0442\u0435 \u0415\u0432\u0440\u043e\u043f\u044b<\/em>. \u0421\u0430\u043d\u043a\u0442-\u041f\u0435\u0442\u0435\u0440\u0431\u0443\u0440\u0433: \u041d\u0435\u0441\u0442\u043e\u0440-\u0418\u0441\u0442\u043e\u0440\u0438\u044f. 2017. 196 \u0440.<\/strong><\/td>\n<\/tr>\n<tr>\n<td style=\"text-align: left;\" width=\"482\">Monografia semnat\u0103 de un colectiv de autori din Republica Moldova \u015fi Federa\u0163ia Rus\u0103 are drept subiect materialele provenite din grota Duruitoarea Veche \u00een urma cercet\u0103rilor arheologice efectuate \u00een anii \u02bc50-\u02bc70 ai secolului trecut. Situl arheologic este unul de referin\u0163\u0103 pentru spa\u0163iul carpato-nistrean. \u00cen cele opt capitole sunt reflectate istoricul cercet\u0103rilor, mediul natural \u00een pleistocen din bazinul mijlociu al Prutului, stratigrafia atestat\u0103 \u00een grot\u0103, flora \u015fi fauna. Un loc aparte \u00eel ocup\u0103 analiza minu\u0163ioas\u0103 a materialului litic \u015fi de os atribuit paleoliticului inferior, mijlociu \u015fi superior. Prin opinii argumentate este stabilit\u0103 pozi\u0163ia cultural-cronologic\u0103 a nivelelor de locuire atestate \u00een grota vizat\u0103.<\/td>\n<\/tr>\n<\/tbody>\n<\/table>\n<p style=\"text-align: left;\"><strong>\u00a0<\/strong><\/p>\n<p style=\"text-align: left;\"><strong>12 MONOGRAFII EDITATE \u00ceN REPUBLICA MOLDOVA<\/strong><\/p>\n<table class=\" alignleft\">\n<tbody>\n<tr>\n<td rowspan=\"2\" width=\"160\"><strong>\u00a0<a href=\"http:\/\/ich.md\/wp-content\/uploads\/2018\/02\/Condraticova.jpg\"><img decoding=\"async\" loading=\"lazy\" class=\"aligncenter size-full wp-image-3020\" src=\"http:\/\/ich.md\/wp-content\/uploads\/2018\/02\/Condraticova.jpg\" alt=\"\" width=\"469\" height=\"648\" \/><\/a><\/strong><\/td>\n<td width=\"482\"><strong>CONDRATICOVA, L. <em>Arta metalelor din Basarabia (secolul al XIX-lea \u2013 prima jum\u0103tate a secolului al XX-lea)<\/em>. Red. \u0219t. P. COC\u00c2RL\u0102. Ch.: f.e. (Tipogr.: Grafema Libris), 2017. 384 p. <\/strong><\/td>\n<\/tr>\n<tr>\n<td width=\"482\">Monografia <em>Arta metalelor din Basarabia (secolul al XIX-lea \u2013 prima jum\u0103tate a secolului al XX-lea) <\/em>a fost realizat\u0103 la Institutul Patrimoniului Cultural al A\u0218M \u0219i este publicat\u0103 \u00een cadrul concursului \u201eEditarea monografiilor \u0219tiin\u021bifice (lucr\u0103ri de valoare) pentru anul 2016\u201d. Volumul reprezint\u0103 o apari\u021bie editorial\u0103 necesar\u0103 at\u00e2t mediului academic, cercet\u0103torilor din domeniul istoriei, studiul artelor \u0219i culturologiei, cat \u0219i muzeografilor, fe\u021belor biserice\u0219ti, arti\u0219tilor plastici. Lucrarea este structurat\u0103 \u00een cinci capitole cu numeroase subcapitole, fapt ce a permis autorului s\u0103 cuprind\u0103 un spectru variat de probleme legate de evolu\u021bia orfevr\u0103riei \u0219i feroneriei din Basarabia \u00een limitele cronologice stabilite. Lucrarea este realizat\u0103 \u00een baza unui suport arhivistic bogat \u0219i variat. Au fost examinate piese din metal aflate \u00een custodia muzeelor din Republica Moldova (Muzeul Na\u021bional de Istorie a Moldovei, Muzeul Na\u021bional de Art\u0103 al Moldovei, Muzeul Na\u021bional de Etnografie \u0219i Istorie Natural\u0103), Rom\u00e2nia, Ucraina, materialele fiind completate de rezultatele document\u0103rilor pe teren<\/td>\n<\/tr>\n<tr>\n<td rowspan=\"2\" width=\"160\"><strong>\u00a0<a href=\"http:\/\/ich.md\/wp-content\/uploads\/2018\/02\/Duminica.jpg\"><img decoding=\"async\" loading=\"lazy\" class=\"aligncenter size-full wp-image-3021\" src=\"http:\/\/ich.md\/wp-content\/uploads\/2018\/02\/Duminica.jpg\" alt=\"\" width=\"468\" height=\"691\" \/><\/a><\/strong><\/td>\n<td width=\"482\"><strong>DUMINICA, Ivan. <em>Coloniile bulgarilor \u00een Basarabia (1774\u20131856)<\/em>. Red. \u015ft. I. GUMEN\u00c2I, N. CERVENCOV. Ch: Tipografia \u201eLexon-Prim\u201d, 2017. 384 p. <\/strong><\/td>\n<\/tr>\n<tr>\n<td width=\"482\">Lucrarea este editat\u0103 \u00een baza documentelor de arhiva care abordeaz\u0103 subiectul emigr\u0103rii, stabilirii \u015fi dezvolt\u0103rii bulgarilor \u00een Basarabia la sf\u00e2r\u015fitul secolului al XVIII \u2013 \u00eenceputul secolului al XIX. Autorul a indentificat regiunele \u015fi localit\u0103\u0163ile din Bulgaria, de unde au emigrat bulgarii \u00een Basarabia. Istoricii vor primi explica\u0163ii cu caracter novator \u00een baza unor surse documentare noi cu privirea la intemeierea unor colonii bulgare. Aspectele social-economice sunt cercetate dintr unghi de vedere nou, fiind scos \u00een vedere rolul coloni\u015ftilor bulgari \u00een dezvoltarea economiei Basarabiei de Sud. Autorul a abordat \u015fi subiectul st\u0103rii spirituale \u015fi educa\u0163ionale \u00een coloniile emigran\u0163ilor transdanubieni din Bugeac.<\/td>\n<\/tr>\n<tr>\n<td rowspan=\"2\" width=\"160\"><strong>\u00a0<a href=\"http:\/\/ich.md\/wp-content\/uploads\/2018\/02\/ghila\u0219.png\"><img decoding=\"async\" loading=\"lazy\" class=\"aligncenter size-full wp-image-3022\" src=\"http:\/\/ich.md\/wp-content\/uploads\/2018\/02\/ghila\u0219.png\" alt=\"\" width=\"395\" height=\"537\" \/><\/a><\/strong><\/td>\n<td width=\"482\"><strong>GHILA\u0218, A. <em>Discursul teatral \u2013 \u00eentre text \u0219i contexte<\/em>. Ch.: Lexon Prim, 2017. 192 p. <\/strong><\/td>\n<\/tr>\n<tr>\n<td width=\"482\">Lucrarea abordeaz\u0103 problema rela\u021biei text dramaturgic \u2013 context cultural, social &#8211; discurs teatral, \u00een consonan\u021b\u0103 cu ideile semioticii ca meta\u0219tiin\u021b\u0103 a comunic\u0103rii.\u00cen acest sens, este analizat\u0103 structura textului dramaturgic al lui I. Dru\u021b\u0103 la nivelul didascaliei, al rela\u021biei teatralitate \u2013 literaritate, al intertextualit\u0103\u021bii. La analiza \u0219i interpretarea discursului teatral ca re\u021bea complex\u0103 a diferitor tipuri de semne sunt reliefate anumite elemente ale unei asemenea comunic\u0103ri (regie, arta actorului, scenografie), \u00een baza dramaturgiei lui D. Matcovschi \u0219i a individualit\u0103\u021bii creatoare Mihai Volontir.<\/td>\n<\/tr>\n<tr>\n<td rowspan=\"2\" width=\"160\"><strong>\u00a0<a href=\"http:\/\/ich.md\/wp-content\/uploads\/2018\/02\/Gradinaru.png\"><img decoding=\"async\" loading=\"lazy\" class=\"aligncenter size-full wp-image-3026\" src=\"http:\/\/ich.md\/wp-content\/uploads\/2018\/02\/Gradinaru.png\" alt=\"\" width=\"408\" height=\"562\" \/><\/a><\/strong><\/td>\n<td width=\"482\"><strong>GR\u0102DINARU, N. <em>Cuno\u015ftin\u0163e \u015fi practice de medicin\u0103 popular\u0103 \u00een Basarabia. Aspecte istorico-etnografice. <\/em>Red. \u0219t. O. LUCHIANE\u021a. Ch.: Notograf Prim, 2017. 212 p. <\/strong><\/td>\n<\/tr>\n<tr>\n<td width=\"482\">Lucrarea vizeaz\u0103 realizarea unei cercet\u0103ri complexe a fenomenologiei medicinii populare care s\u0103 cuprind\u0103 omul bolnav, boala, dar \u015fi reprezent\u0103rile societ\u0103\u0163ii despre s\u0103n\u0103tate \u015fi boal\u0103; lecuitorul tradi\u0163ional \u015fi practicile sale destul de variate, statutul celor implica\u0163i \u00een acest univers, imaginile, simbolurile, credin\u0163ele \u015fi supersti\u0163iile care erau parte a viziunii tradi\u0163ionale asupra lumii. Obiectivele cercet\u0103rii consist\u0103 \u00een definirea conceptului de medicin\u0103 popular\u0103 \u015fi derivatelor acesteia, determinarea unor puncte teoretice \u015fi istoriografice de reper \u00een tratarea problemei; relevarea practicilor medicinale, structurii \u015fi aspectului lor sincretic care valorizeaz\u0103 semnifica\u0163iile simbolice ale locului, timpului, ustensilelor \u015fi condi\u0163iilor de desf\u0103\u015furare a riturilor; identificarea particularit\u0103\u0163ilor specifice medicinii populare basarabene \u00een perioada cronologic\u0103 propus\u0103 \u015fi premisele definirii lor; investigarea c\u0103ilor de transmitere \u015fi p\u0103strare a cuno\u015ftin\u0163elor de medicin\u0103 popular\u0103; precizarea statutului \u015fi rolului terapeutului popular \u00een comunitatea tradi\u0163ional\u0103; identificarea coordonatelor medicale \u015fi culturale legate de experien\u0163a de boal\u0103 \u015fi ilustrarea reprezent\u0103rilor pe care comunitatea le construia despre omul s\u0103n\u0103tos; determinarea importan\u0163ei cercet\u0103rii medicinii populare pentru relevarea aspectelor definitorii ale mentalit\u0103\u0163ii tradi\u0163ionale.<\/td>\n<\/tr>\n<tr>\n<td rowspan=\"2\" width=\"160\"><strong>\u00a0<a href=\"http:\/\/ich.md\/wp-content\/uploads\/2018\/02\/Moisei1.jpg\"><img decoding=\"async\" loading=\"lazy\" class=\"aligncenter size-full wp-image-3032\" src=\"http:\/\/ich.md\/wp-content\/uploads\/2018\/02\/Moisei1.jpg\" alt=\"\" width=\"591\" height=\"830\" \/><\/a><\/strong><\/td>\n<td width=\"482\"><strong>MOISEI, L. <em>Ornamentul \u2013 fenomen artistico-estetic (viziuni ontologice \u015fi estetice asupra ornamentelor \u0163es\u0103turii tradi\u0163ionale). <\/em>Ch.: Pontos, 2017. 200 p. <\/strong><\/td>\n<\/tr>\n<tr>\n<td width=\"482\">Monografia <em>Ornamentul \u2013 fenomen artistico-estetic <\/em>este o lucrare de sintez\u0103 asupra ornamentului ca element al identit\u0103\u0163ii culturale. Monografia analizeaz\u0103 \u0163es\u0103turile tradi\u0163ionale de interior din Republica Moldova, care prin decorul caracteristic reprezint\u0103 aspecte identitare ale patrimoniului cultural. Lucrarea abordeaz\u0103 aspecte precum evolu\u0163ia ornamenticii, func\u0163iile artei ornamentale, caracteristicile estetice tradi\u0163ionale \u015fi moderne ale \u0163es\u0103turilor, precum \u015fi descifrarea semiotic\u0103 a celor mai reprezentative motive decorative. Aceste aspecte sunt abordate prin prisma istoriografiei \u015fi completate sau confirmate prin informa\u0163ia etnografic\u0103 de teren. Lucrarea are caracter interdisciplinar, subiectul abordat fiind elucidat prin mai multe paliere \u015ftiin\u0163ifice (istorie, antropologie, art\u0103, filosofie, mitologie \u015f.a.).<\/td>\n<\/tr>\n<tr>\n<td rowspan=\"2\" width=\"160\"><strong>\u00a0<a href=\"http:\/\/ich.md\/wp-content\/uploads\/2018\/02\/Olarescu.jpg\"><img decoding=\"async\" loading=\"lazy\" class=\"aligncenter size-full wp-image-3028\" src=\"http:\/\/ich.md\/wp-content\/uploads\/2018\/02\/Olarescu.jpg\" alt=\"\" width=\"494\" height=\"639\" \/><\/a><\/strong><\/td>\n<td width=\"482\"><strong>OL\u0102RESCU, D. <em>Hermeneutica filmului despre art\u0103. <\/em>Ch: Epigraf, 2017. 350 p. <\/strong><\/td>\n<\/tr>\n<tr>\n<td width=\"482\">Autorul \u015fi-a orientat cercet\u0103rile sale spre un gen de art\u0103 cinematografic\u0103 important, dar mai pu\u0163in studiat \u2013 filmul documentar despre art\u0103, cu menirea de a propaga frumosul \u015fi umanul. Prin analiza unor argumente concludente din cinematografia autohton\u0103 \u015fi cea european\u0103 se elucideaz\u0103 personalit\u0103\u0163ile importante precum \u015fi etapele de baz\u0103 ale evolu\u0163iei genului respectiv. \u00cen studiu se abordeaz\u0103 diverse aspecte (unele cu statut de pionierat) comune filmului autohton \u015fi celui european, precum hermeneutica filmului despre art\u0103, valorificarea artelor prin film, re-interpretarea estetic\u0103 a interpret\u0103rii realit\u0103\u0163ii, intertextualitatea \u015fi alte probleme. Toate acestea plaseaz\u0103 filmul moldovenesc dedicat artelor \u00een contextul evolu\u0163iei artei cinematografice europene.<\/td>\n<\/tr>\n<tr>\n<td rowspan=\"2\" width=\"160\"><strong>\u00a0<a href=\"http:\/\/ich.md\/wp-content\/uploads\/2018\/02\/Plamadeala.jpg\"><img decoding=\"async\" loading=\"lazy\" class=\"aligncenter size-full wp-image-3030\" src=\"http:\/\/ich.md\/wp-content\/uploads\/2018\/02\/Plamadeala.jpg\" alt=\"\" width=\"433\" height=\"610\" \/><\/a><\/strong><\/td>\n<td width=\"482\"><strong>PL\u0102M\u0102DEAL\u0102, A.-M. <em>Emil Loteanu: Splendoarea \u015fi pr\u0103bu\u015firea visului romantic. <\/em>Ch.: Epigraf, 2017. 220 p., <\/strong><\/td>\n<\/tr>\n<tr>\n<td width=\"482\">Monografia <em>Emil Loteanu \u201cSplendoarea \u015fi pr\u0103bu\u015firea visului romantic\u201d <\/em>axat\u0103 pe dialogul interior dintre analiza filmologic\u0103 \u015fi psihanaliza biografiei artistului ,a scos \u00een eviden\u021b\u0103 substan\u021ba mitic\u0103 a discursului neoromantic a cineastului ,semnal\u00e2nd fenomenul cristaliz\u0103rii miturilor personale. Polifonismul excep\u0163ional al operei maestrului a fost relevat prin intermediul alter \u015fi super egourilor (natura, eroul liric ,muzica, poezia), iar etapa migr\u0103rii la Moscova con\u015ftientizat\u0103 \u00een contextul dramatic al p\u0103r\u0103sirii patriei reg\u0103site \u015fi imanen\u0163ii transform\u0103rii refugiului \u00een exil. S-a elucidat aportul semnificativ al lui Emil Loteanu at\u00e2t la \u00eembog\u0103\u0163irea neo-romantismului est-european \u015fi universal c\u00e2t \u015fi la valorificarea miturilor arhepurilor, virtu\u0163ilor neamului.<\/td>\n<\/tr>\n<tr>\n<td rowspan=\"2\" width=\"160\"><strong>\u00a0<a href=\"http:\/\/ich.md\/wp-content\/uploads\/2018\/02\/procop.jpg\"><img decoding=\"async\" loading=\"lazy\" class=\"aligncenter size-full wp-image-3031\" src=\"http:\/\/ich.md\/wp-content\/uploads\/2018\/02\/procop.jpg\" alt=\"\" width=\"636\" height=\"651\" \/><\/a><\/strong><\/td>\n<td width=\"482\"><strong>PROCOP, N. <em>Batik-ul din Moldova<\/em>. Ch.: Balacron, 2017. 134 p. <\/strong><\/td>\n<\/tr>\n<tr>\n<td width=\"482\">Monografia <strong><em>Batik-ul din Moldova<\/em><\/strong>, elaborat\u0103 \u00een cadrul Centrului Studiul Artelor al Institutului Patrimoniului Cultural al Academiei de \u015etiin\u0163e a Moldovei, prezint\u0103, f\u0103r\u0103 nicio \u00eendoial\u0103, o contribu\u0163ie \u015ftiin\u0163ific\u0103 esen\u0163ial\u0103 la elucidarea istoriei artelor decorative contemporane din Republica Moldova. Batik-ul ca gen de art\u0103 nu a mai constituit anterior un subiect de studiu al speciali\u015ftilor, cercet\u0103torii manifest\u00e2nd interes \u00een special pentru tapiserie, ceramic\u0103 etc. Lucrarea vine s\u0103 \u00eemplineasc\u0103 un gol considerabil \u00een istoria artelor na\u0163ionale \u015fi s\u0103 readuc\u0103 \u00een circuit tehnici, opere, nume de arti\u015fti care au creat \u00een acest domeniu cu totul aparte.<\/td>\n<\/tr>\n<tr>\n<td rowspan=\"2\" width=\"160\"><strong>\u00a0<a href=\"http:\/\/ich.md\/wp-content\/uploads\/2018\/02\/Kvilinkova.jpg\"><img decoding=\"async\" loading=\"lazy\" class=\"aligncenter size-full wp-image-3027\" src=\"http:\/\/ich.md\/wp-content\/uploads\/2018\/02\/Kvilinkova.jpg\" alt=\"\" width=\"293\" height=\"469\" \/><\/a><\/strong><\/td>\n<td width=\"482\"><strong>\u041a\u0412\u0418\u041b\u0418\u041d\u041a\u041e\u0412\u0410, \u0415. <em>\u0425\u0430\u0434\u0436\u044b\u043b\u044b\u043a \u0443 \u0433\u0430\u0433\u0430\u0443\u0437\u043e\u0432 \u043a\u0430\u043a \u0440\u0435\u043b\u0438\u0433\u0438\u043e\u0437\u043d\u044b\u0439 \u0438 \u044d\u0442\u043d\u043e\u043a\u0443\u043b\u044c\u0442\u0443\u0440\u043d\u044b\u0439 \u0444\u0435\u043d\u043e\u043c\u0435\u043d: \u043e\u0442 \u043f\u0440\u043e\u0448\u043b\u043e\u0433\u043e \u043a \u043d\u0430\u0441\u0442\u043e\u044f\u0449\u0435\u043c\u0443<\/em>. Red<\/strong><strong>. resp<\/strong><strong>. Z<\/strong><strong>. Anayban<\/strong><strong>. Ch<\/strong><strong>.: Tipografia<\/strong><strong> Central<\/strong><strong>\u0103, 2017. 424 p<\/strong><strong>. <\/strong><\/td>\n<\/tr>\n<tr>\n<td width=\"482\">\u00cen cadrul monografiei este studiat fenomenul religios \u015fi etnocultural al g\u0103g\u0103uzilor <em>hadjal\u00eec <\/em>\u2013 pelerinajul la Ierusalim pentru \u00eenchinare la Morm\u00e2ntul Domnului. \u00cen urma realiz\u0103rii cercet\u0103rilor, autorul a relevat cele mai caracteristice tr\u0103s\u0103turi ale acestui fenomen specific g\u0103g\u0103uzilor, care con\u0163ine at\u00e2t elemente congruente c\u00e2t \u015fi aspecte distincte vizavi de hadjal\u00eecul popoarelor ortodoxe balcanice \u015fi de hadjul musulmanilor. Analiza formei \u015fi con\u0163inutului tradi\u0163iei hadjal\u00eec, efectuat\u0103 \u00een aceast\u0103 monografie, a permis s\u0103 se ajung\u0103 la concluzia c\u0103 practicarea acestuia se \u00eencadreaz\u0103 \u00een contextul comun al specificului balcanic cu practicile populare de m\u0103rturisire \u00een mas\u0103 a credin\u0163ei de c\u0103tre popoarele cre\u015ftine din zon\u0103. \u00cen cadrul lucr\u0103rii autorul conchide c\u0103 tradi\u0163ia pelerinajului, r\u0103sp\u00e2ndit\u0103 pe larg printre g\u0103g\u0103uzi, demonstreaz\u0103 spiritualitatea poporului g\u0103g\u0103uz \u015fi de asemenea subliniaz\u0103 importan\u0163a credin\u0163ei ortodoxe, drept o component\u0103 de baz\u0103 a identit\u0103\u0163ii etnice. Hadjal\u00e2cul, fiind un fenomen religios \u015fi etnocultural unic, reprezint\u0103 o parte indispensabil\u0103 a patrimoniului imaterial g\u0103g\u0103uz, \u00eendepline\u015fte func\u0163ia de re\u00eennoire spiritual\u0103 \u015fi dezvoltare cultural\u0103 a poporului g\u0103g\u0103uz.<\/td>\n<\/tr>\n<tr>\n<td rowspan=\"2\" width=\"160\"><strong>\u00a0<a href=\"http:\/\/ich.md\/wp-content\/uploads\/2018\/02\/Covalov.jpg\"><img decoding=\"async\" loading=\"lazy\" class=\"aligncenter size-full wp-image-3033\" src=\"http:\/\/ich.md\/wp-content\/uploads\/2018\/02\/Covalov.jpg\" alt=\"\" width=\"523\" height=\"703\" \/><\/a><\/strong><\/td>\n<td width=\"482\"><strong>\u041a\u041e\u0412\u0410\u041b\u041e\u0412, \u0410. <em>\u041a\u0430\u043b\u0435\u043d\u0434\u0430\u0440\u043d\u0430\u044f \u043e\u0431\u0440\u044f\u0434\u043d\u043e\u0441\u0442\u044c \u0431\u043e\u043b\u0433\u0430\u0440 \u0420\u0435\u0441\u043f\u0443\u0431\u043b\u0438\u043a\u0438 \u041c\u043e\u043b\u0434\u043e\u0432\u0430. <\/em>Red. \u015ft. V. STEPANOV. Ch.: Reclama. S. n., 2017. 260 \u0440. ISBN 978-9975-58-129-5. <\/strong><\/td>\n<\/tr>\n<tr>\n<td width=\"482\">\u00cen monografie, pe baza materialului cules de autor (pe teren \u015fi din surse publicate, documentare) \u00eentr-o serie de localit\u0103\u0163i din RM, cu popula\u0163ie preponderent de etnie bulgar\u0103, precum \u015fi \u00een c\u00e2teva a\u015fez\u0103ri de pe teritoriul Republicii Bulgaria, de unde \u00ee\u015fi trag ob\u00e2r\u015fia bulgarii localit\u0103\u0163ilor respective din RM, a fost examinat, descris \u015fi prezentat \u00eentreg ciclul anual de s\u0103rb\u0103tori, obiceiuri \u015fi datini calendaristice ale bulgarilor din RM. Au fost, de asemenea, dezv\u0103luite semantica obiceiurilor \u015fi a folclorului ce \u0163ine de aceste tradi\u0163ii, c\u00e2t \u015fi specificul terminologiei corespunz\u0103toare; s-a efectuat confruntarea rezultatelor ob\u0163inute at\u00e2t cu cele din sistemul de obiceiuri ce d\u0103inuiesc pe tot cuprinsul Bulgariei, precum \u015fi cu cele regionale; \u00een fine, au fost eviden\u0163iate interac\u0163iunile obiceiurilor \u015fi datinilor comunit\u0103\u0163ii bulgare locale cu cele ale etniilor conlocuitoare din sudul Moldovei.<\/td>\n<\/tr>\n<tr>\n<td rowspan=\"2\" width=\"160\"><strong>\u00a0<a href=\"http:\/\/ich.md\/wp-content\/uploads\/2018\/02\/Cusnir.jpg\"><img decoding=\"async\" loading=\"lazy\" class=\"aligncenter size-full wp-image-3024\" src=\"http:\/\/ich.md\/wp-content\/uploads\/2018\/02\/Cusnir.jpg\" alt=\"\" width=\"293\" height=\"469\" \/><\/a><\/strong><\/td>\n<td width=\"482\"><strong>\u041a\u0423\u0428\u041d\u0418\u0420, \u0416. <em>\u0424\u0435\u043d\u043e\u043c\u0435\u043d \u0433\u0443\u043c\u0430\u043d\u0438\u0437\u0430\u0446\u0438\u0438 \u043c\u0438\u0444\u0430 \u0432 \u0438\u043d\u0442\u0435\u043b\u043b\u0435\u043a\u0442\u0443\u0430\u043b\u044c\u043d\u043e\u0439 \u043f\u0440\u043e\u0437\u0435 <\/em><em>XX<\/em><\/strong><strong><em> \u0432\u0435\u043a\u0430<\/em><\/strong><strong>. Cons<\/strong><strong>. \u015ft<\/strong><strong>. E<\/strong><strong>. Prus<\/strong><strong>. Ch<\/strong><strong>.: Pontos<\/strong><strong>, 2017. 352 p<\/strong><strong>. ISBN<\/strong><strong> 978-9975-51-821-5. <\/strong><\/td>\n<\/tr>\n<tr>\n<td width=\"482\">\u00cen cadrul monografiei \u201e\u0424\u0435\u043d\u043e\u043c\u0435\u043d \u0433\u0443\u043c\u0430\u043d\u0438\u0437\u0430\u0446\u0438\u0438 \u043c\u0438\u0444\u0430 \u0432 \u0438\u043d\u0442\u0435\u043b\u043b\u0435\u043a\u0442\u0443\u0430\u043b\u044c\u043d\u043e\u0439 \u043f\u0440\u043e\u0437\u0435 XX \u0432\u0435\u043a\u0430\u201d, este oferit\u0103 \u00een premier\u0103 definirea \u015ftiin\u0163ific\u0103 a fenomenului literar <em>umanizarea mitului<\/em>, caracterizat prin completitudine, coeren\u0163\u0103 intern\u0103, dezv\u0103luirea naturii iluzorii a contradic\u0163iilor etc. Pentru prima dat\u0103 este elaborat un procedeu uniform de verificare a fenomenului umaniz\u0103rii mitului \u00een proza intelectual\u0103 a secolului al XX-lea. Totodat\u0103, \u00een cadrul monografiei este identificat\u0103 un tip \u015fi o subspecie aparte a mitologemelor de baz\u0103 a prozei intelectuale.<\/td>\n<\/tr>\n<tr>\n<td rowspan=\"2\" width=\"160\"><strong>\u00a0<a href=\"http:\/\/ich.md\/wp-content\/uploads\/2018\/02\/larina.jpg\"><img decoding=\"async\" loading=\"lazy\" class=\"aligncenter size-full wp-image-3034\" src=\"http:\/\/ich.md\/wp-content\/uploads\/2018\/02\/larina.jpg\" alt=\"\" width=\"275\" height=\"363\" \/><\/a><\/strong><\/td>\n<td width=\"482\"><strong>\u041b\u0410\u0420\u0418\u041d\u0410, O.; \u0414\u0415\u0420\u0413\u0410\u0427\u0415\u0412, \u0412. <em>\u041f\u0430\u043c\u044f\u0442\u043d\u0438\u043a\u0438 \u043a\u0443\u043b\u044c\u0442\u0443\u0440\u044b \u043b\u0438\u043d\u0435\u0439\u043d\u043e-\u043b\u0435\u043d\u0442\u043e\u0447\u043d\u043e\u0439 \u043a\u0435\u0440\u0430\u043c\u0438\u043a\u0438 \u0420\u0435\u0441\u043f\u0443\u0431\u043b\u0438\u043a\u0438 \u041c\u043e\u043b\u0434\u043e\u0432\u0430 (\u0441\u0432\u043e\u0434 \u0438\u0441\u0442\u043e\u0447\u043d\u0438\u043a\u043e\u0432). \/ Monumente ale culturii band-liniare din Republica Moldova (catalog). <\/em>Ch<\/strong><strong>.: Tipografia<\/strong><strong> Central<\/strong><strong>\u0103. 2017. 354 p<\/strong><strong>. <\/strong><\/td>\n<\/tr>\n<tr>\n<td width=\"482\">Lucrarea pentru prima dat\u0103 \u00eensumeaz\u0103 baza sursologic\u0103 privind cercet\u0103rile culturii band-liniare din Republica Moldova pe parcursul a peste 60 de ani. Repertoriul include caracteristicile principale ale culturii men\u021bionate, precum \u0219i toate date referitoare la cele 73 de situri cunoscute actualmente cu descifrarea pozi\u021biilor topografice, istoricului cercet\u0103rilor, descrierea complexurilor \u0219i categoriilor de materiale depistate, surselor de arhiv\u0103 \u0219i bibliografice. Volumul este \u00eenso\u021bit de 99 plan\u0219e cu ilustra\u021bia celor mai reprezentative materale. Monografia vine \u00een completarea Registrului Patrimoniului artheologic Na\u021bional, referitor la epoca neolitic\u0103.<\/p>\n<p><strong>\u00a0<\/strong><\/td>\n<\/tr>\n<\/tbody>\n<\/table>\n","protected":false},"excerpt":{"rendered":"<p>\u00a02 MONOGRAFII EDITATE \u00ceN AFARA \u021a\u0102RII \u00a0 ONICA, D. Peisajul cultural rural dintre Prut \u015fi Nistru. Aspecte etnogeografice. Bucure\u015fti: Editura Etnologic\u0103, 2017. 214 p. \u00cen<span class=\"read-more-link\"><a class=\"read-more\" href=\"https:\/\/ich.md\/?p=3010\">Read More<\/a><\/span><\/p>\n","protected":false},"author":2,"featured_media":0,"comment_status":"closed","ping_status":"closed","sticky":false,"template":"","format":"standard","meta":[],"categories":[10],"tags":[],"_links":{"self":[{"href":"https:\/\/ich.md\/index.php?rest_route=\/wp\/v2\/posts\/3010"}],"collection":[{"href":"https:\/\/ich.md\/index.php?rest_route=\/wp\/v2\/posts"}],"about":[{"href":"https:\/\/ich.md\/index.php?rest_route=\/wp\/v2\/types\/post"}],"author":[{"embeddable":true,"href":"https:\/\/ich.md\/index.php?rest_route=\/wp\/v2\/users\/2"}],"replies":[{"embeddable":true,"href":"https:\/\/ich.md\/index.php?rest_route=%2Fwp%2Fv2%2Fcomments&post=3010"}],"version-history":[{"count":8,"href":"https:\/\/ich.md\/index.php?rest_route=\/wp\/v2\/posts\/3010\/revisions"}],"predecessor-version":[{"id":3064,"href":"https:\/\/ich.md\/index.php?rest_route=\/wp\/v2\/posts\/3010\/revisions\/3064"}],"wp:attachment":[{"href":"https:\/\/ich.md\/index.php?rest_route=%2Fwp%2Fv2%2Fmedia&parent=3010"}],"wp:term":[{"taxonomy":"category","embeddable":true,"href":"https:\/\/ich.md\/index.php?rest_route=%2Fwp%2Fv2%2Fcategories&post=3010"},{"taxonomy":"post_tag","embeddable":true,"href":"https:\/\/ich.md\/index.php?rest_route=%2Fwp%2Fv2%2Ftags&post=3010"}],"curies":[{"name":"wp","href":"https:\/\/api.w.org\/{rel}","templated":true}]}}