{"id":3089,"date":"2018-04-05T18:22:41","date_gmt":"2018-04-05T14:22:41","guid":{"rendered":"http:\/\/ich.md\/?p=3089"},"modified":"2018-04-05T18:22:41","modified_gmt":"2018-04-05T14:22:41","slug":"mesaj-de-felicitare-adresat-doamnei-svetlana-procop","status":"publish","type":"post","link":"https:\/\/ich.md\/?p=3089","title":{"rendered":"MESAJ DE FELICITARE ADRESAT DOAMNEI SVETLANA PROCOP"},"content":{"rendered":"<p><a href=\"http:\/\/ich.md\/wp-content\/uploads\/2018\/04\/1-1.jpg\"><img decoding=\"async\" loading=\"lazy\" class=\"aligncenter size-full wp-image-3092\" src=\"http:\/\/ich.md\/wp-content\/uploads\/2018\/04\/1-1.jpg\" alt=\"\" width=\"372\" height=\"372\" \/><\/a><\/p>\n<p>&nbsp;<\/p>\n<p>Cu ocazia frumosului jubileu, s\u0103rb\u0103torit pe 5 aprilie, colectivul Institutului Patrimoniului Cultural, \u00eei ureaz\u0103 doamnei Svetlana Procop, cu tot respectul \u201eLa mul\u021bi ani !\u201d, al\u0103turi de sentimentele de apreciere a muncii, pe care a depus-o pe f\u0103ga\u0219ul etnologiei \u0219i filologiei, precum \u0219i \u00een plan managerial.<\/p>\n<p>\u00cen acest moment emo\u021bionant, oferit de onorabila aniversare men\u021bion\u0103m c\u0103, de-a lungul anilor colectivul Institutului Patrimoniului Cultural prive\u0219te cu respect la domnia sa, ca la o personalitate cu rezultate notabile \u00een domeniul etnologiei \u0219i a filologiei. Printre realiz\u0103rile cele mai relevante sunt ciclul de monografii \u201ePortrete literare\u201d, precum \u0219i volumele de pove\u0219ti coordonate \u0219i editate \u00eentr-o \u021binut\u0103 poligrafic\u0103 de excep\u021bie. Aceste realiz\u0103ri ale Domniei sale sunt un bun spiritual oferit societ\u0103\u021bii care, valorific\u00e2ndu-l, va aprecia adev\u0103rata lui valoare.<\/p>\n<p>\u00cen calitate de manager, a dat dovad\u0103 de tenacitate \u0219i perseveren\u021b\u0103, f\u0103c\u00e2nd cu fa\u021b\u0103 provoc\u0103rilor ap\u0103rute pe parcurs. Centrul de Etnologie a oferit rezultate remarcabile, public\u00e2nd numeroase monografii, articole \u0219i alte lucr\u0103ri \u0219tiin\u021bifice importante. Demn\u0103 de remarcat este evolu\u021bia calitativ\u0103 a Revistei de Etnologie \u0219i Culturologie, al c\u0103rei redactor \u0219ef este, publica\u021bie care \u0219i-a construit un nume respectabil \u00een r\u00e2ndul revistelor \u0219tiin\u021bifice din \u021bar\u0103. Acest lucru a fost posibil gra\u021bie eforturilor depuse de Domnia sa, fapt pentru care \u00eei mul\u021bumim.<\/p>\n<p>\u00cei\u00a0ur\u0103m,\u00a0\u00a0stimatei noastre colege ca toate lucrurile minunate, care i-au \u00eemplinit via\u021ba at\u00e2t \u00een domeniul profesional, c\u00e2t \u0219i \u00een universul spiritual, s\u0103 cunoasc\u0103 o continuitate fireasc\u0103, la fel ca \u0219i toate faptele extraordinare, pe care le-a realizat \u00een decursul anilor.<\/p>\n<p>La mul\u021bi \u0219i ferici\u021bi ani !<\/p>\n<p>&nbsp;<\/p>\n","protected":false},"excerpt":{"rendered":"<p>&nbsp; Cu ocazia frumosului jubileu, s\u0103rb\u0103torit pe 5 aprilie, colectivul Institutului Patrimoniului Cultural, \u00eei ureaz\u0103 doamnei Svetlana Procop, cu tot respectul \u201eLa mul\u021bi ani !\u201d,<span class=\"read-more-link\"><a class=\"read-more\" href=\"https:\/\/ich.md\/?p=3089\">Read More<\/a><\/span><\/p>\n","protected":false},"author":2,"featured_media":0,"comment_status":"closed","ping_status":"closed","sticky":false,"template":"","format":"standard","meta":[],"categories":[10],"tags":[],"_links":{"self":[{"href":"https:\/\/ich.md\/index.php?rest_route=\/wp\/v2\/posts\/3089"}],"collection":[{"href":"https:\/\/ich.md\/index.php?rest_route=\/wp\/v2\/posts"}],"about":[{"href":"https:\/\/ich.md\/index.php?rest_route=\/wp\/v2\/types\/post"}],"author":[{"embeddable":true,"href":"https:\/\/ich.md\/index.php?rest_route=\/wp\/v2\/users\/2"}],"replies":[{"embeddable":true,"href":"https:\/\/ich.md\/index.php?rest_route=%2Fwp%2Fv2%2Fcomments&post=3089"}],"version-history":[{"count":2,"href":"https:\/\/ich.md\/index.php?rest_route=\/wp\/v2\/posts\/3089\/revisions"}],"predecessor-version":[{"id":3094,"href":"https:\/\/ich.md\/index.php?rest_route=\/wp\/v2\/posts\/3089\/revisions\/3094"}],"wp:attachment":[{"href":"https:\/\/ich.md\/index.php?rest_route=%2Fwp%2Fv2%2Fmedia&parent=3089"}],"wp:term":[{"taxonomy":"category","embeddable":true,"href":"https:\/\/ich.md\/index.php?rest_route=%2Fwp%2Fv2%2Fcategories&post=3089"},{"taxonomy":"post_tag","embeddable":true,"href":"https:\/\/ich.md\/index.php?rest_route=%2Fwp%2Fv2%2Ftags&post=3089"}],"curies":[{"name":"wp","href":"https:\/\/api.w.org\/{rel}","templated":true}]}}