{"id":3096,"date":"2018-04-06T15:27:58","date_gmt":"2018-04-06T11:27:58","guid":{"rendered":"http:\/\/ich.md\/?p=3096"},"modified":"2018-04-06T15:34:07","modified_gmt":"2018-04-06T11:34:07","slug":"la-ipc-a-fost-omagiat-savantul-valentin-dergaciov","status":"publish","type":"post","link":"https:\/\/ich.md\/?p=3096","title":{"rendered":"SAVANTUL VALENTIN DERGACIOV LA 75 DE ANI"},"content":{"rendered":"<p><a href=\"http:\/\/ich.md\/wp-content\/uploads\/2018\/04\/Dergaciov.jpg\"><img decoding=\"async\" loading=\"lazy\" class=\"aligncenter wp-image-3097 size-medium\" src=\"http:\/\/ich.md\/wp-content\/uploads\/2018\/04\/Dergaciov-203x300.jpg\" alt=\"\" width=\"203\" height=\"300\" \/><\/a><\/p>\n<p>La Institutul Patrimoniului Cultural a fost omagiat distinsul nostru coleg, doctor habilitat \u00een arheologie Valentin Dergaciov cu ocazia atingerii onorabilei v\u00e2rste de 75 de ani. Pasiunea pentru arheologie dumnealui a sus\u0163inut-o mereu, pe parcursul anilor, prin munc\u0103 perseverent\u0103 \u015fi asidu\u0103: cercet\u0103ri de teren, elaborarea rapoartelor de s\u0103p\u0103tur\u0103, participare la conferin\u0163e \u015ftiin\u0163ifice din \u0163ar\u0103 \u015fi str\u0103in\u0103tate, numeroase stagieri de documentare \u00een Germania, Belgia, Marea Britanie, Federa\u0163ia Rus\u0103, Ucraina. Timp de mul\u0163i ani a de\u0163inut func\u0163ia de director al Institutului de Arheologie, apoi al IPC al A\u015eM.<\/p>\n<p>Cu peste 20 de monografii \u015fi bro\u015furi, alte circa 120 de articole publicate la Chi\u015fin\u0103u, Moskova, Kiev, M\u00fcnchen, Mainz am Rein, Stuttgard, Ia\u015fi, Bucure\u015fti, Sofia etc., el a adus valoroase contribu\u0163ii \u015ftiin\u0163ifice referitoare la arheologia spa\u0163iului est-carpatic din neo-eneolitic \u015fi epoca bronzului. Numele \u015fi lucr\u0103rile domnului Dergaciov sunt binecunoscute at\u00e2t speciali\u015ftilor din Europa de Est, c\u00e2t \u015fi celor din Europa de Vest. Niciodat\u0103 nu a neglijat compartimentul populariz\u0103rii cuno\u015ftin\u0163elor arheologice prin intermediul mass-media.<\/p>\n<p>Impresioneaz\u0103 faptul c\u0103 \u00een ultimii ani domnia sa se men\u0163ine \u00eentr-un ritm de activitate sporit, continu\u0103 s\u0103 valorifice materialele acumulate, \u00een acela\u015fi timp reu\u015find s\u0103 sus\u0163in\u0103, prin \u00eemp\u0103rt\u0103\u0163irea experien\u0163ei sale bogate, sfaturi \u015fi sugestii utile sau \u00eendrumare \u015ftiin\u0163ific\u0103 colegii mai tineri, care \u00eei r\u0103spund cu mult respect \u015fi recuno\u015ftin\u0163\u0103.<\/p>\n<p><strong>Cu deosebit respect \u015fi considera\u0163iune, \u00eei ur\u0103m domnului Valentin Dergaciov La Mul\u0163i Ani, cu mult\u0103 s\u0103n\u0103tate \u015fi remarcabile noi realiz\u0103ri, pe m\u0103sura a\u015ftept\u0103rilor!!!<\/strong><\/p>\n<p style=\"text-align: right;\">Colectivul IPC<\/p>\n","protected":false},"excerpt":{"rendered":"<p>La Institutul Patrimoniului Cultural a fost omagiat distinsul nostru coleg, doctor habilitat \u00een arheologie Valentin Dergaciov cu ocazia atingerii onorabilei v\u00e2rste de 75 de ani.<span class=\"read-more-link\"><a class=\"read-more\" href=\"https:\/\/ich.md\/?p=3096\">Read More<\/a><\/span><\/p>\n","protected":false},"author":2,"featured_media":0,"comment_status":"closed","ping_status":"closed","sticky":false,"template":"","format":"standard","meta":[],"categories":[10],"tags":[],"_links":{"self":[{"href":"https:\/\/ich.md\/index.php?rest_route=\/wp\/v2\/posts\/3096"}],"collection":[{"href":"https:\/\/ich.md\/index.php?rest_route=\/wp\/v2\/posts"}],"about":[{"href":"https:\/\/ich.md\/index.php?rest_route=\/wp\/v2\/types\/post"}],"author":[{"embeddable":true,"href":"https:\/\/ich.md\/index.php?rest_route=\/wp\/v2\/users\/2"}],"replies":[{"embeddable":true,"href":"https:\/\/ich.md\/index.php?rest_route=%2Fwp%2Fv2%2Fcomments&post=3096"}],"version-history":[{"count":4,"href":"https:\/\/ich.md\/index.php?rest_route=\/wp\/v2\/posts\/3096\/revisions"}],"predecessor-version":[{"id":3100,"href":"https:\/\/ich.md\/index.php?rest_route=\/wp\/v2\/posts\/3096\/revisions\/3100"}],"wp:attachment":[{"href":"https:\/\/ich.md\/index.php?rest_route=%2Fwp%2Fv2%2Fmedia&parent=3096"}],"wp:term":[{"taxonomy":"category","embeddable":true,"href":"https:\/\/ich.md\/index.php?rest_route=%2Fwp%2Fv2%2Fcategories&post=3096"},{"taxonomy":"post_tag","embeddable":true,"href":"https:\/\/ich.md\/index.php?rest_route=%2Fwp%2Fv2%2Ftags&post=3096"}],"curies":[{"name":"wp","href":"https:\/\/api.w.org\/{rel}","templated":true}]}}