{"id":4412,"date":"2020-02-21T10:35:18","date_gmt":"2020-02-21T08:35:18","guid":{"rendered":"http:\/\/ich.md\/?p=4412"},"modified":"2020-12-04T13:41:06","modified_gmt":"2020-12-04T11:41:06","slug":"4412","status":"publish","type":"post","link":"https:\/\/ich.md\/?p=4412","title":{"rendered":"ARTA NA\u021aIONAL\u0102 \u00ceN VIZIUNEA CRITIC\u0102 A LUI MATUS LIV\u0218I\u021a"},"content":{"rendered":"<p class=\"Default\" style=\"text-align: center;\"><span style=\"font-size: 14.0pt;\">Institutul Patrimoniului Cultural <\/span><\/p>\n<p class=\"Default\" style=\"text-align: center;\"><span style=\"font-size: 14.0pt;\">anun\u021b\u0103 organizarea mesei rotunde<\/span><\/p>\n<p class=\"Default\" style=\"text-align: center;\"><b><span style=\"font-size: 14.0pt;\">ARTA NA\u021aIONAL\u0102 \u00ceN VIZIUNEA CRITIC\u0102 A LUI MATUS LIV\u0218I\u021a<\/span><\/b><\/p>\n<p class=\"Default\" style=\"text-align: center;\"><span style=\"font-size: 14.0pt;\">Evenimentul va avea loc mar\u021bi, 25 februarie 2020, orele 10.00 <\/span><\/p>\n<p class=\"Default\" style=\"text-align: center;\"><span style=\"font-size: 14.0pt;\">Sala 538, Institutul Patrimoniului Cultural, Bd. \u0218tefan cel Mare \u0219i Sf\u00e2nt, nr. 1<\/span><\/p>\n<p style=\"text-align: center;\">Sunt invitate presa, toate persoanele interesate<\/p>\n<div class=\"ead-preview\"><div class=\"ead-document\" style=\"position: relative;padding-top: 90%;\"><div class=\"ead-iframe-wrapper\"><iframe src=\"\/\/docs.google.com\/viewer?url=http%3A%2F%2Fich.md%2Fwp-content%2Fuploads%2F2020%2F02%2FProgramm.Livsit.25.02.2020.pdf&amp;embedded=true&amp;hl=en\" title=\"Embedded Document\" class=\"ead-iframe\" style=\"width: 100%;height: 100%;border: none;position: absolute;left: 0;top: 0;visibility: hidden;\"><\/iframe><\/div>\t\t\t<div class=\"ead-document-loading\" style=\"width:100%;height:100%;position:absolute;left:0;top:0;z-index:10;\">\n\t\t\t\t<div class=\"ead-loading-wrap\">\n\t\t\t\t\t<div class=\"ead-loading-main\">\n\t\t\t\t\t\t<div class=\"ead-loading\">\n\t\t\t\t\t\t\t<img src=\"https:\/\/ich.md\/wp-content\/plugins\/embed-any-document\/images\/loading.svg\" width=\"55\" height=\"55\" alt=\"Loader\">\n\t\t\t\t\t\t\t<span>Loading...<\/span>\n\t\t\t\t\t\t<\/div>\n\t\t\t\t\t<\/div>\n\t\t\t\t\t<div class=\"ead-loading-foot\">\n\t\t\t\t\t\t<div class=\"ead-loading-foot-title\">\n\t\t\t\t\t\t\t<img src=\"https:\/\/ich.md\/wp-content\/plugins\/embed-any-document\/images\/EAD-logo.svg\" alt=\"EAD Logo\" width=\"36\" height=\"23\"\/>\n\t\t\t\t\t\t\t<span>Taking too long?<\/span>\n\t\t\t\t\t\t<\/div>\n\t\t\t\t\t\t<p>\n\t\t\t\t\t\t\t<div class=\"ead-document-btn ead-reload-btn\" role=\"button\">\n\t\t\t\t\t\t\t\t<img src=\"https:\/\/ich.md\/wp-content\/plugins\/embed-any-document\/images\/reload.svg\" alt=\"Reload\" width=\"12\" height=\"12\"\/> Reload document\t\t\t\t\t\t\t<\/div>\n\t\t\t\t\t\t\t<span>|<\/span>\n\t\t\t\t\t\t\t<a href=\"http:\/\/ich.md\/wp-content\/uploads\/2020\/02\/Programm.Livsit.25.02.2020.pdf\" class=\"ead-document-btn\" target=\"_blank\">\n\t\t\t\t\t\t\t\t<img src=\"https:\/\/ich.md\/wp-content\/plugins\/embed-any-document\/images\/open.svg\" alt=\"Open\" width=\"12\" height=\"12\"\/> Open in new tab\t\t\t\t\t\t\t<\/a>\n\t\t\t\t\t<\/div>\n\t\t\t\t<\/div>\n\t\t\t<\/div>\n\t\t<\/div><p class=\"embed_download\"><a href=\"http:\/\/ich.md\/wp-content\/uploads\/2020\/02\/Programm.Livsit.25.02.2020.pdf\" download >Download <\/a><\/p><\/div>\n","protected":false},"excerpt":{"rendered":"<p>Institutul Patrimoniului Cultural anun\u021b\u0103 organizarea mesei rotunde ARTA NA\u021aIONAL\u0102 \u00ceN VIZIUNEA CRITIC\u0102 A LUI MATUS LIV\u0218I\u021a Evenimentul va avea loc mar\u021bi, 25 februarie 2020, orele<span class=\"read-more-link\"><a class=\"read-more\" href=\"https:\/\/ich.md\/?p=4412\">Read More<\/a><\/span><\/p>\n","protected":false},"author":2,"featured_media":4415,"comment_status":"closed","ping_status":"closed","sticky":false,"template":"","format":"standard","meta":[],"categories":[10],"tags":[],"_links":{"self":[{"href":"https:\/\/ich.md\/index.php?rest_route=\/wp\/v2\/posts\/4412"}],"collection":[{"href":"https:\/\/ich.md\/index.php?rest_route=\/wp\/v2\/posts"}],"about":[{"href":"https:\/\/ich.md\/index.php?rest_route=\/wp\/v2\/types\/post"}],"author":[{"embeddable":true,"href":"https:\/\/ich.md\/index.php?rest_route=\/wp\/v2\/users\/2"}],"replies":[{"embeddable":true,"href":"https:\/\/ich.md\/index.php?rest_route=%2Fwp%2Fv2%2Fcomments&post=4412"}],"version-history":[{"count":3,"href":"https:\/\/ich.md\/index.php?rest_route=\/wp\/v2\/posts\/4412\/revisions"}],"predecessor-version":[{"id":4999,"href":"https:\/\/ich.md\/index.php?rest_route=\/wp\/v2\/posts\/4412\/revisions\/4999"}],"wp:featuredmedia":[{"embeddable":true,"href":"https:\/\/ich.md\/index.php?rest_route=\/wp\/v2\/media\/4415"}],"wp:attachment":[{"href":"https:\/\/ich.md\/index.php?rest_route=%2Fwp%2Fv2%2Fmedia&parent=4412"}],"wp:term":[{"taxonomy":"category","embeddable":true,"href":"https:\/\/ich.md\/index.php?rest_route=%2Fwp%2Fv2%2Fcategories&post=4412"},{"taxonomy":"post_tag","embeddable":true,"href":"https:\/\/ich.md\/index.php?rest_route=%2Fwp%2Fv2%2Ftags&post=4412"}],"curies":[{"name":"wp","href":"https:\/\/api.w.org\/{rel}","templated":true}]}}