{"id":4485,"date":"2020-03-28T21:13:23","date_gmt":"2020-03-28T19:13:23","guid":{"rendered":"http:\/\/ich.md\/?p=4485"},"modified":"2020-03-28T21:38:14","modified_gmt":"2020-03-28T19:38:14","slug":"dispozitia-nr-6-comisiei-pentru-situatii-exceptionale-a-republicii-moldova","status":"publish","type":"post","link":"https:\/\/ich.md\/?p=4485","title":{"rendered":"Dispozi\u021bia nr. 6. cu privire la zilele de odihn\u0103 \u0219i alte m\u0103suri antiepidemie, \u0219i despre interzicerea accesului \u00een sediul IPC"},"content":{"rendered":"<p><span lang=\"RO\">Stima\u021bi colegi,\u00a0<\/span><\/p>\n<p><span lang=\"RO\">v\u0103 aducem la cuno\u0219tin\u021b\u0103 c\u0103 la 26 martie 2020, Comisia pentru Situa\u021bii Excep\u021bionale a Republicii Moldova a emis\u00a0<a href=\"https:\/\/gov.md\/ro\/content\/prim-ministrul-convocat-sedinta-comisia-pentru-situatii-exceptionale-0\" target=\"_blank\" rel=\"nofollow noopener\" data-saferedirecturl=\"https:\/\/www.google.com\/url?q=https:\/\/gov.md\/ro\/content\/prim-ministrul-convocat-sedinta-comisia-pentru-situatii-exceptionale-0&amp;source=gmail&amp;ust=1585508719553000&amp;usg=AFQjCNEXN-CrTGl68hHxgxCzMfWfCqblzA\">DISPOZI\u021aIA nr.6<\/a>\u00a0conform c\u0103reia:<\/span><\/p>\n<p><span lang=\"RO\">\u00a0<\/span><span lang=\"RO\"><b>\u201eZilele de 30 martie &#8211; 03 aprilie 2020 se declar\u0103 zile de odihn\u0103 pentru toate unit\u0103\u021bile din sectorul bugetar (&#8230;) \u00a0Recuperarea acestor zile se va realiza \u00een modul stabilit de Guvern, dup\u0103 ridicarea st\u0103rii de urgen\u021b\u0103\u201d.<\/b><\/span><\/p>\n<p><b><span lang=\"RO\">\u00a0<\/span><\/b><span lang=\"RO\">Prin urmare, angaja\u021bii IPC, ca \u0219i ale tuturor unit\u0103\u021bilor din sectorul bugetar vor avea zile de odihn\u0103 \u00een perioada 30 martie &#8211; 03 aprilie 2020.<\/span><\/p>\n<p>\u00cen vederea implement\u0103rii dispozi\u021biei nr. 6. v\u0103 inform\u0103m c\u0103 a fost interzis accesul \u00een blocul central al A\u015eM din bd. \u015etefan cel Mare \u015fi Sf\u00eent nr. 1.<\/p>\n<iframe id=\"gdoc-d261eb59a895f888ec89be814a3533f9\" class=\"gdocs_shortcode gdocs_other\" src=\"https:\/\/drive.google.com\/file\/d\/1EBiJIhMP9y_MV_o6XkYbTSWckQVgjc9C\/preview\" width=\"750\" height=\"900\"><\/iframe>\n<p>&nbsp;<\/p>\n<iframe id=\"gdoc-04c83ecddab8d589b69c3b6c36b591ba\" class=\"gdocs_shortcode gdocs_other\" src=\"https:\/\/drive.google.com\/file\/d\/1QKpvjoAIrq9iy0LZmaUQcnVq6YiGCw8V\/preview\" width=\"750\" height=\"900\"><\/iframe>\n","protected":false},"excerpt":{"rendered":"<p>Stima\u021bi colegi,\u00a0 v\u0103 aducem la cuno\u0219tin\u021b\u0103 c\u0103 la 26 martie 2020, Comisia pentru Situa\u021bii Excep\u021bionale a Republicii Moldova a emis\u00a0DISPOZI\u021aIA nr.6\u00a0conform c\u0103reia: \u00a0\u201eZilele de 30<span class=\"read-more-link\"><a class=\"read-more\" href=\"https:\/\/ich.md\/?p=4485\">Read More<\/a><\/span><\/p>\n","protected":false},"author":2,"featured_media":4445,"comment_status":"closed","ping_status":"closed","sticky":false,"template":"","format":"standard","meta":[],"categories":[10],"tags":[],"_links":{"self":[{"href":"https:\/\/ich.md\/index.php?rest_route=\/wp\/v2\/posts\/4485"}],"collection":[{"href":"https:\/\/ich.md\/index.php?rest_route=\/wp\/v2\/posts"}],"about":[{"href":"https:\/\/ich.md\/index.php?rest_route=\/wp\/v2\/types\/post"}],"author":[{"embeddable":true,"href":"https:\/\/ich.md\/index.php?rest_route=\/wp\/v2\/users\/2"}],"replies":[{"embeddable":true,"href":"https:\/\/ich.md\/index.php?rest_route=%2Fwp%2Fv2%2Fcomments&post=4485"}],"version-history":[{"count":4,"href":"https:\/\/ich.md\/index.php?rest_route=\/wp\/v2\/posts\/4485\/revisions"}],"predecessor-version":[{"id":4489,"href":"https:\/\/ich.md\/index.php?rest_route=\/wp\/v2\/posts\/4485\/revisions\/4489"}],"wp:featuredmedia":[{"embeddable":true,"href":"https:\/\/ich.md\/index.php?rest_route=\/wp\/v2\/media\/4445"}],"wp:attachment":[{"href":"https:\/\/ich.md\/index.php?rest_route=%2Fwp%2Fv2%2Fmedia&parent=4485"}],"wp:term":[{"taxonomy":"category","embeddable":true,"href":"https:\/\/ich.md\/index.php?rest_route=%2Fwp%2Fv2%2Fcategories&post=4485"},{"taxonomy":"post_tag","embeddable":true,"href":"https:\/\/ich.md\/index.php?rest_route=%2Fwp%2Fv2%2Ftags&post=4485"}],"curies":[{"name":"wp","href":"https:\/\/api.w.org\/{rel}","templated":true}]}}