{"id":4563,"date":"2020-06-18T15:48:20","date_gmt":"2020-06-18T12:48:20","guid":{"rendered":"http:\/\/ich.md\/?p=4563"},"modified":"2020-06-18T15:54:39","modified_gmt":"2020-06-18T12:54:39","slug":"felicitare-cu-ocazia-zilei-istoricului","status":"publish","type":"post","link":"https:\/\/ich.md\/?p=4563","title":{"rendered":"Felicitare cu ocazia Zilei Istoricului !"},"content":{"rendered":"<p>Ziua de 18 iunie este un bun prilej de a-i felicita pe cei care profeseaz\u0103 \u00een domeniul \u0219tiin\u021belor istorice \u0219i de a face unele bilan\u021buri sau de a trasa noi obiective. Dorim cu aceast\u0103 ocazie s\u0103 subliniem necesitatea consolid\u0103rii \u0219i solidariz\u0103rii comunit\u0103\u021bii istoricilor \u00een vederea aprofund\u0103rii cercet\u0103rilor, dar \u0219i a men\u021binerii institu\u021bionale a acestora.<\/p>\n<p>Cercet\u0103rile desf\u0103\u0219urate la Institutul Patrimoniului Cultural \u00een domeniul arheologiei, etnologiei, studiului artelor elucideaz\u0103 numeroase aspecte ale culturii materiale \u0219i spirituale, preponderent din spa\u021biul\u00a0pruto-nistrean \u0219i se \u00eenscriu\u00a0\u00een antropologia istoric\u0103 \u0219i cultural\u0103. Direct sau\u00a0indirect ne ocup\u0103m\u00a0de\u00a0istorie, fie c\u0103 facem etnologie, istorie a artei sau arheologie.<\/p>\n<p>Stima\u021bi colegi istorici, cercet\u0103tori a istoriei artei, etnologi, profesori de istorie, Admir\u0103m cu toat\u0103 sinceritatea devotamentul, angajamentul \u015fi profesionalismul pe care \u00eel manifesta\u021bi \u00een activitatea de zi cu zi.\u00a0V\u0103 respect\u0103m pentru probitatea profesional\u0103 \u015fi V\u0103 rug\u0103m s\u0103 accepta\u021bi \u00eenaltele noastre considera\u021biuni pentru munca Dumneavoastr\u0103 nobil\u0103 \u00eentru c\u0103utarea adev\u0103rului istoric, respectul \u015fi gratitudinea noastr\u0103 pentru efortul de care da\u0163i dovad\u0103 \u00een aspira\u021bia consacrat\u0103 triumfului drept\u0103\u021bii.<\/p>\n<p>Cu aceast\u0103 ocazie, Institutul Patrimoniului Cultural aduce cele mai sincere felicit\u0103ri \u015fi \u00eenalte considera\u021biuni tuturor celor care se afl\u0103 \u00een serviciul muzei Clio.<\/p>\n<p>V\u0103 dorim ani mul\u0163i, s\u0103 r\u0103m\u00e2ne\u021bi statornici si consecven\u021bi \u00een cercetare, ur\u0103ri de s\u0103n\u0103tate, perseveren\u0163\u0103, satisfac\u0163ie moral\u0103, energie creatoare \u015fi noi realiz\u0103ri remarcabile \u00een munca dificil\u0103 de cercetare, desf\u0103\u015furat\u0103 \u00een beneficiul schimb\u0103toarei cunoa\u015fteri.<\/p>\n<p>&nbsp;<\/p>\n<p>Cu respect<\/p>\n<p>Conducerea Institutului Patrimoniului Cultural<\/p>\n<p>&nbsp;<\/p>\n","protected":false},"excerpt":{"rendered":"<p>Ziua de 18 iunie este un bun prilej de a-i felicita pe cei care profeseaz\u0103 \u00een domeniul \u0219tiin\u021belor istorice \u0219i de a face unele bilan\u021buri<span class=\"read-more-link\"><a class=\"read-more\" href=\"https:\/\/ich.md\/?p=4563\">Read More<\/a><\/span><\/p>\n","protected":false},"author":2,"featured_media":4566,"comment_status":"closed","ping_status":"closed","sticky":false,"template":"","format":"standard","meta":[],"categories":[10],"tags":[],"_links":{"self":[{"href":"https:\/\/ich.md\/index.php?rest_route=\/wp\/v2\/posts\/4563"}],"collection":[{"href":"https:\/\/ich.md\/index.php?rest_route=\/wp\/v2\/posts"}],"about":[{"href":"https:\/\/ich.md\/index.php?rest_route=\/wp\/v2\/types\/post"}],"author":[{"embeddable":true,"href":"https:\/\/ich.md\/index.php?rest_route=\/wp\/v2\/users\/2"}],"replies":[{"embeddable":true,"href":"https:\/\/ich.md\/index.php?rest_route=%2Fwp%2Fv2%2Fcomments&post=4563"}],"version-history":[{"count":1,"href":"https:\/\/ich.md\/index.php?rest_route=\/wp\/v2\/posts\/4563\/revisions"}],"predecessor-version":[{"id":4564,"href":"https:\/\/ich.md\/index.php?rest_route=\/wp\/v2\/posts\/4563\/revisions\/4564"}],"wp:featuredmedia":[{"embeddable":true,"href":"https:\/\/ich.md\/index.php?rest_route=\/wp\/v2\/media\/4566"}],"wp:attachment":[{"href":"https:\/\/ich.md\/index.php?rest_route=%2Fwp%2Fv2%2Fmedia&parent=4563"}],"wp:term":[{"taxonomy":"category","embeddable":true,"href":"https:\/\/ich.md\/index.php?rest_route=%2Fwp%2Fv2%2Fcategories&post=4563"},{"taxonomy":"post_tag","embeddable":true,"href":"https:\/\/ich.md\/index.php?rest_route=%2Fwp%2Fv2%2Ftags&post=4563"}],"curies":[{"name":"wp","href":"https:\/\/api.w.org\/{rel}","templated":true}]}}