{"id":4568,"date":"2020-06-25T18:42:47","date_gmt":"2020-06-25T15:42:47","guid":{"rendered":"http:\/\/ich.md\/?p=4568"},"modified":"2020-06-26T15:59:10","modified_gmt":"2020-06-26T12:59:10","slug":"felicitare-cu-ocazia-zilei-nationale-a-portului-popular","status":"publish","type":"post","link":"https:\/\/ich.md\/?p=4568","title":{"rendered":"Felicitare cu ocazia Zilei Na\u021bionale a Portului Popular"},"content":{"rendered":"<p>Dragi admiratori ai patrimoniului tradi\u021bional,<\/p>\n<p>este a opta oar\u0103 c\u00e2nd, concomitent cu Ziua S\u00e2nzienilor \/ Dr\u0103gaicei (pe stil nou) \u2013 zi de declan\u0219are a registrului de energii feminine \u00een calendarul tradi\u021bional, zi cu ceruri deschise, eveniment axat pe solsti\u021biul de var\u0103 \u2013 la data de 24 iunie, s\u0103rb\u0103torim <em>Ziua Universal\u0103 a Iei<\/em>. Ne bucur\u0103m c\u0103 festivit\u0103\u021bile consacrate acestei perle din zestrea neamului nostru, precum \u0219i frumoasele tr\u0103iri suflete\u0219ti, generate de atmosfera omagial\u0103, dep\u0103\u0219esc orice hotare: politice, etnice, confesionale etc.<\/p>\n<p>\u00cen Republica Moldova, la 28 iunie 2020, se vor desf\u0103\u0219ura \u0219i alte festivit\u0103\u021bi, unde str\u0103vechii noastre ii \u2013 mereu tinere \u0219i magnifice \u2013 \u00eei va reveni un loc de prestigiu: va avea loc edi\u021bia a V-ea a <em>Zilei Na\u021bionale a Portului Popular<\/em>, zi celebrat\u0103 de cinci ani \u00een fiecare ultim\u0103 duminic\u0103 a lunii iunie.<\/p>\n<p>Cu ocazia evenimentelor remarcate, Institutul Patrimoniului Cultural v\u0103 adreseaz\u0103 cele mai cordiale felicit\u0103ri \u0219i v\u0103 \u00eendeamn\u0103 s\u0103 p\u0103stra\u021bi \u0219i s\u0103 promova\u021bi aceste inestimabile valori ale identit\u0103\u021bii noastre na\u021bionale, adev\u0103rate documente, ce atest\u0103 genialitatea creatoare de frumos a poporului nostru, evoluat\u0103 \u00een temeiul filosofiei de armonie dintre om, Divinitate \u0219i tot ceea ce \u00eel \u00eenconjoar\u0103.<\/p>\n<p>Conducerea Institutului Patrimoniului Cultural<\/p>\n<div id='gallery-1' class='gallery galleryid-4568 gallery-columns-2 gallery-size-medium'><figure class='gallery-item'>\n\t\t\t<div class='gallery-icon landscape'>\n\t\t\t\t<a href='https:\/\/ich.md\/?attachment_id=4589'><img width=\"300\" height=\"275\" src=\"https:\/\/ich.md\/wp-content\/uploads\/2020\/06\/painea-nunta-300x275.jpg\" class=\"attachment-medium size-medium\" alt=\"\" decoding=\"async\" loading=\"lazy\" \/><\/a>\n\t\t\t<\/div><\/figure><figure class='gallery-item'>\n\t\t\t<div class='gallery-icon landscape'>\n\t\t\t\t<a href='https:\/\/ich.md\/?attachment_id=4577'><img width=\"300\" height=\"207\" src=\"https:\/\/ich.md\/wp-content\/uploads\/2020\/06\/fig28-300x207.jpg\" class=\"attachment-medium size-medium\" alt=\"\" decoding=\"async\" loading=\"lazy\" \/><\/a>\n\t\t\t<\/div><\/figure><figure class='gallery-item'>\n\t\t\t<div class='gallery-icon portrait'>\n\t\t\t\t<a href='https:\/\/ich.md\/?attachment_id=4569'><img width=\"200\" height=\"300\" src=\"https:\/\/ich.md\/wp-content\/uploads\/2020\/06\/fig27-200x300.jpg\" class=\"attachment-medium size-medium\" alt=\"\" decoding=\"async\" loading=\"lazy\" \/><\/a>\n\t\t\t<\/div><\/figure><figure class='gallery-item'>\n\t\t\t<div class='gallery-icon landscape'>\n\t\t\t\t<a href='https:\/\/ich.md\/?attachment_id=4578'><img width=\"300\" height=\"225\" src=\"https:\/\/ich.md\/wp-content\/uploads\/2020\/06\/Foto-38.-Monumentul-lui-Taras-\u0218evcenko-a-\u00een-or.-Chi\u0219in\u0103u.-Sculptor-\u2013-Piotr-Gherman-300x225.jpg\" class=\"attachment-medium size-medium\" alt=\"\" decoding=\"async\" loading=\"lazy\" aria-describedby=\"gallery-1-4578\" \/><\/a>\n\t\t\t<\/div>\n\t\t\t\t<figcaption class='wp-caption-text gallery-caption' id='gallery-1-4578'>\n\t\t\t\tVLUU L310 W  \/ Samsung L310 W\n\t\t\t\t<\/figcaption><\/figure><figure class='gallery-item'>\n\t\t\t<div class='gallery-icon portrait'>\n\t\t\t\t<a href='https:\/\/ich.md\/?attachment_id=4580'><img width=\"201\" height=\"300\" src=\"https:\/\/ich.md\/wp-content\/uploads\/2020\/06\/wx1080-201x300.jpg\" class=\"attachment-medium size-medium\" alt=\"\" decoding=\"async\" loading=\"lazy\" \/><\/a>\n\t\t\t<\/div><\/figure><figure class='gallery-item'>\n\t\t\t<div class='gallery-icon portrait'>\n\t\t\t\t<a href='https:\/\/ich.md\/?attachment_id=4579'><img width=\"298\" height=\"300\" src=\"https:\/\/ich.md\/wp-content\/uploads\/2020\/06\/Timbru-Etnii-2017-2019-copy-298x300.jpg\" class=\"attachment-medium size-medium\" alt=\"\" decoding=\"async\" loading=\"lazy\" \/><\/a>\n\t\t\t<\/div><\/figure><figure class='gallery-item'>\n\t\t\t<div class='gallery-icon landscape'>\n\t\t\t\t<a href='https:\/\/ich.md\/?attachment_id=4576'><img width=\"300\" height=\"199\" src=\"https:\/\/ich.md\/wp-content\/uploads\/2020\/06\/525306_4555-300x199.jpg\" class=\"attachment-medium size-medium\" alt=\"\" decoding=\"async\" loading=\"lazy\" \/><\/a>\n\t\t\t<\/div><\/figure><figure class='gallery-item'>\n\t\t\t<div class='gallery-icon landscape'>\n\t\t\t\t<a href='https:\/\/ich.md\/?attachment_id=4575'><img width=\"300\" height=\"225\" src=\"https:\/\/ich.md\/wp-content\/uploads\/2020\/06\/F.9.-Portul-tradi\u0163ional.-Cunicea-2014.-Foto-T.-Zaicovschi-300x225.jpg\" class=\"attachment-medium size-medium\" alt=\"\" decoding=\"async\" loading=\"lazy\" \/><\/a>\n\t\t\t<\/div><\/figure><figure class='gallery-item'>\n\t\t\t<div class='gallery-icon portrait'>\n\t\t\t\t<a href='https:\/\/ich.md\/?attachment_id=4572'><img width=\"224\" height=\"300\" src=\"https:\/\/ich.md\/wp-content\/uploads\/2020\/06\/16-\u0441\u0442\u0440_\u041a\u043e\u043f\u0447\u0430\u043a-224x300.jpg\" class=\"attachment-medium size-medium\" alt=\"\" decoding=\"async\" loading=\"lazy\" \/><\/a>\n\t\t\t<\/div><\/figure><figure class='gallery-item'>\n\t\t\t<div class='gallery-icon landscape'>\n\t\t\t\t<a href='https:\/\/ich.md\/?attachment_id=4573'><img width=\"300\" height=\"209\" src=\"https:\/\/ich.md\/wp-content\/uploads\/2020\/06\/D_kZTJN13hQat-300x209.jpg\" class=\"attachment-medium size-medium\" alt=\"\" decoding=\"async\" loading=\"lazy\" \/><\/a>\n\t\t\t<\/div><\/figure>\n\t\t<\/div>\n\n<p>Imaginile sunt preluate din cartea:\u00a0<strong><a href=\"http:\/\/culturalheritage.ich.md\/?p=697\">Patrimoniul cultural na\u021bional ca resurs\u0103 pentru o dezvoltare durabil\u0103 a Republicii Moldova. Volumul I<\/a><\/strong><\/p>\n","protected":false},"excerpt":{"rendered":"<p>Dragi admiratori ai patrimoniului tradi\u021bional, este a opta oar\u0103 c\u00e2nd, concomitent cu Ziua S\u00e2nzienilor \/ Dr\u0103gaicei (pe stil nou) \u2013 zi de declan\u0219are a registrului<span class=\"read-more-link\"><a class=\"read-more\" href=\"https:\/\/ich.md\/?p=4568\">Read More<\/a><\/span><\/p>\n","protected":false},"author":2,"featured_media":4589,"comment_status":"closed","ping_status":"closed","sticky":false,"template":"","format":"standard","meta":[],"categories":[10],"tags":[],"_links":{"self":[{"href":"https:\/\/ich.md\/index.php?rest_route=\/wp\/v2\/posts\/4568"}],"collection":[{"href":"https:\/\/ich.md\/index.php?rest_route=\/wp\/v2\/posts"}],"about":[{"href":"https:\/\/ich.md\/index.php?rest_route=\/wp\/v2\/types\/post"}],"author":[{"embeddable":true,"href":"https:\/\/ich.md\/index.php?rest_route=\/wp\/v2\/users\/2"}],"replies":[{"embeddable":true,"href":"https:\/\/ich.md\/index.php?rest_route=%2Fwp%2Fv2%2Fcomments&post=4568"}],"version-history":[{"count":7,"href":"https:\/\/ich.md\/index.php?rest_route=\/wp\/v2\/posts\/4568\/revisions"}],"predecessor-version":[{"id":4596,"href":"https:\/\/ich.md\/index.php?rest_route=\/wp\/v2\/posts\/4568\/revisions\/4596"}],"wp:featuredmedia":[{"embeddable":true,"href":"https:\/\/ich.md\/index.php?rest_route=\/wp\/v2\/media\/4589"}],"wp:attachment":[{"href":"https:\/\/ich.md\/index.php?rest_route=%2Fwp%2Fv2%2Fmedia&parent=4568"}],"wp:term":[{"taxonomy":"category","embeddable":true,"href":"https:\/\/ich.md\/index.php?rest_route=%2Fwp%2Fv2%2Fcategories&post=4568"},{"taxonomy":"post_tag","embeddable":true,"href":"https:\/\/ich.md\/index.php?rest_route=%2Fwp%2Fv2%2Ftags&post=4568"}],"curies":[{"name":"wp","href":"https:\/\/api.w.org\/{rel}","templated":true}]}}