{"id":4694,"date":"2020-08-17T16:02:02","date_gmt":"2020-08-17T13:02:02","guid":{"rendered":"http:\/\/ich.md\/?p=4694"},"modified":"2020-08-17T16:28:06","modified_gmt":"2020-08-17T13:28:06","slug":"aparitie-editoriala-a-ipc-constantin-spinu-arta-decorativa-din-rss-moldoveneasca","status":"publish","type":"post","link":"https:\/\/ich.md\/?p=4694","title":{"rendered":"Apari\u021bie editorial\u0103 a IPC:  Constantin SP\u00ceNU. Arta decorativ\u0103 din RSS Moldoveneasc\u0103."},"content":{"rendered":"<p>Recent, cercet\u0103torul coordonator <strong>Constantin SP\u00ceNU<\/strong>, doctor \u00een studiul artelor, a publicat monografia: <strong><em>Arta decorativ\u0103 din RSS Moldoveneasc\u0103<\/em><\/strong><strong>.<\/strong><\/p>\n<p>\u00cen monografie se examineaz\u0103 evolu\u021bia artelor decorative din RSS Moldoveneasc\u0103. Cronologic, studiul cuprinde anii 1944-1991, perioad\u0103 \u00een care, \u00een cadrul artelor decorative profesioniste din republic\u0103, a avut loc o trecere treptat\u0103 de la tradi\u021bia popular\u0103 de realizare a unor produse de larg consum la elaborarea unor opere destinate preponderent expozi\u021biilor de art\u0103 plastic\u0103 \u0219i decorativ\u0103. \u00cen lucrare se acord\u0103 o aten\u021bie sporit\u0103 problemelor de organizare a procesului artistic, problemelor de crea\u021bie, manierelor stilistice caracteristice crea\u021biei personalit\u0103\u021bilor marcante ale artelor decorative \u0219i aplicate, preferin\u021belor tematice \u0219i op\u021biunilor plastice ale acestora. \u00cen urma analizei unor opere importante, a metamorfozelor c\u0103rora le-a fost supus\u0103, pe parcursul deceniilor, imaginea \u00een operele din domeniu, autorul c\u0103r\u021bii relev\u0103 schimb\u0103rile de paradigm\u0103 artistic\u0103 ce s-au produsus \u00een artele men\u021bionate \u0219i, totodat\u0103 determin\u0103 rolul pe care l-au avut plasticienii ce au activat \u00een domeniul respectiv \u00een evolu\u021bia artelor decorative \u0219i aplicate din republic\u0103.<\/p>\n<p><strong>Felicit\u0103m autorul cu ocazia edit\u0103rii c\u0103r\u021bii. Succese \u00een continuare !<\/strong><\/p>\n<p><strong>\u00a0<a href=\"http:\/\/ich.md\/wp-content\/uploads\/2020\/08\/Spinu.jpg\"><img decoding=\"async\" loading=\"lazy\" class=\"aligncenter wp-image-4620 size-full\" src=\"http:\/\/ich.md\/wp-content\/uploads\/2020\/08\/Spinu.jpg\" alt=\"\" width=\"615\" height=\"719\" \/><\/a><\/strong><\/p>\n<p><strong>Constantin Sp\u00eenu. Arta decorativ\u0103 din RSS Moldoveneasc\u0103.<\/strong> Editura<em> Epigraf<\/em>, 2018, 560 p.<\/p>\n<p>&nbsp;<\/p>\n","protected":false},"excerpt":{"rendered":"<p>Recent, cercet\u0103torul coordonator Constantin SP\u00ceNU, doctor \u00een studiul artelor, a publicat monografia: Arta decorativ\u0103 din RSS Moldoveneasc\u0103. \u00cen monografie se examineaz\u0103 evolu\u021bia artelor decorative din<span class=\"read-more-link\"><a class=\"read-more\" href=\"https:\/\/ich.md\/?p=4694\">Read More<\/a><\/span><\/p>\n","protected":false},"author":2,"featured_media":4620,"comment_status":"closed","ping_status":"closed","sticky":false,"template":"","format":"standard","meta":[],"categories":[10],"tags":[],"_links":{"self":[{"href":"https:\/\/ich.md\/index.php?rest_route=\/wp\/v2\/posts\/4694"}],"collection":[{"href":"https:\/\/ich.md\/index.php?rest_route=\/wp\/v2\/posts"}],"about":[{"href":"https:\/\/ich.md\/index.php?rest_route=\/wp\/v2\/types\/post"}],"author":[{"embeddable":true,"href":"https:\/\/ich.md\/index.php?rest_route=\/wp\/v2\/users\/2"}],"replies":[{"embeddable":true,"href":"https:\/\/ich.md\/index.php?rest_route=%2Fwp%2Fv2%2Fcomments&post=4694"}],"version-history":[{"count":5,"href":"https:\/\/ich.md\/index.php?rest_route=\/wp\/v2\/posts\/4694\/revisions"}],"predecessor-version":[{"id":4699,"href":"https:\/\/ich.md\/index.php?rest_route=\/wp\/v2\/posts\/4694\/revisions\/4699"}],"wp:featuredmedia":[{"embeddable":true,"href":"https:\/\/ich.md\/index.php?rest_route=\/wp\/v2\/media\/4620"}],"wp:attachment":[{"href":"https:\/\/ich.md\/index.php?rest_route=%2Fwp%2Fv2%2Fmedia&parent=4694"}],"wp:term":[{"taxonomy":"category","embeddable":true,"href":"https:\/\/ich.md\/index.php?rest_route=%2Fwp%2Fv2%2Fcategories&post=4694"},{"taxonomy":"post_tag","embeddable":true,"href":"https:\/\/ich.md\/index.php?rest_route=%2Fwp%2Fv2%2Ftags&post=4694"}],"curies":[{"name":"wp","href":"https:\/\/api.w.org\/{rel}","templated":true}]}}