{"id":4700,"date":"2020-08-18T16:23:02","date_gmt":"2020-08-18T13:23:02","guid":{"rendered":"http:\/\/ich.md\/?p=4700"},"modified":"2020-08-18T16:23:57","modified_gmt":"2020-08-18T13:23:57","slug":"aviz-privind-sustinerea-publica-a-tezei-de-doctorat-a-candidatului-vladimir-cravcenco","status":"publish","type":"post","link":"https:\/\/ich.md\/?p=4700","title":{"rendered":"AVIZ PRIVIND SUS\u0162INEREA PUBLIC\u0102 A TEZEI DE DOCTORAT A CANDIDATULUI VLADIMIR CRAVCENCO"},"content":{"rendered":"<p style=\"text-align: center;\"><strong>AVIZ<\/strong><\/p>\n<p style=\"text-align: center;\"><strong>Institutul Patrimoniului Cultural anun\u0163\u0103<\/strong><\/p>\n<p style=\"text-align: center;\"><strong>SUS\u0162INEREA PUBLIC\u0102 A TEZEI DE DOCTOR \u00ceN STUDIUL ARTELOR<br \/>\n\u015eI CULTUROLOGIE<\/strong><\/p>\n<p style=\"text-align: center;\"><strong>a candidatului Vladimir CRAVCENCO<\/strong><\/p>\n<p>Tema tezei:\u00a0<strong>GRAFICA DE CARTE PENTRU COPII DIN REPUBLICA MOLDOVA (1945-2010)<\/strong><\/p>\n<p>Specialitatea\u00a0<strong>651.01. Teoria \u015fi istoria artelor plastice<\/strong><\/p>\n<p><strong>Conduc\u0103tor \u015ftiin\u0163ific:<\/strong><\/p>\n<p><strong>TOMA Ludmila,<\/strong> dr. \u00een studiul artelor, conferen\u021biar cercet\u0103tor, Academia de Muzic\u0103, Teatru\u00a0\u015fi Arte Plastice<\/p>\n<p><strong>Componen\u0163a Consiliului \u015etiin\u0163ific Specializat D 653.01-143:<\/strong><\/p>\n<ol>\n<li>STAVIL\u0102 Tudor, <strong>pre\u015fedinte<\/strong>, doctor habilitat \u00een studiul artelor \u015fi culturologie, profesor cercet\u0103tor<\/li>\n<li>SP\u00ceNU Constantin, <strong>secretar \u015ftiin\u0163ific,<\/strong> doctor \u00een studiul artelor \u015fi culturologie, conferen\u0163iar universitar<\/li>\n<li>\u015eLAPAC Mariana, doctor habilitat \u00een studiul artelor \u015fi culturologie, conferen\u0163iar cercet\u0103tor, m.c.<\/li>\n<li>ZAHARIA Dumitru, doctor \u00een estetica artelor vizuale, profesor universitar (Ia\u015fi, Rom\u00e2nia) 5. URSACHI Rodica, doctor \u00een studiul artelor \u015fi culturologie, conferen\u0163iar universitar<\/li>\n<li>SIMAC Ana, doctor \u00een studiul artelor \u015fi culturologie, conferen\u0163iar universitar<\/li>\n<\/ol>\n<p><strong>Referen\u0163i oficiali:<\/strong><\/p>\n<p>CIOBANU Constantin Ion, doctor habilitat \u00een studiul artelor \u015fi culturologie, conferen\u0163iar universitar (Bucure\u015fti, Rom\u00e2nia)<\/p>\n<p>BRIGALDA Eleonora, doctor \u00een studiul artelor \u015fi culturologie, profesor universitar,\u00a0UPS \u201eIon Creang\u0103\u201d<\/p>\n<p>Sus\u0163inerea va avea loc la 03 septembrie 2020, ora 11.00, \u00een \u015fedin\u0163a Consiliului \u015ftiin\u0163ific specializat D 653.01-143 din cadrul Institutului Patrimoniului Cultural (MD\u20132001, mun. Chi\u015fin\u0103u, bd. \u015etefan cel Mare \u015fi Sf\u00e2nt, 1, Sala Mic\u0103 a A\u015eM) \u015fi va fi transmis\u0103 online de c\u0103tre Institutul de Dezvoltare a Societ\u0103\u0163ii Informa\u0163ionale (IDSI) \u2013 cu link activ spre pagina\u00a0<a href=\"http:\/\/www.idsi.md\/tv\">www.idsi.md\/tv<\/a><\/p>\n<p style=\"background: white; margin: 0mm 0mm 15.0pt 0mm;\"><a href=\"http:\/\/ich.md\/wp-content\/uploads\/2020\/08\/Cravcenco-Autoreferat-rom.pdf\"><b><span style=\"font-size: 14.0pt; font-family: 'Arial',sans-serif; color: #3c3c3c;\">Autoreferatul tezei de doctor \u00een arhitectur\u0103<\/span><\/b><\/a><\/p>\n<p style=\"background: white; box-sizing: border-box; font-variant-ligatures: normal; font-variant-caps: normal; orphans: 2; text-align: start; widows: 2; -webkit-text-stroke-width: 0px; text-decoration-style: initial; text-decoration-color: initial; word-spacing: 0px; margin: 0mm 0mm 15.0pt 0mm;\"><a href=\"http:\/\/ich.md\/wp-content\/uploads\/2020\/08\/Cravcenco-Teza-rom.pdf\"><b><span style=\"font-size: 14.0pt; font-family: 'Arial',sans-serif; color: #3c3c3c;\">Teza de doctor \u00een arhitectur\u0103<\/span><\/b><\/a><\/p>\n<p>&nbsp;<\/p>\n","protected":false},"excerpt":{"rendered":"<p>AVIZ Institutul Patrimoniului Cultural anun\u0163\u0103 SUS\u0162INEREA PUBLIC\u0102 A TEZEI DE DOCTOR \u00ceN STUDIUL ARTELOR \u015eI CULTUROLOGIE a candidatului Vladimir CRAVCENCO Tema tezei:\u00a0GRAFICA DE CARTE PENTRU<span class=\"read-more-link\"><a class=\"read-more\" href=\"https:\/\/ich.md\/?p=4700\">Read More<\/a><\/span><\/p>\n","protected":false},"author":2,"featured_media":4561,"comment_status":"closed","ping_status":"closed","sticky":false,"template":"","format":"standard","meta":[],"categories":[10],"tags":[],"_links":{"self":[{"href":"https:\/\/ich.md\/index.php?rest_route=\/wp\/v2\/posts\/4700"}],"collection":[{"href":"https:\/\/ich.md\/index.php?rest_route=\/wp\/v2\/posts"}],"about":[{"href":"https:\/\/ich.md\/index.php?rest_route=\/wp\/v2\/types\/post"}],"author":[{"embeddable":true,"href":"https:\/\/ich.md\/index.php?rest_route=\/wp\/v2\/users\/2"}],"replies":[{"embeddable":true,"href":"https:\/\/ich.md\/index.php?rest_route=%2Fwp%2Fv2%2Fcomments&post=4700"}],"version-history":[{"count":3,"href":"https:\/\/ich.md\/index.php?rest_route=\/wp\/v2\/posts\/4700\/revisions"}],"predecessor-version":[{"id":4705,"href":"https:\/\/ich.md\/index.php?rest_route=\/wp\/v2\/posts\/4700\/revisions\/4705"}],"wp:featuredmedia":[{"embeddable":true,"href":"https:\/\/ich.md\/index.php?rest_route=\/wp\/v2\/media\/4561"}],"wp:attachment":[{"href":"https:\/\/ich.md\/index.php?rest_route=%2Fwp%2Fv2%2Fmedia&parent=4700"}],"wp:term":[{"taxonomy":"category","embeddable":true,"href":"https:\/\/ich.md\/index.php?rest_route=%2Fwp%2Fv2%2Fcategories&post=4700"},{"taxonomy":"post_tag","embeddable":true,"href":"https:\/\/ich.md\/index.php?rest_route=%2Fwp%2Fv2%2Ftags&post=4700"}],"curies":[{"name":"wp","href":"https:\/\/api.w.org\/{rel}","templated":true}]}}