{"id":4717,"date":"2020-08-31T17:39:22","date_gmt":"2020-08-31T14:39:22","guid":{"rendered":"http:\/\/ich.md\/?p=4717"},"modified":"2020-08-31T19:10:54","modified_gmt":"2020-08-31T16:10:54","slug":"felicitare-cu-ocazia-zilei-nationale-limba-noastra-cea-romana","status":"publish","type":"post","link":"https:\/\/ich.md\/?p=4717","title":{"rendered":"Felicitare cu ocazia Zilei Na\u021bionale Limba noastr\u0103 cea rom\u00e2n\u0103."},"content":{"rendered":"<p>Institutul Patrimoniului Cultural aduce sincere felicit\u0103ri comunit\u0103\u021bii \u0219tiin\u021bifice cu ocazia Zilei Na\u021bionale <strong><em>Limba noastr\u0103 cea rom\u00e2n\u0103.<\/em><\/strong><\/p>\n<p>Limba este cartea de noble\u021be a unui neam, calea principal\u0103 de exprimare \u0219i p\u0103strare a identit\u0103\u021bii etnice \u0219i culturale a acestuia. Iar perpetuarea limbii rom\u00e2ne \u00een spa\u021biul dintre Prut \u0219i Nistru, exprimarea crea\u021biei literare, artistice \u0219i a celei \u0219tiin\u021bifice prin intermediul ei demonstreaz\u0103 c\u0103 expresia rom\u00e2neasc\u0103 r\u0103m\u00e2ne a fi cea mai pre\u021bioas\u0103 comoar\u0103 spiritual\u0103, pe care am mo\u0219tenit-o.<em> <span style=\"text-decoration: line-through;\">\u00a0<\/span><\/em><\/p>\n<p><strong>V\u0103 ur\u0103m mult succes \u00een cultivarea \u0219i promovarea continu\u0103 a limbii rom\u00e2ne ca parte integrant\u0103 a patrimoniului cultural al \u021b\u0103rii!<\/strong><\/p>\n","protected":false},"excerpt":{"rendered":"<p>Institutul Patrimoniului Cultural aduce sincere felicit\u0103ri comunit\u0103\u021bii \u0219tiin\u021bifice cu ocazia Zilei Na\u021bionale Limba noastr\u0103 cea rom\u00e2n\u0103. Limba este cartea de noble\u021be a unui neam, calea<span class=\"read-more-link\"><a class=\"read-more\" href=\"https:\/\/ich.md\/?p=4717\">Read More<\/a><\/span><\/p>\n","protected":false},"author":2,"featured_media":4720,"comment_status":"closed","ping_status":"closed","sticky":false,"template":"","format":"standard","meta":[],"categories":[10],"tags":[],"_links":{"self":[{"href":"https:\/\/ich.md\/index.php?rest_route=\/wp\/v2\/posts\/4717"}],"collection":[{"href":"https:\/\/ich.md\/index.php?rest_route=\/wp\/v2\/posts"}],"about":[{"href":"https:\/\/ich.md\/index.php?rest_route=\/wp\/v2\/types\/post"}],"author":[{"embeddable":true,"href":"https:\/\/ich.md\/index.php?rest_route=\/wp\/v2\/users\/2"}],"replies":[{"embeddable":true,"href":"https:\/\/ich.md\/index.php?rest_route=%2Fwp%2Fv2%2Fcomments&post=4717"}],"version-history":[{"count":1,"href":"https:\/\/ich.md\/index.php?rest_route=\/wp\/v2\/posts\/4717\/revisions"}],"predecessor-version":[{"id":4719,"href":"https:\/\/ich.md\/index.php?rest_route=\/wp\/v2\/posts\/4717\/revisions\/4719"}],"wp:featuredmedia":[{"embeddable":true,"href":"https:\/\/ich.md\/index.php?rest_route=\/wp\/v2\/media\/4720"}],"wp:attachment":[{"href":"https:\/\/ich.md\/index.php?rest_route=%2Fwp%2Fv2%2Fmedia&parent=4717"}],"wp:term":[{"taxonomy":"category","embeddable":true,"href":"https:\/\/ich.md\/index.php?rest_route=%2Fwp%2Fv2%2Fcategories&post=4717"},{"taxonomy":"post_tag","embeddable":true,"href":"https:\/\/ich.md\/index.php?rest_route=%2Fwp%2Fv2%2Ftags&post=4717"}],"curies":[{"name":"wp","href":"https:\/\/api.w.org\/{rel}","templated":true}]}}