{"id":4734,"date":"2020-09-22T11:54:21","date_gmt":"2020-09-22T08:54:21","guid":{"rendered":"http:\/\/ich.md\/?p=4734"},"modified":"2020-09-22T12:02:41","modified_gmt":"2020-09-22T09:02:41","slug":"simpozionul-national-de-studii-culturale","status":"publish","type":"post","link":"https:\/\/ich.md\/?p=4734","title":{"rendered":"Simpozionul national de Studii culturale. Edi\u021bia a II-a, 24 septembrie 2020"},"content":{"rendered":"<p>La 24 septembrie 2020, \u00eencep\u00e2nd cu ora 9:00, va avea loc Simpozionul national de Studii culturale, edi\u021ba a II-a, organizat de Institutul Patrimoniului Cultural \u00een parteneriat cu Biblioteca Municipal\u0103 \u201dB. P. Hasdeu\u201d, filiala Biblioteca de Arte \u201dTudor Arghezi\u201d. Evenimentul este dedicat Zilelor europene ale patrimoniului \u0219i se va axa pe trei arii tematice de cercetare:<\/p>\n<ol>\n<li>Cartea ca element al patrimoniului cultural;<\/li>\n<li>Patrimoniul artistic \u2013 valoare cultural\u0103, educativ\u0103 \u0219i economic\u0103 pentru societatea secolului al XXI-lea;<\/li>\n<li>Patrimoniul etnografic: expresie a spiritualit\u0103\u021bii \u0219i a modului tradi\u021bional de via\u021b\u0103.<\/li>\n<\/ol>\n<p>\u0218edin\u021ba de deschidere a lucr\u0103rilor evenimentului va avea loc \u00een incinta Bibliotecii de Arte \u201dTudor Arghezi\u201d (strada Gr\u0103dinilor, nr. 21), \u00een cadrul c\u0103ruia va fi prezentat volumul <em>Studii culturale. Vol. I. Materialele Simpozionului Na\u021bional de Studii Culturale. Edi\u021bia I.<\/em> Chi\u0219in\u0103u, 26 septembrie 2019. Chi\u0219in\u0103u, 2020.<\/p>\n<p>Lucr\u0103rile simpozionului se vor desf\u0103\u0219ura online.<\/p>\n<p>&nbsp;<\/p>\n<p>Comitetul de organizare<\/p>\n<p>&nbsp;<\/p>\n<p>Programul simpozionului<\/p>\n<div class=\"ead-preview\"><div class=\"ead-document\" style=\"position: relative;padding-top: 90%;\"><div class=\"ead-iframe-wrapper\"><iframe src=\"\/\/docs.google.com\/viewer?url=http%3A%2F%2Fich.md%2Fwp-content%2Fuploads%2F2020%2F09%2FProgram.Studii-culturale.linkuri.pdf&amp;embedded=true&amp;hl=en\" title=\"Embedded Document\" class=\"ead-iframe\" style=\"width: 100%;height: 100%;border: none;position: absolute;left: 0;top: 0;visibility: hidden;\"><\/iframe><\/div>\t\t\t<div class=\"ead-document-loading\" style=\"width:100%;height:100%;position:absolute;left:0;top:0;z-index:10;\">\n\t\t\t\t<div class=\"ead-loading-wrap\">\n\t\t\t\t\t<div class=\"ead-loading-main\">\n\t\t\t\t\t\t<div class=\"ead-loading\">\n\t\t\t\t\t\t\t<img src=\"https:\/\/ich.md\/wp-content\/plugins\/embed-any-document\/images\/loading.svg\" width=\"55\" height=\"55\" alt=\"Loader\">\n\t\t\t\t\t\t\t<span>Loading...<\/span>\n\t\t\t\t\t\t<\/div>\n\t\t\t\t\t<\/div>\n\t\t\t\t\t<div class=\"ead-loading-foot\">\n\t\t\t\t\t\t<div class=\"ead-loading-foot-title\">\n\t\t\t\t\t\t\t<img src=\"https:\/\/ich.md\/wp-content\/plugins\/embed-any-document\/images\/EAD-logo.svg\" alt=\"EAD Logo\" width=\"36\" height=\"23\"\/>\n\t\t\t\t\t\t\t<span>Taking too long?<\/span>\n\t\t\t\t\t\t<\/div>\n\t\t\t\t\t\t<p>\n\t\t\t\t\t\t\t<div class=\"ead-document-btn ead-reload-btn\" role=\"button\">\n\t\t\t\t\t\t\t\t<img src=\"https:\/\/ich.md\/wp-content\/plugins\/embed-any-document\/images\/reload.svg\" alt=\"Reload\" width=\"12\" height=\"12\"\/> Reload document\t\t\t\t\t\t\t<\/div>\n\t\t\t\t\t\t\t<span>|<\/span>\n\t\t\t\t\t\t\t<a href=\"http:\/\/ich.md\/wp-content\/uploads\/2020\/09\/Program.Studii-culturale.linkuri.pdf\" class=\"ead-document-btn\" target=\"_blank\">\n\t\t\t\t\t\t\t\t<img src=\"https:\/\/ich.md\/wp-content\/plugins\/embed-any-document\/images\/open.svg\" alt=\"Open\" width=\"12\" height=\"12\"\/> Open in new tab\t\t\t\t\t\t\t<\/a>\n\t\t\t\t\t<\/div>\n\t\t\t\t<\/div>\n\t\t\t<\/div>\n\t\t<\/div><p class=\"embed_download\"><a href=\"http:\/\/ich.md\/wp-content\/uploads\/2020\/09\/Program.Studii-culturale.linkuri.pdf\" download >Download <\/a><\/p><\/div>\n","protected":false},"excerpt":{"rendered":"<p>La 24 septembrie 2020, \u00eencep\u00e2nd cu ora 9:00, va avea loc Simpozionul national de Studii culturale, edi\u021ba a II-a, organizat de Institutul Patrimoniului Cultural \u00een<span class=\"read-more-link\"><a class=\"read-more\" href=\"https:\/\/ich.md\/?p=4734\">Read More<\/a><\/span><\/p>\n","protected":false},"author":2,"featured_media":4738,"comment_status":"closed","ping_status":"closed","sticky":false,"template":"","format":"standard","meta":[],"categories":[10],"tags":[],"_links":{"self":[{"href":"https:\/\/ich.md\/index.php?rest_route=\/wp\/v2\/posts\/4734"}],"collection":[{"href":"https:\/\/ich.md\/index.php?rest_route=\/wp\/v2\/posts"}],"about":[{"href":"https:\/\/ich.md\/index.php?rest_route=\/wp\/v2\/types\/post"}],"author":[{"embeddable":true,"href":"https:\/\/ich.md\/index.php?rest_route=\/wp\/v2\/users\/2"}],"replies":[{"embeddable":true,"href":"https:\/\/ich.md\/index.php?rest_route=%2Fwp%2Fv2%2Fcomments&post=4734"}],"version-history":[{"count":4,"href":"https:\/\/ich.md\/index.php?rest_route=\/wp\/v2\/posts\/4734\/revisions"}],"predecessor-version":[{"id":4742,"href":"https:\/\/ich.md\/index.php?rest_route=\/wp\/v2\/posts\/4734\/revisions\/4742"}],"wp:featuredmedia":[{"embeddable":true,"href":"https:\/\/ich.md\/index.php?rest_route=\/wp\/v2\/media\/4738"}],"wp:attachment":[{"href":"https:\/\/ich.md\/index.php?rest_route=%2Fwp%2Fv2%2Fmedia&parent=4734"}],"wp:term":[{"taxonomy":"category","embeddable":true,"href":"https:\/\/ich.md\/index.php?rest_route=%2Fwp%2Fv2%2Fcategories&post=4734"},{"taxonomy":"post_tag","embeddable":true,"href":"https:\/\/ich.md\/index.php?rest_route=%2Fwp%2Fv2%2Ftags&post=4734"}],"curies":[{"name":"wp","href":"https:\/\/api.w.org\/{rel}","templated":true}]}}