{"id":4763,"date":"2020-10-07T10:22:40","date_gmt":"2020-10-07T07:22:40","guid":{"rendered":"http:\/\/ich.md\/?p=4763"},"modified":"2020-10-24T11:27:57","modified_gmt":"2020-10-24T08:27:57","slug":"conferinta-stiintifica-internationala-valorificarea-patrimoniului-etnocultural-in-cercetare-si-educatie-editia-a-v-a","status":"publish","type":"post","link":"https:\/\/ich.md\/?p=4763","title":{"rendered":"Conferin\u021ba \u0218tiin\u021bific\u0103 Interna\u021bional\u0103:  Valorificarea patrimoniului etnocultural \u00een cercetare \u0219i educa\u021bie. Edi\u021bia a V-a"},"content":{"rendered":"<p style=\"text-align: center;\"><span style=\"color: #234199;\"><strong>INSTITUTUL PATRIMONIULUI CULTURAL<\/strong><\/span><\/p>\n<p style=\"text-align: center;\"><span style=\"color: #234199;\"><strong>\u00een parteneriat cu <\/strong><\/span><\/p>\n<p style=\"text-align: center;\"><span style=\"color: #234199;\"><strong>FACULTATEA DE ISTORIE \u0218I FILOSOFIE A USM,<\/strong><\/span><\/p>\n<p style=\"text-align: center;\"><span style=\"color: #234199;\"><strong>FACULTATEA DE FILOLOGIE \u0218I\u00a0 ISTORIE,\u00a0 <\/strong><\/span><\/p>\n<p style=\"text-align: center;\"><span style=\"color: #234199;\"><strong>FACULTATEA DE ARTE PLASTICE \u0218I DESIGN <\/strong><\/span><\/p>\n<p style=\"text-align: center;\"><span style=\"color: #234199;\"><strong>A UPS \u201eION CREANG\u0102\u201d<\/strong><\/span><\/p>\n<p style=\"text-align: center;\"><strong>organizeaz\u0103 Conferin\u021ba \u0218tiin\u021bific\u0103 Interna\u021bional\u0103:<\/strong><\/p>\n<p style=\"text-align: center;\"><span style=\"color: #234199;\"><strong><em>Valorificarea patrimoniului etnocultural \u00een cercetare \u0219i educa\u021bie. Edi\u021bia a V-a<\/em><\/strong>,<\/span><\/p>\n<p style=\"text-align: center;\">Conferin\u021ba se va desf\u0103\u0219ura la Chi\u0219in\u0103u, Republica Moldova,<\/p>\n<p style=\"text-align: center;\"><span style=\"color: #234199;\"><strong>la 24 noiembrie 2020.<\/strong><\/span><\/p>\n<p>Manifestarea \u0219tiin\u021bific\u0103 face parte din ac\u021biunile planificate \u00een cadrul Programului de Stat pentru anii 2020\u20132023: <em>20.80009.1616.02 &#8211; Evolu\u021bia tradi\u021biilor \u0219i proceselor etnice \u00een Republica Moldova: suport teoretic \u0219i aplicativ \u00een promovarea valorilor etnoculturale \u0219i coeziunii sociale<\/em>.<\/p>\n<p>Primele patru edi\u021bii ale Conferin\u021bei au fost dedicate tinerilor cercet\u0103tori, \u00een prezenta \u0219i urm\u0103toarele edi\u021bii ne propunem s\u0103 organiz\u0103m un dialog \u0219tiin\u021bific dintre genera\u021biile de cercet\u0103tori afla\u021bi la \u00eenceputul carierei \u0219tiin\u021bifice \u0219i cei experimenta\u021bi. Consider\u0103m c\u0103 dialogul dintre genera\u021bii va duce la un schimb de cuno\u0219tin\u021be \u0219i experien\u021be utile \u0219i ne va \u00eembog\u0103\u021bi spiritual.<\/p>\n<p>Comunic\u0103rile vor aborda subiecte referitoare la patrimoniul etnologic \u00een general, valorificarea patrimoniului etnocultural \u00een educa\u021bie \u0219i \u00een cercetare, precum \u0219i la rolul patrimoniului cultural rom\u00e2nesc \u0219i al etniilor conlocuitoare \u00een dezvoltarea societ\u0103\u021bii.<\/p>\n<p>Doritorii de a participa la conferin\u021b\u0103 \u00eei rug\u0103m s\u0103 expedieze formularul de participare \u00a0p\u00e2n\u0103 la data de 1 noiembrie 2020, pe adresa <a href=\"mailto:etnologie@ich.md\"><strong>etnologie@ich.md<\/strong><\/a>.<\/p>\n<p>&nbsp;<\/p>\n<p><strong><span style=\"color: #234199;\">Formularul de participare<\/span>:<\/strong><\/p>\n<p>Numele, Prenumele:<\/p>\n<p>Gradul \u0219tiin\u021bific, afilierea institu\u021bional\u0103:<\/p>\n<p>Titlul comunic\u0103rii:<\/p>\n<p>Rezumatul comunic\u0103rii (<strong>1900\u20132000<\/strong> de semne cu spa\u021bii):<\/p>\n<p>Cinci cuvinte cheie:<\/p>\n<p>&nbsp;<\/p>\n<p>Comitetul de organizare \u00ee\u0219i asum\u0103 responsabilitatea select\u0103rii propunerilor.<\/p>\n<p>Forma desf\u0103\u0219ur\u0103rii conferin\u021bei: <strong>mixt\u0103 (direct\u0103 \u0219i online)<\/strong><\/p>\n<p>\u00cen speran\u021ba c\u0103 ne Ve\u021bi onora cu prezen\u021ba, V\u0103 mul\u021bumim anticipat.<\/p>\n<p>Pentru nout\u0103\u021bi \u0219i informa\u021bii de contact accesa\u021bi <span style=\"color: #234199;\"><strong>ich.md<\/strong><\/span><\/p>\n<p><span style=\"color: #234199;\"><strong>Comitetul de organizare<\/strong><\/span><\/p>\n<iframe id=\"gdoc-f0481b4dd09fcae03843f6370b438c5f\" class=\"gdocs_shortcode gdocs_other\" src=\"https:\/\/drive.google.com\/file\/d\/1fMZvQHPuP6wauNDZ4_RySNLQ1LuUS7pU\/preview\" width=\"800\" height=\"1000\"><\/iframe>\n","protected":false},"excerpt":{"rendered":"<p>INSTITUTUL PATRIMONIULUI CULTURAL \u00een parteneriat cu FACULTATEA DE ISTORIE \u0218I FILOSOFIE A USM, FACULTATEA DE FILOLOGIE \u0218I\u00a0 ISTORIE,\u00a0 FACULTATEA DE ARTE PLASTICE \u0218I DESIGN A<span class=\"read-more-link\"><a class=\"read-more\" href=\"https:\/\/ich.md\/?p=4763\">Read More<\/a><\/span><\/p>\n","protected":false},"author":2,"featured_media":4764,"comment_status":"closed","ping_status":"closed","sticky":false,"template":"","format":"standard","meta":[],"categories":[10],"tags":[],"_links":{"self":[{"href":"https:\/\/ich.md\/index.php?rest_route=\/wp\/v2\/posts\/4763"}],"collection":[{"href":"https:\/\/ich.md\/index.php?rest_route=\/wp\/v2\/posts"}],"about":[{"href":"https:\/\/ich.md\/index.php?rest_route=\/wp\/v2\/types\/post"}],"author":[{"embeddable":true,"href":"https:\/\/ich.md\/index.php?rest_route=\/wp\/v2\/users\/2"}],"replies":[{"embeddable":true,"href":"https:\/\/ich.md\/index.php?rest_route=%2Fwp%2Fv2%2Fcomments&post=4763"}],"version-history":[{"count":3,"href":"https:\/\/ich.md\/index.php?rest_route=\/wp\/v2\/posts\/4763\/revisions"}],"predecessor-version":[{"id":4815,"href":"https:\/\/ich.md\/index.php?rest_route=\/wp\/v2\/posts\/4763\/revisions\/4815"}],"wp:featuredmedia":[{"embeddable":true,"href":"https:\/\/ich.md\/index.php?rest_route=\/wp\/v2\/media\/4764"}],"wp:attachment":[{"href":"https:\/\/ich.md\/index.php?rest_route=%2Fwp%2Fv2%2Fmedia&parent=4763"}],"wp:term":[{"taxonomy":"category","embeddable":true,"href":"https:\/\/ich.md\/index.php?rest_route=%2Fwp%2Fv2%2Fcategories&post=4763"},{"taxonomy":"post_tag","embeddable":true,"href":"https:\/\/ich.md\/index.php?rest_route=%2Fwp%2Fv2%2Ftags&post=4763"}],"curies":[{"name":"wp","href":"https:\/\/api.w.org\/{rel}","templated":true}]}}