{"id":4816,"date":"2020-10-28T18:50:27","date_gmt":"2020-10-28T16:50:27","guid":{"rendered":"http:\/\/ich.md\/?p=4816"},"modified":"2020-10-28T18:50:27","modified_gmt":"2020-10-28T16:50:27","slug":"conferinta-stiintifica-nationala-valentina-rusu-ciobanu-100-de-ani-de-la-nastere","status":"publish","type":"post","link":"https:\/\/ich.md\/?p=4816","title":{"rendered":"Conferin\u021ba \u0218tiin\u021bific\u0103 Na\u021bional\u0103 \u201eVALENTINA RUSU-CIOBANU &#8211; 100 DE ANI DE LA NA\u0218TERE\u201d"},"content":{"rendered":"<p style=\"text-align: center;\">\n<strong>Institutul Patrimoniului Cultural<\/strong><\/p>\n<p style=\"text-align: center;\">anun\u021b\u0103 organizarea Conferin\u021bei \u0218tiin\u021bifice Na\u021bionale<\/p>\n<p style=\"text-align: center;\">\u00a0<strong>\u201eVALENTINA RUSU-CIOBANU &#8211; 100 DE ANI DE LA NA\u0218TERE\u201d<\/strong><\/p>\n<p style=\"text-align: center;\">30 noiembrie, 2020, IPC, Chi\u0219in\u0103u<\/p>\n<p>&nbsp;<\/p>\n<p>La eveniment sunt invita\u021bi cercet\u0103tori \u0219tiin\u021bifici, cadre didactice \u0219i \u0219tiin\u021bifico-didactice, colaboratori muzeistici \u0219i arti\u0219ti plastici din Republica Moldova.<\/p>\n<p>Conferin\u021ba \u0218tiin\u021bific\u0103 Na\u021bional\u0103 va fi consacrat\u0103 activit\u0103\u021bii de crea\u021bie a ilustrului plastician Valentina Rusu-Ciobanu c\u00e2t \u0219i problemelor actuale, realiz\u0103rilor \u0219i perspectivelor de dezvoltare ale artei na\u021bionale.<\/p>\n<p>&nbsp;<\/p>\n<p>V\u0103 rug\u0103m respectuos s\u0103 transmite\u021bi formularul de participare p\u00e2n\u0103 pe data de <strong>15 noiembrie 2020<\/strong>, la adresa de e-mail: <a href=\"mailto:vitaliemalcoci@gmail.com\">vitaliemalcoci@gmail.com<\/a>.<\/p>\n<p>Comunic\u0103rile vor respecta tematica propus\u0103 \u0219i vor fi prezentate \u00een limba rom\u00e2n\u0103 \u0219i rus\u0103.<\/p>\n<p>Manifestarea se va desf\u0103\u0219ura sub form\u0103 mixt\u0103: cu participare direct\u0103 \u0219i online.<\/p>\n<p><strong>\u00a0<\/strong><\/p>\n<p><strong>Formular de participare:<\/strong><\/p>\n<ul>\n<li>Prenumele NUMELE autorului, gradul \u0219tiin\u021bific, afilierea institu\u021bional\u0103<\/li>\n<li>Titlul comunic\u0103rii<\/li>\n<li>Rezumat (1800-2000 de semne cu spa\u021bii)<\/li>\n<\/ul>\n<p>&nbsp;<\/p>\n<p>Pentru informa\u021bii scrie\u021bi la adresa: <a href=\"mailto:vitaliemalcoci@gmail.com\">vitaliemalcoci@gmail.com<\/a><\/p>\n<p>Coordonatorul proiectului conferin\u021bei:<\/p>\n<p>Dr. Vitalie Malcoci, cercet\u0103tor \u0219tiin\u021bific coordonator, conf. univ.<\/p>\n<p><strong>\u00a0<\/strong><\/p>\n<p><strong>Comitetul de organizare<\/strong><\/p>\n<p><strong>\u00a0<\/strong><\/p>\n","protected":false},"excerpt":{"rendered":"<p>Institutul Patrimoniului Cultural anun\u021b\u0103 organizarea Conferin\u021bei \u0218tiin\u021bifice Na\u021bionale \u00a0\u201eVALENTINA RUSU-CIOBANU &#8211; 100 DE ANI DE LA NA\u0218TERE\u201d 30 noiembrie, 2020, IPC, Chi\u0219in\u0103u &nbsp; La eveniment<span class=\"read-more-link\"><a class=\"read-more\" href=\"https:\/\/ich.md\/?p=4816\">Read More<\/a><\/span><\/p>\n","protected":false},"author":2,"featured_media":4817,"comment_status":"closed","ping_status":"closed","sticky":false,"template":"","format":"standard","meta":[],"categories":[10],"tags":[],"_links":{"self":[{"href":"https:\/\/ich.md\/index.php?rest_route=\/wp\/v2\/posts\/4816"}],"collection":[{"href":"https:\/\/ich.md\/index.php?rest_route=\/wp\/v2\/posts"}],"about":[{"href":"https:\/\/ich.md\/index.php?rest_route=\/wp\/v2\/types\/post"}],"author":[{"embeddable":true,"href":"https:\/\/ich.md\/index.php?rest_route=\/wp\/v2\/users\/2"}],"replies":[{"embeddable":true,"href":"https:\/\/ich.md\/index.php?rest_route=%2Fwp%2Fv2%2Fcomments&post=4816"}],"version-history":[{"count":1,"href":"https:\/\/ich.md\/index.php?rest_route=\/wp\/v2\/posts\/4816\/revisions"}],"predecessor-version":[{"id":4818,"href":"https:\/\/ich.md\/index.php?rest_route=\/wp\/v2\/posts\/4816\/revisions\/4818"}],"wp:featuredmedia":[{"embeddable":true,"href":"https:\/\/ich.md\/index.php?rest_route=\/wp\/v2\/media\/4817"}],"wp:attachment":[{"href":"https:\/\/ich.md\/index.php?rest_route=%2Fwp%2Fv2%2Fmedia&parent=4816"}],"wp:term":[{"taxonomy":"category","embeddable":true,"href":"https:\/\/ich.md\/index.php?rest_route=%2Fwp%2Fv2%2Fcategories&post=4816"},{"taxonomy":"post_tag","embeddable":true,"href":"https:\/\/ich.md\/index.php?rest_route=%2Fwp%2Fv2%2Ftags&post=4816"}],"curies":[{"name":"wp","href":"https:\/\/api.w.org\/{rel}","templated":true}]}}