{"id":4827,"date":"2020-11-03T18:14:00","date_gmt":"2020-11-03T16:14:00","guid":{"rendered":"http:\/\/ich.md\/?p=4827"},"modified":"2020-11-03T19:46:35","modified_gmt":"2020-11-03T17:46:35","slug":"4827","status":"publish","type":"post","link":"https:\/\/ich.md\/?p=4827","title":{"rendered":"Mas\u0103 rotund\u0103: PANDEMIA \u00ceN MENTALITATEA TRADI\u021aIONAL\u0102: ISTORIE \u0218I ACTUALITATE"},"content":{"rendered":"<p style=\"text-align: center;\"><strong>INSTITUTUL PATRIMONIULUI CULTURAL<\/strong><\/p>\n<p style=\"text-align: center;\">anun\u021b\u0103 organizarea\u00a0<strong>\u00a0<\/strong><\/p>\n<p style=\"text-align: center;\"><strong>Mesei rotunde <\/strong><\/p>\n<p style=\"text-align: center;\"><strong>Metodologii \u0219i tehnici moderne de cercetare etnologic\u0103\u00a0<\/strong><\/p>\n<p style=\"text-align: center;\"><span style=\"color: #003366;\"><strong>\u00a0<\/strong><strong>Edi\u021bia I<\/strong><\/span><\/p>\n<p style=\"text-align: center;\"><span style=\"color: #003366;\"><strong>PANDEMIA \u00ceN MENTALITATEA TRADI\u021aIONAL\u0102: ISTORIE \u0218I ACTUALITATE<\/strong><\/span><\/p>\n<p style=\"text-align: center;\">10 noiembrie 2020, ora 14.00<\/p>\n<p style=\"text-align: center;\">Institutul Patrimoniului Cultural, Chi\u0219in\u0103u, bd. \u0218tefan cel Mare 1.<\/p>\n<p>&nbsp;<\/p>\n<p style=\"text-align: center;\"><strong>PROGRAM<\/strong><\/p>\n<p style=\"text-align: center;\"><strong>Moderator: <\/strong>Dr. Natalia GR\u0102DINARU<\/p>\n<p style=\"text-align: center;\">Accesa\u021bi linkul: <strong><a href=\"https:\/\/meet.google.com\/qcu-ipdf-ggx\">https:\/\/meet.google.com\/qcu-ipdf-ggx<\/a> <\/strong><\/p>\n<p><strong><em>Cuv\u00e2nt de salut<\/em><\/strong><\/p>\n<p>Dr. Adrian DOLGHI, director adjunct al IPC<\/p>\n<p style=\"text-align: center;\"><strong>COMUNIC\u0102RI<\/strong><\/p>\n<p><strong>Dr. Valentin ARAPU<\/strong><\/p>\n<p><em>Simbolismul liliecilor \u00een contextul bolilor epidemice \/ pandemice \u0219i a practicilor medicinii magice (abord\u0103ri istorice, medicale \u0219i etnoculturale).<\/em><\/p>\n<p><strong>Dr. Duminica IVAN<\/strong><\/p>\n<p><em>Epidemiile \u00een Basarabia \u021barist\u0103 \u0219i modul de eradicare a lor.<\/em><\/p>\n<p><strong>Dr. Natalia GR\u0102DINARU<\/strong><\/p>\n<p><em>Epidemia \u00een mentalul colectiv din spa\u021biul pruto-nistrean. Tradi\u021bie \u0219i actualitate.<\/em><\/p>\n<p><strong><em>\u00a0<\/em><\/strong><\/p>\n<p style=\"text-align: center;\"><strong>DISCU\u021aII<\/strong><\/p>\n<p><strong>Participan\u021bi la discu\u021bii:<\/strong><\/p>\n<p>Nadejda CARA, Irina CAUNENCO, Natalia CAUNOVA, Ecaterina COJUHARI, Victor COJUHARI, Carolina COTOMAN, Jozefina CU\u0218NIR, Victor DAMIAN, Adrian DOLGHI, Ion DUMINICA, Oleg GALU\u0218CENCO, Irina IJBOLDINA, Nina IVANOVA, Alexandru MAGOLA, Diana NICOGLO, Raisa OSADCI, Iulii PALIHOVICI, Lidia PRISAC, Svetlana PROCOP, Alexei ROMANCIUC, Evdochia SOROCEANU, Vitali S\u00ceRF, Irina SIHOVA, Serghei S\u00ceCIOV, Tatiana ZAICOVSCHI.<\/p>\n<p><strong>\u00a0<\/strong><\/p>\n<p><strong>\u00a0<\/strong><strong>Bibliografie:<\/strong><\/p>\n<ol>\n<li>Arapu V. Reflectarea ciumei \u0219i simbolurilor sale zoomorfe \u00een sursele istorice \u0219i scrierile literare. \u00cen: Dialogica, revista de studii culturale si literatur\u0103. Nr. 2 (2020), p. 29-39.<\/li>\n<li>Arapu V. Dimensiunea istorico-etnologic\u0103 a cioclilor \u00een \u0162ara Moldovei (sec. al XVIII-lea \u2013\u00eenceputul sec. al XIX-lea). \u00cen: Revista de Etnologie \u0219i Cullturologie. Nr. 25 (2019), p. 79-88.<\/li>\n<li>Gr\u0103dinaru N. Cuno\u0219tin\u021be \u0219i practici de medicin\u0103 popular\u0103 din Basarabia: Aspecte istorico-etnologice. Chi\u0219in\u0103u: Notograf Prim, 2017. 232 p.<\/li>\n<li>Duminica I. Epidemiile \u00een Basarabia \u021barist\u0103 \u0219i modul de eradicare a lor. \u00cen: Revista de Etnologie \u0219i Cullturologie. Nr. 27 (2020), p. 65-69.<\/li>\n<\/ol>\n<div class=\"ead-preview\"><div class=\"ead-document\" style=\"position: relative;padding-top: 90%;\"><div class=\"ead-iframe-wrapper\"><iframe src=\"\/\/docs.google.com\/viewer?url=http%3A%2F%2Fich.md%2Fwp-content%2Fuploads%2F2020%2F11%2FMasa-rotunda.Etnologie.10.noiembrie.2020.pdf&amp;embedded=true&amp;hl=en\" title=\"Embedded Document\" class=\"ead-iframe\" style=\"width: 100%;height: 100%;border: none;position: absolute;left: 0;top: 0;visibility: hidden;\"><\/iframe><\/div>\t\t\t<div class=\"ead-document-loading\" style=\"width:100%;height:100%;position:absolute;left:0;top:0;z-index:10;\">\n\t\t\t\t<div class=\"ead-loading-wrap\">\n\t\t\t\t\t<div class=\"ead-loading-main\">\n\t\t\t\t\t\t<div class=\"ead-loading\">\n\t\t\t\t\t\t\t<img src=\"https:\/\/ich.md\/wp-content\/plugins\/embed-any-document\/images\/loading.svg\" width=\"55\" height=\"55\" alt=\"Loader\">\n\t\t\t\t\t\t\t<span>Loading...<\/span>\n\t\t\t\t\t\t<\/div>\n\t\t\t\t\t<\/div>\n\t\t\t\t\t<div class=\"ead-loading-foot\">\n\t\t\t\t\t\t<div class=\"ead-loading-foot-title\">\n\t\t\t\t\t\t\t<img src=\"https:\/\/ich.md\/wp-content\/plugins\/embed-any-document\/images\/EAD-logo.svg\" alt=\"EAD Logo\" width=\"36\" height=\"23\"\/>\n\t\t\t\t\t\t\t<span>Taking too long?<\/span>\n\t\t\t\t\t\t<\/div>\n\t\t\t\t\t\t<p>\n\t\t\t\t\t\t\t<div class=\"ead-document-btn ead-reload-btn\" role=\"button\">\n\t\t\t\t\t\t\t\t<img src=\"https:\/\/ich.md\/wp-content\/plugins\/embed-any-document\/images\/reload.svg\" alt=\"Reload\" width=\"12\" height=\"12\"\/> Reload document\t\t\t\t\t\t\t<\/div>\n\t\t\t\t\t\t\t<span>|<\/span>\n\t\t\t\t\t\t\t<a href=\"http:\/\/ich.md\/wp-content\/uploads\/2020\/11\/Masa-rotunda.Etnologie.10.noiembrie.2020.pdf\" class=\"ead-document-btn\" target=\"_blank\">\n\t\t\t\t\t\t\t\t<img src=\"https:\/\/ich.md\/wp-content\/plugins\/embed-any-document\/images\/open.svg\" alt=\"Open\" width=\"12\" height=\"12\"\/> Open in new tab\t\t\t\t\t\t\t<\/a>\n\t\t\t\t\t<\/div>\n\t\t\t\t<\/div>\n\t\t\t<\/div>\n\t\t<\/div><p class=\"embed_download\"><a href=\"http:\/\/ich.md\/wp-content\/uploads\/2020\/11\/Masa-rotunda.Etnologie.10.noiembrie.2020.pdf\" download >Download <\/a><\/p><\/div>\n","protected":false},"excerpt":{"rendered":"<p>INSTITUTUL PATRIMONIULUI CULTURAL anun\u021b\u0103 organizarea\u00a0\u00a0 Mesei rotunde Metodologii \u0219i tehnici moderne de cercetare etnologic\u0103\u00a0 \u00a0Edi\u021bia I PANDEMIA \u00ceN MENTALITATEA TRADI\u021aIONAL\u0102: ISTORIE \u0218I ACTUALITATE 10 noiembrie<span class=\"read-more-link\"><a class=\"read-more\" href=\"https:\/\/ich.md\/?p=4827\">Read More<\/a><\/span><\/p>\n","protected":false},"author":2,"featured_media":4828,"comment_status":"closed","ping_status":"closed","sticky":false,"template":"","format":"standard","meta":[],"categories":[10],"tags":[],"_links":{"self":[{"href":"https:\/\/ich.md\/index.php?rest_route=\/wp\/v2\/posts\/4827"}],"collection":[{"href":"https:\/\/ich.md\/index.php?rest_route=\/wp\/v2\/posts"}],"about":[{"href":"https:\/\/ich.md\/index.php?rest_route=\/wp\/v2\/types\/post"}],"author":[{"embeddable":true,"href":"https:\/\/ich.md\/index.php?rest_route=\/wp\/v2\/users\/2"}],"replies":[{"embeddable":true,"href":"https:\/\/ich.md\/index.php?rest_route=%2Fwp%2Fv2%2Fcomments&post=4827"}],"version-history":[{"count":5,"href":"https:\/\/ich.md\/index.php?rest_route=\/wp\/v2\/posts\/4827\/revisions"}],"predecessor-version":[{"id":4834,"href":"https:\/\/ich.md\/index.php?rest_route=\/wp\/v2\/posts\/4827\/revisions\/4834"}],"wp:featuredmedia":[{"embeddable":true,"href":"https:\/\/ich.md\/index.php?rest_route=\/wp\/v2\/media\/4828"}],"wp:attachment":[{"href":"https:\/\/ich.md\/index.php?rest_route=%2Fwp%2Fv2%2Fmedia&parent=4827"}],"wp:term":[{"taxonomy":"category","embeddable":true,"href":"https:\/\/ich.md\/index.php?rest_route=%2Fwp%2Fv2%2Fcategories&post=4827"},{"taxonomy":"post_tag","embeddable":true,"href":"https:\/\/ich.md\/index.php?rest_route=%2Fwp%2Fv2%2Ftags&post=4827"}],"curies":[{"name":"wp","href":"https:\/\/api.w.org\/{rel}","templated":true}]}}