{"id":4874,"date":"2020-11-10T13:19:48","date_gmt":"2020-11-10T11:19:48","guid":{"rendered":"http:\/\/ich.md\/?p=4874"},"modified":"2020-11-10T13:26:09","modified_gmt":"2020-11-10T11:26:09","slug":"felicitare-de-ziua-internationala-a-stiintei-pentru-pace-si-dezvoltare","status":"publish","type":"post","link":"https:\/\/ich.md\/?p=4874","title":{"rendered":"Felicitare cu ocazia Zilei Interna\u021bionale a \u0218tiin\u021bei pentru Pace \u0219i Dezvoltare"},"content":{"rendered":"<p><strong><span lang=\"EN-US\">Stimati colegi,<\/span><\/strong><\/p>\n<p><span lang=\"EN-US\">Comunitatea academic\u0103 mondial\u0103 marcheaz\u0103 \u00een fiecare an, pe data de 10 noiembrie, Ziua Interna\u021bional\u0103 a \u0218tiin\u021bei pentru Pace \u0219i Dezvoltare, proclamat\u0103 de UNESCO la 2 noiembrie 2001, \u00een cadrul celei de-a 31-a sesiuni a Conferin\u021bei generale.<\/span><\/p>\n<p><span lang=\"EN-US\">Ziua profesional\u0103 este un bun prilej de a reafirma nobila \u0219i responsabila misiune a \u0219tiin\u021bei \u00een societate ca focalizator de energii pe segmentul cunoa\u0219terii \u0219i al progresului social.<\/span><\/p>\n<p><span lang=\"EN-US\">Actualmente, Institutul Patrimoniului Cultural este un centru important al re\u021belei de cercetare \u00een domeniul culturii materiale \u0219i spirituale a Republicii Moldova, capital de \u00eencredere pe care l-a acumulat \u00een timp, permi\u021b\u00e2nd s\u0103 se implice cu credibilitate \u0219i profesionalism \u00eentr-o ampl\u0103 tematic\u0103 de cercetare \u0219tiin\u021bific\u0103 de interes na\u021bional.<\/span><\/p>\n<p><span lang=\"EN-US\">Cu ocazia s\u0103rb\u0103toririi Zilei Interna\u0163ionale a \u015etiin\u021bei pentru Pace \u0219i Dezvoltare, aducem felicit\u0103ri tuturor angaja\u021bilor Institutului Patrimoniului Cultural, \u00eenso\u021bind mesajul nostru cu sincere ur\u0103ri de s\u0103n\u0103tate \u0219i succese pe t\u0103r\u00e2mul cunoa\u0219terii!<\/span><\/p>\n<p><span lang=\"EN-US\">V\u0103 dorim mul\u021bi ani, putere de munc\u0103, proiecte ambi\u021bioase, \u00eempliniri \u00een activitatea profesional\u0103, iar actul cercet\u0103rii \u0219i voca\u0163ia s\u0103 v\u0103 \u00eenso\u021beasc\u0103 \u0219i s\u0103 v\u0103 consolideze \u00een continuare \u00eentru promovarea valorilor \u0219tiin\u021bei \u00een comunitatea noastr\u0103 profesional\u0103 \u015fi \u00een societate.<\/span><\/p>\n<p><span lang=\"EN-US\">Cu pre\u021buire,<\/span><\/p>\n<p><strong><span lang=\"EN-US\">Consiliul de amdinistrare al Institutului Patrimoniului Cultural<\/span><\/strong><\/p>\n","protected":false},"excerpt":{"rendered":"<p>Stimati colegi, Comunitatea academic\u0103 mondial\u0103 marcheaz\u0103 \u00een fiecare an, pe data de 10 noiembrie, Ziua Interna\u021bional\u0103 a \u0218tiin\u021bei pentru Pace \u0219i Dezvoltare, proclamat\u0103 de UNESCO<span class=\"read-more-link\"><a class=\"read-more\" href=\"https:\/\/ich.md\/?p=4874\">Read More<\/a><\/span><\/p>\n","protected":false},"author":2,"featured_media":3600,"comment_status":"closed","ping_status":"closed","sticky":false,"template":"","format":"standard","meta":[],"categories":[10],"tags":[],"_links":{"self":[{"href":"https:\/\/ich.md\/index.php?rest_route=\/wp\/v2\/posts\/4874"}],"collection":[{"href":"https:\/\/ich.md\/index.php?rest_route=\/wp\/v2\/posts"}],"about":[{"href":"https:\/\/ich.md\/index.php?rest_route=\/wp\/v2\/types\/post"}],"author":[{"embeddable":true,"href":"https:\/\/ich.md\/index.php?rest_route=\/wp\/v2\/users\/2"}],"replies":[{"embeddable":true,"href":"https:\/\/ich.md\/index.php?rest_route=%2Fwp%2Fv2%2Fcomments&post=4874"}],"version-history":[{"count":2,"href":"https:\/\/ich.md\/index.php?rest_route=\/wp\/v2\/posts\/4874\/revisions"}],"predecessor-version":[{"id":4876,"href":"https:\/\/ich.md\/index.php?rest_route=\/wp\/v2\/posts\/4874\/revisions\/4876"}],"wp:featuredmedia":[{"embeddable":true,"href":"https:\/\/ich.md\/index.php?rest_route=\/wp\/v2\/media\/3600"}],"wp:attachment":[{"href":"https:\/\/ich.md\/index.php?rest_route=%2Fwp%2Fv2%2Fmedia&parent=4874"}],"wp:term":[{"taxonomy":"category","embeddable":true,"href":"https:\/\/ich.md\/index.php?rest_route=%2Fwp%2Fv2%2Fcategories&post=4874"},{"taxonomy":"post_tag","embeddable":true,"href":"https:\/\/ich.md\/index.php?rest_route=%2Fwp%2Fv2%2Ftags&post=4874"}],"curies":[{"name":"wp","href":"https:\/\/api.w.org\/{rel}","templated":true}]}}