{"id":4927,"date":"2020-11-12T09:02:21","date_gmt":"2020-11-12T07:02:21","guid":{"rendered":"http:\/\/ich.md\/?p=4927"},"modified":"2020-11-12T09:03:43","modified_gmt":"2020-11-12T07:03:43","slug":"distinctii-pentru-cercetatorii-ipc-cu-ocazia-zilei-internationale-a-stiintei-pentru-pace-si-dezvoltare","status":"publish","type":"post","link":"https:\/\/ich.md\/?p=4927","title":{"rendered":"Distinc\u021bii pentru cercet\u0103torii IPC cu ocazia Zilei interna\u021bionale a \u0218tiin\u021bei pentru Pace \u0219i Dezvoltare"},"content":{"rendered":"<p>La data de 10 noiembrie 2020, cu ocazia Zilei Interna\u021bionale a \u0218tiin\u021bei pentru Pace \u0219i Dezvoltare, cercet\u0103torii IPC au fost distin\u0219i cu Diploma Guvernului Republicii Moldova \u2013 dr. Dumitru Ol\u0103rescu, cercet\u0103tor \u0219tiin\u021bific coordonator, cu diploma MECC \u2013 dr. Elfrida Coroliova, cercet\u0103tor \u0219tiin\u021bific coordonator \u0219i dr. Adrian Dolghi, cercet\u0103tor \u0219tiin\u021bific coordonator.<\/p>\n<p>Distinc\u021biile au fost \u00eenm\u00e2nate de c\u0103tre directorul IPC dr. hab. Victor Ghila\u0219 \u00een cadrul Mesei Rotunde cu genericul: \u201eUn secol de sculptur\u0103\u201d organizat\u0103 cu ocazia Zilei Interna\u021bionale a \u0218tiin\u021bei pentru Pace \u0219i Dezvoltare.<\/p>\n<p>&nbsp;<\/p>\n<div id='gallery-1' class='gallery galleryid-4927 gallery-columns-1 gallery-size-medium'><figure class='gallery-item'>\n\t\t\t<div class='gallery-icon portrait'>\n\t\t\t\t<a href='https:\/\/ich.md\/?attachment_id=4932'><img width=\"223\" height=\"300\" src=\"https:\/\/ich.md\/wp-content\/uploads\/2020\/11\/IMG_3135-1-223x300.jpg\" class=\"attachment-medium size-medium\" alt=\"\" decoding=\"async\" loading=\"lazy\" \/><\/a>\n\t\t\t<\/div><\/figure><figure class='gallery-item'>\n\t\t\t<div class='gallery-icon portrait'>\n\t\t\t\t<a href='https:\/\/ich.md\/?attachment_id=4931'><img width=\"213\" height=\"300\" src=\"https:\/\/ich.md\/wp-content\/uploads\/2020\/11\/IMG_3130-1-213x300.jpg\" class=\"attachment-medium size-medium\" alt=\"\" decoding=\"async\" loading=\"lazy\" \/><\/a>\n\t\t\t<\/div><\/figure><figure class='gallery-item'>\n\t\t\t<div class='gallery-icon landscape'>\n\t\t\t\t<a href='https:\/\/ich.md\/?attachment_id=4929'><img width=\"300\" height=\"200\" src=\"https:\/\/ich.md\/wp-content\/uploads\/2020\/11\/IMG_3132-300x200.jpg\" class=\"attachment-medium size-medium\" alt=\"\" decoding=\"async\" loading=\"lazy\" \/><\/a>\n\t\t\t<\/div><\/figure>\n\t\t<\/div>\n\n","protected":false},"excerpt":{"rendered":"<p>La data de 10 noiembrie 2020, cu ocazia Zilei Interna\u021bionale a \u0218tiin\u021bei pentru Pace \u0219i Dezvoltare, cercet\u0103torii IPC au fost distin\u0219i cu Diploma Guvernului Republicii<span class=\"read-more-link\"><a class=\"read-more\" href=\"https:\/\/ich.md\/?p=4927\">Read More<\/a><\/span><\/p>\n","protected":false},"author":2,"featured_media":4932,"comment_status":"closed","ping_status":"closed","sticky":false,"template":"","format":"standard","meta":[],"categories":[10],"tags":[],"_links":{"self":[{"href":"https:\/\/ich.md\/index.php?rest_route=\/wp\/v2\/posts\/4927"}],"collection":[{"href":"https:\/\/ich.md\/index.php?rest_route=\/wp\/v2\/posts"}],"about":[{"href":"https:\/\/ich.md\/index.php?rest_route=\/wp\/v2\/types\/post"}],"author":[{"embeddable":true,"href":"https:\/\/ich.md\/index.php?rest_route=\/wp\/v2\/users\/2"}],"replies":[{"embeddable":true,"href":"https:\/\/ich.md\/index.php?rest_route=%2Fwp%2Fv2%2Fcomments&post=4927"}],"version-history":[{"count":2,"href":"https:\/\/ich.md\/index.php?rest_route=\/wp\/v2\/posts\/4927\/revisions"}],"predecessor-version":[{"id":4934,"href":"https:\/\/ich.md\/index.php?rest_route=\/wp\/v2\/posts\/4927\/revisions\/4934"}],"wp:featuredmedia":[{"embeddable":true,"href":"https:\/\/ich.md\/index.php?rest_route=\/wp\/v2\/media\/4932"}],"wp:attachment":[{"href":"https:\/\/ich.md\/index.php?rest_route=%2Fwp%2Fv2%2Fmedia&parent=4927"}],"wp:term":[{"taxonomy":"category","embeddable":true,"href":"https:\/\/ich.md\/index.php?rest_route=%2Fwp%2Fv2%2Fcategories&post=4927"},{"taxonomy":"post_tag","embeddable":true,"href":"https:\/\/ich.md\/index.php?rest_route=%2Fwp%2Fv2%2Ftags&post=4927"}],"curies":[{"name":"wp","href":"https:\/\/api.w.org\/{rel}","templated":true}]}}