{"id":4938,"date":"2020-11-18T15:07:16","date_gmt":"2020-11-18T13:07:16","guid":{"rendered":"http:\/\/ich.md\/?p=4938"},"modified":"2020-11-18T15:12:27","modified_gmt":"2020-11-18T13:12:27","slug":"aparitie-editoriala-a-ipc-constantin-spinu-iulian-filip-intre-linie-si-culoare","status":"publish","type":"post","link":"https:\/\/ich.md\/?p=4938","title":{"rendered":"Apari\u021bie editorial\u0103 a IPC: Constantin Sp\u00eenu. Iulian Filip \u00eentre linie \u0219i culoare"},"content":{"rendered":"<p>Doctorul \u00een studiul artelor Constantin Sp\u00e2nu, cercet\u0103tor \u0219tiin\u021bific coordonator al IPC a editat recent lucrarea\u00a0 \u201e<strong><em>Iulian Filip \u00eentre linie \u0219i culoare<\/em><\/strong><em>.<\/em>\u00a0Chi\u0219in\u0103u: Prut Interna\u021bional, 2020\u201d<\/p>\n<p>Cartea <strong><em>Iulian Filip \u00eentre linie \u0219i culoare<\/em><\/strong> pune \u00een lumin\u0103 o fa\u021bet\u0103 inedit\u0103 a crea\u021biei poetului, prozatorului \u0219i folcloristului Iulian Filip, cea de \u00eenzestrat plastician care, prin imagine \u0219i verb ce se completeaz\u0103 reciproc, vine s\u0103 oglindeasc\u0103 \u00a0artistic vaste \u0219i profunde medita\u021bii ale distinsului om de cultur\u0103\u00a0 asupra \u00a0unor\u00a0 actuale valori de ordin estetic, existen\u021bial \u0219i identitar. \u00cen studiu se reliefeaz\u0103 arealul tematic, preferin\u021bele stilistice, principiile de orchestrare sintactic\u0103, substratul alegoric \u0219i simbolic al crea\u021biei pictorului, conexiunile semantice dintre demersul literar \u0219i cel plastic, eviden\u021biindu-se rolul\u00a0 acestora la promovarea unor mesaje complexe ale c\u0103ror coordonate germineaz\u0103 dintr-o lume conceptual\u0103, \u00een care tradi\u021biile, obiceiurile, credin\u021bele, g\u00e2ndirea mitologic\u0103 se \u00eembin\u0103 organic cu aparen\u021bele realit\u0103\u021bii. Prin includerea \u00een carte a imaginilor \u0219i bagatelelor unor opere de referin\u021b\u0103 ale poetului-pictor, edi\u021bia ofer\u0103 o privire ampl\u0103 asupra crea\u021biei grafice, picturale \u0219i sculpturale a protagonistului, crea\u021bie ce \u00eembin\u0103 \u00een mod reu\u0219it discursul poetic cu estetica artelor plastice.<\/p>\n<p>&nbsp;<\/p>\n<p>&nbsp;<\/p>\n<p><a href=\"http:\/\/ich.md\/wp-content\/uploads\/2020\/11\/C.-Spinu-2.jpg\"><img decoding=\"async\" loading=\"lazy\" class=\"aligncenter size-medium wp-image-4943\" src=\"http:\/\/ich.md\/wp-content\/uploads\/2020\/11\/C.-Spinu-2-267x300.jpg\" alt=\"\" width=\"267\" height=\"300\" \/><\/a><\/p>\n<p><strong>Constantin Sp\u00eenu. <em>Iulian Filip \u00eentre linie \u0219i culoare<\/em><\/strong><em>.\/<\/em> Constantin Sp\u00e2nu. Chi\u0219in\u0103u: Prut Interna\u021bional, 2020 (imprimat la Combinatul Poligrafic). &#8211; 220 p. Apare cu sprijinul Ministerului Educa\u021biei, Culturii \u0219i Cercet\u0103rii al Republicii Moldova. ISBN 978-9975-54-481-8<\/p>\n<p>&nbsp;<\/p>\n<p>&nbsp;<\/p>\n<p>&nbsp;<\/p>\n<p>&nbsp;<\/p>\n","protected":false},"excerpt":{"rendered":"<p>Doctorul \u00een studiul artelor Constantin Sp\u00e2nu, cercet\u0103tor \u0219tiin\u021bific coordonator al IPC a editat recent lucrarea\u00a0 \u201eIulian Filip \u00eentre linie \u0219i culoare.\u00a0Chi\u0219in\u0103u: Prut Interna\u021bional, 2020\u201d Cartea<span class=\"read-more-link\"><a class=\"read-more\" href=\"https:\/\/ich.md\/?p=4938\">Read More<\/a><\/span><\/p>\n","protected":false},"author":2,"featured_media":4943,"comment_status":"closed","ping_status":"closed","sticky":false,"template":"","format":"standard","meta":[],"categories":[10],"tags":[],"_links":{"self":[{"href":"https:\/\/ich.md\/index.php?rest_route=\/wp\/v2\/posts\/4938"}],"collection":[{"href":"https:\/\/ich.md\/index.php?rest_route=\/wp\/v2\/posts"}],"about":[{"href":"https:\/\/ich.md\/index.php?rest_route=\/wp\/v2\/types\/post"}],"author":[{"embeddable":true,"href":"https:\/\/ich.md\/index.php?rest_route=\/wp\/v2\/users\/2"}],"replies":[{"embeddable":true,"href":"https:\/\/ich.md\/index.php?rest_route=%2Fwp%2Fv2%2Fcomments&post=4938"}],"version-history":[{"count":4,"href":"https:\/\/ich.md\/index.php?rest_route=\/wp\/v2\/posts\/4938\/revisions"}],"predecessor-version":[{"id":4944,"href":"https:\/\/ich.md\/index.php?rest_route=\/wp\/v2\/posts\/4938\/revisions\/4944"}],"wp:featuredmedia":[{"embeddable":true,"href":"https:\/\/ich.md\/index.php?rest_route=\/wp\/v2\/media\/4943"}],"wp:attachment":[{"href":"https:\/\/ich.md\/index.php?rest_route=%2Fwp%2Fv2%2Fmedia&parent=4938"}],"wp:term":[{"taxonomy":"category","embeddable":true,"href":"https:\/\/ich.md\/index.php?rest_route=%2Fwp%2Fv2%2Fcategories&post=4938"},{"taxonomy":"post_tag","embeddable":true,"href":"https:\/\/ich.md\/index.php?rest_route=%2Fwp%2Fv2%2Ftags&post=4938"}],"curies":[{"name":"wp","href":"https:\/\/api.w.org\/{rel}","templated":true}]}}