{"id":4946,"date":"2020-11-23T15:03:03","date_gmt":"2020-11-23T13:03:03","guid":{"rendered":"http:\/\/ich.md\/?p=4946"},"modified":"2020-11-23T15:03:45","modified_gmt":"2020-11-23T13:03:45","slug":"conferinta-stiintifica-internationala-valorificarea-patrimoniului-etnocultural-in-cercetare-si-educatie-editia-a-v-a-chisinau-24-noiembrie-2020","status":"publish","type":"post","link":"https:\/\/ich.md\/?p=4946","title":{"rendered":"Conferin\u021ba \u0218tiin\u021bific\u0103 Interna\u021bional\u0103:  Valorificarea patrimoniului etnocultural \u00een cercetare \u0219i educa\u021bie. Edi\u021bia a V-a,  Chi\u0219in\u0103u,\u00a024\u00a0noiembrie\u00a02020."},"content":{"rendered":"<p>Institutul Patrimoniului Cultural\u00a0\u00een parteneriat cu\u00a0\u00a0Facultatea de Litere, Universitatea Tehnic\u0103 Cluj-Napoca, Centrul Universitar Nord, Baia Mare, Rom\u00e2nia; Facultatea de Istorie \u0219i Filosofie, Universitatea de Stat din Moldova; Facultatea de Filologie \u0219i Istorie,\u00a0Universitatea Pedagogic\u0103 de Stat \u201eIon Creang\u0103\u201d din Chi\u0219in\u0103u; Facultatea de Arte Plastice \u0219i\u00a0Design, Universitatea Pedagogic\u0103 de Stat \u201eIon Creang\u0103\u201d din Chi\u0219in\u0103u, organizeaz\u0103<\/p>\n<p style=\"text-align: center;\"><strong>Conferin\u021ba \u0218tiin\u021bific\u0103 Interna\u021bional\u0103:<\/strong><\/p>\n<p style=\"text-align: center;\"><em><strong>Valorificarea patrimoniului etnocultural \u00een cercetare \u0219i educa\u021bie. Edi\u021bia a V-a<\/strong><\/em>,<\/p>\n<p style=\"text-align: center;\"><strong>Chi\u0219in\u0103u,<\/strong>\u00a0<strong>24\u00a0<\/strong><strong>noiembrie\u00a0<\/strong><strong>2020.<\/strong><\/p>\n<p style=\"text-align: center;\"><strong>V\u0103 aducem la cuno\u0219tin\u021b\u0103 c\u0103 lucr\u0103rile Conferin\u021bei se vor desf\u0103\u0219ura\u00a0<\/strong><strong>ONLINE\u00a0<\/strong>prin intermediul<strong>\u00a0aplica\u021biei de videoconferin\u021be\u00a0GOOGLE\u00a0MEET<\/strong>.<\/p>\n<p>Pentru conectare, \u00een ziua desf\u0103\u0219ur\u0103rii Conferin\u021bei, p<strong>articipan\u021bii vor trebui s\u0103 tasteze\u00a0linkurile (adresele)\u00a0incluse \u00een program sub denumirea \u0219edin\u021belor sau sec\u021biunilor, \u0219i vor putea s\u0103 se al\u0103ture tast\u00e2nd \u201esolicit\u0103 participare \/ Join meeting\u201d.<\/strong><\/p>\n<div class=\"ead-preview\"><div class=\"ead-document\" style=\"position: relative;padding-top: 90%;\"><div class=\"ead-iframe-wrapper\"><iframe src=\"\/\/docs.google.com\/viewer?url=http%3A%2F%2Fich.md%2Fwp-content%2Fuploads%2F2020%2F11%2FConf.Valorificarea.24.11.2020.red_.online1.pdf&amp;embedded=true&amp;hl=en\" title=\"Embedded Document\" class=\"ead-iframe\" style=\"width: 100%;height: 100%;border: none;position: absolute;left: 0;top: 0;visibility: hidden;\"><\/iframe><\/div>\t\t\t<div class=\"ead-document-loading\" style=\"width:100%;height:100%;position:absolute;left:0;top:0;z-index:10;\">\n\t\t\t\t<div class=\"ead-loading-wrap\">\n\t\t\t\t\t<div class=\"ead-loading-main\">\n\t\t\t\t\t\t<div class=\"ead-loading\">\n\t\t\t\t\t\t\t<img src=\"https:\/\/ich.md\/wp-content\/plugins\/embed-any-document\/images\/loading.svg\" width=\"55\" height=\"55\" alt=\"Loader\">\n\t\t\t\t\t\t\t<span>Loading...<\/span>\n\t\t\t\t\t\t<\/div>\n\t\t\t\t\t<\/div>\n\t\t\t\t\t<div class=\"ead-loading-foot\">\n\t\t\t\t\t\t<div class=\"ead-loading-foot-title\">\n\t\t\t\t\t\t\t<img src=\"https:\/\/ich.md\/wp-content\/plugins\/embed-any-document\/images\/EAD-logo.svg\" alt=\"EAD Logo\" width=\"36\" height=\"23\"\/>\n\t\t\t\t\t\t\t<span>Taking too long?<\/span>\n\t\t\t\t\t\t<\/div>\n\t\t\t\t\t\t<p>\n\t\t\t\t\t\t\t<div class=\"ead-document-btn ead-reload-btn\" role=\"button\">\n\t\t\t\t\t\t\t\t<img src=\"https:\/\/ich.md\/wp-content\/plugins\/embed-any-document\/images\/reload.svg\" alt=\"Reload\" width=\"12\" height=\"12\"\/> Reload document\t\t\t\t\t\t\t<\/div>\n\t\t\t\t\t\t\t<span>|<\/span>\n\t\t\t\t\t\t\t<a href=\"http:\/\/ich.md\/wp-content\/uploads\/2020\/11\/Conf.Valorificarea.24.11.2020.red_.online1.pdf\" class=\"ead-document-btn\" target=\"_blank\">\n\t\t\t\t\t\t\t\t<img src=\"https:\/\/ich.md\/wp-content\/plugins\/embed-any-document\/images\/open.svg\" alt=\"Open\" width=\"12\" height=\"12\"\/> Open in new tab\t\t\t\t\t\t\t<\/a>\n\t\t\t\t\t<\/div>\n\t\t\t\t<\/div>\n\t\t\t<\/div>\n\t\t<\/div><p class=\"embed_download\"><a href=\"http:\/\/ich.md\/wp-content\/uploads\/2020\/11\/Conf.Valorificarea.24.11.2020.red_.online1.pdf\" download >Download <\/a><\/p><\/div>\n<p><strong>De asemenea lucr\u0103rile simpozionului vor putea fi vizionate online pe pagina IPC<\/strong><\/p>\n<p><strong>Cu respect<\/strong><\/p>\n<p><strong>Comitetul de organizare<\/strong><\/p>\n<p>&nbsp;<\/p>\n<p><iframe loading=\"lazy\" width=\"1160\" height=\"870\" src=\"https:\/\/www.youtube.com\/embed\/ZIO_osXOjGE?feature=oembed\" frameborder=\"0\" allow=\"accelerometer; autoplay; clipboard-write; encrypted-media; gyroscope; picture-in-picture\" allowfullscreen><\/iframe><\/p>\n<p>&nbsp;<\/p>\n","protected":false},"excerpt":{"rendered":"<p>Institutul Patrimoniului Cultural\u00a0\u00een parteneriat cu\u00a0\u00a0Facultatea de Litere, Universitatea Tehnic\u0103 Cluj-Napoca, Centrul Universitar Nord, Baia Mare, Rom\u00e2nia; Facultatea de Istorie \u0219i Filosofie, Universitatea de Stat din<span class=\"read-more-link\"><a class=\"read-more\" href=\"https:\/\/ich.md\/?p=4946\">Read More<\/a><\/span><\/p>\n","protected":false},"author":2,"featured_media":4949,"comment_status":"closed","ping_status":"closed","sticky":false,"template":"","format":"standard","meta":[],"categories":[10],"tags":[],"_links":{"self":[{"href":"https:\/\/ich.md\/index.php?rest_route=\/wp\/v2\/posts\/4946"}],"collection":[{"href":"https:\/\/ich.md\/index.php?rest_route=\/wp\/v2\/posts"}],"about":[{"href":"https:\/\/ich.md\/index.php?rest_route=\/wp\/v2\/types\/post"}],"author":[{"embeddable":true,"href":"https:\/\/ich.md\/index.php?rest_route=\/wp\/v2\/users\/2"}],"replies":[{"embeddable":true,"href":"https:\/\/ich.md\/index.php?rest_route=%2Fwp%2Fv2%2Fcomments&post=4946"}],"version-history":[{"count":2,"href":"https:\/\/ich.md\/index.php?rest_route=\/wp\/v2\/posts\/4946\/revisions"}],"predecessor-version":[{"id":4950,"href":"https:\/\/ich.md\/index.php?rest_route=\/wp\/v2\/posts\/4946\/revisions\/4950"}],"wp:featuredmedia":[{"embeddable":true,"href":"https:\/\/ich.md\/index.php?rest_route=\/wp\/v2\/media\/4949"}],"wp:attachment":[{"href":"https:\/\/ich.md\/index.php?rest_route=%2Fwp%2Fv2%2Fmedia&parent=4946"}],"wp:term":[{"taxonomy":"category","embeddable":true,"href":"https:\/\/ich.md\/index.php?rest_route=%2Fwp%2Fv2%2Fcategories&post=4946"},{"taxonomy":"post_tag","embeddable":true,"href":"https:\/\/ich.md\/index.php?rest_route=%2Fwp%2Fv2%2Ftags&post=4946"}],"curies":[{"name":"wp","href":"https:\/\/api.w.org\/{rel}","templated":true}]}}