{"id":5040,"date":"2021-01-09T10:28:51","date_gmt":"2021-01-09T08:28:51","guid":{"rendered":"http:\/\/ich.md\/?p=5040"},"modified":"2021-01-09T10:55:22","modified_gmt":"2021-01-09T08:55:22","slug":"mesaj-de-condoleanta-adresat-domnului-dumitru-olarescu","status":"publish","type":"post","link":"https:\/\/ich.md\/?p=5040","title":{"rendered":"Mesaj de condolean\u021be adresat domnului Dumitru Ol\u0103rescu"},"content":{"rendered":"<p style=\"text-align: justify; background: white; margin: 0mm 0mm 15.0pt 0mm;\"><span style=\"font-size: 14.0pt; font-family: 'Open Sans',sans-serif; color: #3c3c3c;\">Colectivul Institutului Patrimoniului Cultural este al\u0103turi de domnul Dumitru Ol\u0103rescu \u00een aceste clipe grele pricinuite de trecerea \u00een nefiin\u021b\u0103 a fratelui s\u0103u Vlad Ol\u0103rescu, \u015fi transmite, cu \u00eentreaga compasiune, sincere condolean\u021be pentru dureroasa dispari\u021bie.<\/span><\/p>\n<p style=\"background: white; box-sizing: border-box; font-variant-ligatures: normal; font-variant-caps: normal; orphans: 2; text-align: start; widows: 2; -webkit-text-stroke-width: 0px; text-decoration-thickness: initial; text-decoration-style: initial; text-decoration-color: initial; word-spacing: 0px; margin: 0mm 0mm 15.0pt 0mm;\"><span style=\"box-sizing: border-box;\"><span style=\"font-size: 14.0pt; font-family: 'Open Sans',sans-serif; color: #3c3c3c;\">Dumnezeu\u00a0 s-l odihneasc\u0103 \u00eentre cei drep\u021bi!<\/span><\/span><\/p>\n","protected":false},"excerpt":{"rendered":"<p>Colectivul Institutului Patrimoniului Cultural este al\u0103turi de domnul Dumitru Ol\u0103rescu \u00een aceste clipe grele pricinuite de trecerea \u00een nefiin\u021b\u0103 a fratelui s\u0103u Vlad Ol\u0103rescu, \u015fi<span class=\"read-more-link\"><a class=\"read-more\" href=\"https:\/\/ich.md\/?p=5040\">Read More<\/a><\/span><\/p>\n","protected":false},"author":2,"featured_media":3946,"comment_status":"closed","ping_status":"closed","sticky":false,"template":"","format":"standard","meta":[],"categories":[10],"tags":[],"_links":{"self":[{"href":"https:\/\/ich.md\/index.php?rest_route=\/wp\/v2\/posts\/5040"}],"collection":[{"href":"https:\/\/ich.md\/index.php?rest_route=\/wp\/v2\/posts"}],"about":[{"href":"https:\/\/ich.md\/index.php?rest_route=\/wp\/v2\/types\/post"}],"author":[{"embeddable":true,"href":"https:\/\/ich.md\/index.php?rest_route=\/wp\/v2\/users\/2"}],"replies":[{"embeddable":true,"href":"https:\/\/ich.md\/index.php?rest_route=%2Fwp%2Fv2%2Fcomments&post=5040"}],"version-history":[{"count":2,"href":"https:\/\/ich.md\/index.php?rest_route=\/wp\/v2\/posts\/5040\/revisions"}],"predecessor-version":[{"id":5044,"href":"https:\/\/ich.md\/index.php?rest_route=\/wp\/v2\/posts\/5040\/revisions\/5044"}],"wp:featuredmedia":[{"embeddable":true,"href":"https:\/\/ich.md\/index.php?rest_route=\/wp\/v2\/media\/3946"}],"wp:attachment":[{"href":"https:\/\/ich.md\/index.php?rest_route=%2Fwp%2Fv2%2Fmedia&parent=5040"}],"wp:term":[{"taxonomy":"category","embeddable":true,"href":"https:\/\/ich.md\/index.php?rest_route=%2Fwp%2Fv2%2Fcategories&post=5040"},{"taxonomy":"post_tag","embeddable":true,"href":"https:\/\/ich.md\/index.php?rest_route=%2Fwp%2Fv2%2Ftags&post=5040"}],"curies":[{"name":"wp","href":"https:\/\/api.w.org\/{rel}","templated":true}]}}