{"id":5042,"date":"2021-01-09T10:35:03","date_gmt":"2021-01-09T08:35:03","guid":{"rendered":"http:\/\/ich.md\/?p=5042"},"modified":"2021-01-09T13:35:02","modified_gmt":"2021-01-09T11:35:02","slug":"mesaj-de-condoleante-adresat-doamnei-irina-sihova","status":"publish","type":"post","link":"https:\/\/ich.md\/?p=5042","title":{"rendered":"Mesaj de condolean\u021be adresat doamnei Irina \u0218ihova"},"content":{"rendered":"<p style=\"background: white; margin: 0mm 0mm 15.0pt 0mm;\"><span style=\"font-size: 13.5pt; font-family: 'Open Sans',sans-serif; color: #3c3c3c;\">Institutul Patrimoniului Cultural transmite condolean\u021be colegei noastre Irina \u0218ihova \u0219i familiei sale, \u00een leg\u0103tur\u0103 cu trecerea la cele ve\u0219nice a tat\u0103lui s\u0103u Emil Kleiman.<\/span><\/p>\n<p style=\"background: white; box-sizing: border-box; font-variant-ligatures: normal; font-variant-caps: normal; orphans: 2; text-align: start; widows: 2; -webkit-text-stroke-width: 0px; text-decoration-thickness: initial; text-decoration-style: initial; text-decoration-color: initial; word-spacing: 0px; margin: 0mm 0mm 15.0pt 0mm;\"><span style=\"font-size: 13.5pt; font-family: 'Open Sans',sans-serif; color: #3c3c3c;\">Colectivul Institutului \u00ee\u0219i exprim\u0103 solidaritatea \u00een acest timp de profund\u0103 triste\u021be, sprijinindu-i cu g\u00e2ndul \u0219i cu inima pe cei \u00eendurera\u021bi.<\/span><\/p>\n<p style=\"background: white; box-sizing: border-box; font-variant-ligatures: normal; font-variant-caps: normal; orphans: 2; text-align: start; widows: 2; -webkit-text-stroke-width: 0px; text-decoration-thickness: initial; text-decoration-style: initial; text-decoration-color: initial; word-spacing: 0px; margin: 0mm 0mm 15.0pt 0mm;\"><span style=\"font-size: 13.5pt; font-family: 'Open Sans',sans-serif; color: #3c3c3c;\">Dumnezeu s-l ierte \u0219i s\u0103-l odihneasc\u0103 \u00een Lumin\u0103!<\/span><\/p>\n","protected":false},"excerpt":{"rendered":"<p>Institutul Patrimoniului Cultural transmite condolean\u021be colegei noastre Irina \u0218ihova \u0219i familiei sale, \u00een leg\u0103tur\u0103 cu trecerea la cele ve\u0219nice a tat\u0103lui s\u0103u Emil Kleiman. Colectivul<span class=\"read-more-link\"><a class=\"read-more\" href=\"https:\/\/ich.md\/?p=5042\">Read More<\/a><\/span><\/p>\n","protected":false},"author":2,"featured_media":3946,"comment_status":"closed","ping_status":"closed","sticky":false,"template":"","format":"standard","meta":[],"categories":[10],"tags":[],"_links":{"self":[{"href":"https:\/\/ich.md\/index.php?rest_route=\/wp\/v2\/posts\/5042"}],"collection":[{"href":"https:\/\/ich.md\/index.php?rest_route=\/wp\/v2\/posts"}],"about":[{"href":"https:\/\/ich.md\/index.php?rest_route=\/wp\/v2\/types\/post"}],"author":[{"embeddable":true,"href":"https:\/\/ich.md\/index.php?rest_route=\/wp\/v2\/users\/2"}],"replies":[{"embeddable":true,"href":"https:\/\/ich.md\/index.php?rest_route=%2Fwp%2Fv2%2Fcomments&post=5042"}],"version-history":[{"count":2,"href":"https:\/\/ich.md\/index.php?rest_route=\/wp\/v2\/posts\/5042\/revisions"}],"predecessor-version":[{"id":5045,"href":"https:\/\/ich.md\/index.php?rest_route=\/wp\/v2\/posts\/5042\/revisions\/5045"}],"wp:featuredmedia":[{"embeddable":true,"href":"https:\/\/ich.md\/index.php?rest_route=\/wp\/v2\/media\/3946"}],"wp:attachment":[{"href":"https:\/\/ich.md\/index.php?rest_route=%2Fwp%2Fv2%2Fmedia&parent=5042"}],"wp:term":[{"taxonomy":"category","embeddable":true,"href":"https:\/\/ich.md\/index.php?rest_route=%2Fwp%2Fv2%2Fcategories&post=5042"},{"taxonomy":"post_tag","embeddable":true,"href":"https:\/\/ich.md\/index.php?rest_route=%2Fwp%2Fv2%2Ftags&post=5042"}],"curies":[{"name":"wp","href":"https:\/\/api.w.org\/{rel}","templated":true}]}}