{"id":5058,"date":"2023-01-14T09:15:00","date_gmt":"2023-01-14T07:15:00","guid":{"rendered":"http:\/\/ich.md\/?p=5058"},"modified":"2023-01-15T23:58:14","modified_gmt":"2023-01-15T21:58:14","slug":"felicitare-cu-ocazia-zilei-nationale-a-culturii","status":"publish","type":"post","link":"https:\/\/ich.md\/?p=5058","title":{"rendered":"Felicitare cu ocazia Zilei Na\u021bionale a Culturii"},"content":{"rendered":"<p>\u201eZiua Na\u021bional\u0103 a Culturii\u201d, s\u0103rb\u0103torit\u0103 la 15 ianuarie \u2013 de ziua na\u0219terii marelui poet na\u021bional Mihai Eminescu, reprezint\u0103 o ocazie frumoas\u0103 de evocare a operei marelui clasic al literaturii rom\u00e2ne, dar \u0219i a altor valori ale culturii na\u021bionale.<\/p>\n<p>Cu acest prilej, stima\u021bi colegi, iubitori \u0219i cercet\u0103tori ai patrimoniului cultural, v\u0103 felicit\u0103m \u0219i v\u0103 ur\u0103m inspira\u021bie \u00een procesul de crea\u021bie \u0219i de cercetare!<\/p>\n<p>Marele Poet s\u0103 ne fie model \u00een ale crea\u021biei \u0219i cunoa\u0219terii, iar versurile lui s\u0103 ne inspire mereu spre bine si frumos \u00een via\u021b\u0103!<\/p>\n","protected":false},"excerpt":{"rendered":"<p>\u201eZiua Na\u021bional\u0103 a Culturii\u201d, s\u0103rb\u0103torit\u0103 la 15 ianuarie \u2013 de ziua na\u0219terii marelui poet na\u021bional Mihai Eminescu, reprezint\u0103 o ocazie frumoas\u0103 de evocare a operei<span class=\"read-more-link\"><a class=\"read-more\" href=\"https:\/\/ich.md\/?p=5058\">Read More<\/a><\/span><\/p>\n","protected":false},"author":2,"featured_media":6098,"comment_status":"closed","ping_status":"closed","sticky":false,"template":"","format":"standard","meta":[],"categories":[10],"tags":[],"_links":{"self":[{"href":"https:\/\/ich.md\/index.php?rest_route=\/wp\/v2\/posts\/5058"}],"collection":[{"href":"https:\/\/ich.md\/index.php?rest_route=\/wp\/v2\/posts"}],"about":[{"href":"https:\/\/ich.md\/index.php?rest_route=\/wp\/v2\/types\/post"}],"author":[{"embeddable":true,"href":"https:\/\/ich.md\/index.php?rest_route=\/wp\/v2\/users\/2"}],"replies":[{"embeddable":true,"href":"https:\/\/ich.md\/index.php?rest_route=%2Fwp%2Fv2%2Fcomments&post=5058"}],"version-history":[{"count":1,"href":"https:\/\/ich.md\/index.php?rest_route=\/wp\/v2\/posts\/5058\/revisions"}],"predecessor-version":[{"id":5060,"href":"https:\/\/ich.md\/index.php?rest_route=\/wp\/v2\/posts\/5058\/revisions\/5060"}],"wp:featuredmedia":[{"embeddable":true,"href":"https:\/\/ich.md\/index.php?rest_route=\/wp\/v2\/media\/6098"}],"wp:attachment":[{"href":"https:\/\/ich.md\/index.php?rest_route=%2Fwp%2Fv2%2Fmedia&parent=5058"}],"wp:term":[{"taxonomy":"category","embeddable":true,"href":"https:\/\/ich.md\/index.php?rest_route=%2Fwp%2Fv2%2Fcategories&post=5058"},{"taxonomy":"post_tag","embeddable":true,"href":"https:\/\/ich.md\/index.php?rest_route=%2Fwp%2Fv2%2Ftags&post=5058"}],"curies":[{"name":"wp","href":"https:\/\/api.w.org\/{rel}","templated":true}]}}