{"id":5118,"date":"2021-02-16T14:53:38","date_gmt":"2021-02-16T12:53:38","guid":{"rendered":"http:\/\/ich.md\/?p=5118"},"modified":"2021-02-17T14:40:49","modified_gmt":"2021-02-17T12:40:49","slug":"cercetorele-ipc-au-fost-distinse-cu-diploma-guvernului-republicii-moldova-si-a-mecc","status":"publish","type":"post","link":"https:\/\/ich.md\/?p=5118","title":{"rendered":"Cercet\u0103toarele IPC au fost distinse cu diploma Guvernului Republicii Moldova \u0219i a MECC"},"content":{"rendered":"<p>Institutul Patrimoniului Cultural aduce sincere felicit\u0103ri doamnei Svetlana PROCOP, doctor \u00een filologie, cercet\u0103tor \u0219tiin\u021bific coordonator, cu ocazia decern\u0103rii Diplomei Guvernului Republicii Moldova \u0219i doamnei Eudochia SOROCEANU, doctor \u00een filologie, cercet\u0103tor \u0219tiin\u021bific superior, cu ocazia decern\u0103rii Diplomei Ministerului Educa\u021biei, Culturii \u0219i Cercet\u0103rii pentru activitate prodigioas\u0103 \u0219i contribu\u021bie substan\u021bial\u0103 la dezvoltarea \u0219tiin\u021bei, promovarea rezultatelor remarcabile \u00een domeniul cercet\u0103rii \u0219i inov\u0103rii, precum \u0219i cu prilejul Zilei Interna\u021bionale a Femeilor \u0219i Fetelor din domeniul \u0218tiin\u021bei.<\/p>\n<p>Direc\u021bia IP Institutul Patrimoniului Cultural<\/p>\n<div id='gallery-1' class='gallery galleryid-5118 gallery-columns-2 gallery-size-large'><figure class='gallery-item'>\n\t\t\t<div class='gallery-icon portrait'>\n\t\t\t\t<a href='https:\/\/ich.md\/?attachment_id=5133'><img width=\"683\" height=\"1024\" src=\"https:\/\/ich.md\/wp-content\/uploads\/2021\/02\/IMG_3272-683x1024.jpg\" class=\"attachment-large size-large\" alt=\"\" decoding=\"async\" loading=\"lazy\" \/><\/a>\n\t\t\t<\/div><\/figure><figure class='gallery-item'>\n\t\t\t<div class='gallery-icon portrait'>\n\t\t\t\t<a href='https:\/\/ich.md\/?attachment_id=5134'><img width=\"683\" height=\"1024\" src=\"https:\/\/ich.md\/wp-content\/uploads\/2021\/02\/IMG_3276-683x1024.jpg\" class=\"attachment-large size-large\" alt=\"\" decoding=\"async\" loading=\"lazy\" \/><\/a>\n\t\t\t<\/div><\/figure><figure class='gallery-item'>\n\t\t\t<div class='gallery-icon portrait'>\n\t\t\t\t<a href='https:\/\/ich.md\/?attachment_id=5135'><img width=\"683\" height=\"1024\" src=\"https:\/\/ich.md\/wp-content\/uploads\/2021\/02\/IMG_3280-683x1024.jpg\" class=\"attachment-large size-large\" alt=\"\" decoding=\"async\" loading=\"lazy\" \/><\/a>\n\t\t\t<\/div><\/figure><figure class='gallery-item'>\n\t\t\t<div class='gallery-icon portrait'>\n\t\t\t\t<a href='https:\/\/ich.md\/?attachment_id=5136'><img width=\"683\" height=\"1024\" src=\"https:\/\/ich.md\/wp-content\/uploads\/2021\/02\/IMG_3282-683x1024.jpg\" class=\"attachment-large size-large\" alt=\"\" decoding=\"async\" loading=\"lazy\" \/><\/a>\n\t\t\t<\/div><\/figure><figure class='gallery-item'>\n\t\t\t<div class='gallery-icon portrait'>\n\t\t\t\t<a href='https:\/\/ich.md\/?attachment_id=5137'><img width=\"683\" height=\"1024\" src=\"https:\/\/ich.md\/wp-content\/uploads\/2021\/02\/IMG_3287-683x1024.jpg\" class=\"attachment-large size-large\" alt=\"\" decoding=\"async\" loading=\"lazy\" \/><\/a>\n\t\t\t<\/div><\/figure><figure class='gallery-item'>\n\t\t\t<div class='gallery-icon landscape'>\n\t\t\t\t<a href='https:\/\/ich.md\/?attachment_id=5125'><img width=\"1024\" height=\"884\" src=\"https:\/\/ich.md\/wp-content\/uploads\/2021\/02\/scan0002-1024x884.jpg\" class=\"attachment-large size-large\" alt=\"\" decoding=\"async\" loading=\"lazy\" \/><\/a>\n\t\t\t<\/div><\/figure><figure class='gallery-item'>\n\t\t\t<div class='gallery-icon portrait'>\n\t\t\t\t<a href='https:\/\/ich.md\/?attachment_id=5124'><img width=\"724\" height=\"1024\" src=\"https:\/\/ich.md\/wp-content\/uploads\/2021\/02\/scan0001-724x1024.jpg\" class=\"attachment-large size-large\" alt=\"\" decoding=\"async\" loading=\"lazy\" \/><\/a>\n\t\t\t<\/div><\/figure>\n\t\t<\/div>\n\n","protected":false},"excerpt":{"rendered":"<p>Institutul Patrimoniului Cultural aduce sincere felicit\u0103ri doamnei Svetlana PROCOP, doctor \u00een filologie, cercet\u0103tor \u0219tiin\u021bific coordonator, cu ocazia decern\u0103rii Diplomei Guvernului Republicii Moldova \u0219i doamnei Eudochia<span class=\"read-more-link\"><a class=\"read-more\" href=\"https:\/\/ich.md\/?p=5118\">Read More<\/a><\/span><\/p>\n","protected":false},"author":2,"featured_media":5137,"comment_status":"closed","ping_status":"closed","sticky":false,"template":"","format":"standard","meta":[],"categories":[10],"tags":[],"_links":{"self":[{"href":"https:\/\/ich.md\/index.php?rest_route=\/wp\/v2\/posts\/5118"}],"collection":[{"href":"https:\/\/ich.md\/index.php?rest_route=\/wp\/v2\/posts"}],"about":[{"href":"https:\/\/ich.md\/index.php?rest_route=\/wp\/v2\/types\/post"}],"author":[{"embeddable":true,"href":"https:\/\/ich.md\/index.php?rest_route=\/wp\/v2\/users\/2"}],"replies":[{"embeddable":true,"href":"https:\/\/ich.md\/index.php?rest_route=%2Fwp%2Fv2%2Fcomments&post=5118"}],"version-history":[{"count":6,"href":"https:\/\/ich.md\/index.php?rest_route=\/wp\/v2\/posts\/5118\/revisions"}],"predecessor-version":[{"id":5155,"href":"https:\/\/ich.md\/index.php?rest_route=\/wp\/v2\/posts\/5118\/revisions\/5155"}],"wp:featuredmedia":[{"embeddable":true,"href":"https:\/\/ich.md\/index.php?rest_route=\/wp\/v2\/media\/5137"}],"wp:attachment":[{"href":"https:\/\/ich.md\/index.php?rest_route=%2Fwp%2Fv2%2Fmedia&parent=5118"}],"wp:term":[{"taxonomy":"category","embeddable":true,"href":"https:\/\/ich.md\/index.php?rest_route=%2Fwp%2Fv2%2Fcategories&post=5118"},{"taxonomy":"post_tag","embeddable":true,"href":"https:\/\/ich.md\/index.php?rest_route=%2Fwp%2Fv2%2Ftags&post=5118"}],"curies":[{"name":"wp","href":"https:\/\/api.w.org\/{rel}","templated":true}]}}