{"id":5142,"date":"2021-02-17T10:27:41","date_gmt":"2021-02-17T08:27:41","guid":{"rendered":"http:\/\/ich.md\/?p=5142"},"modified":"2021-02-17T11:36:43","modified_gmt":"2021-02-17T09:36:43","slug":"cercetatoarea-ipc-dr-nadejda-cara-a-fost-distinsa-cu-medalia-presedintelui-republicii-bulgaria-si-cu-diploma-mecc","status":"publish","type":"post","link":"https:\/\/ich.md\/?p=5142","title":{"rendered":"Cercet\u0103toarea IPC  dr. Nadejda CARA a fost distins\u0103 cu medalia Pre\u0219edintelui Republicii Bulgaria \u0219i cu diploma MECC"},"content":{"rendered":"<p>Recent cercet\u0103toarea Institutului Patrimoniului Cultural Nadejda CARA, doctor \u00een filologie, conferen\u021biar universitar, a fost distins\u0103 cu medalia Pre\u0219edintelui Republicii Bulgaria pentru aport considerabil la dezvoltarea tradi\u021biei educa\u021biei \u0219i culturii bulgare \u0219i cu diploma Ministerului Educa\u021biei, Culturii \u0219i Cercet\u0103rii al Republicii Moldova pentru profesionalism \u0219i dedica\u021bie, realiz\u0103ri remarcabile \u00een activitatea \u0219tiin\u021bifico-didactic\u0103, aportul la instruirea \u0219i educa\u021bia tinerei genera\u021bii prin promovarea limbii \u0219i culturii bulgare \u0219i cu prilejul anivers\u0103rii a 70-a din ziua na\u0219terii.<\/p>\n<p>Felicit\u0103m cercet\u0103toarea IPC, \u00eei ur\u0103m s\u0103n\u0103tate \u0219i succese \u00een continuare !<\/p>\n<p>Conducerea IP Institutul Patrimoniului Cultural<\/p>\n<div id='gallery-1' class='gallery galleryid-5142 gallery-columns-2 gallery-size-medium'><figure class='gallery-item'>\n\t\t\t<div class='gallery-icon portrait'>\n\t\t\t\t<a href='https:\/\/ich.md\/?attachment_id=5151'><img width=\"225\" height=\"300\" src=\"https:\/\/ich.md\/wp-content\/uploads\/2021\/02\/Cara.Medalie-225x300.jpg\" class=\"attachment-medium size-medium\" alt=\"\" decoding=\"async\" loading=\"lazy\" \/><\/a>\n\t\t\t<\/div><\/figure><figure class='gallery-item'>\n\t\t\t<div class='gallery-icon portrait'>\n\t\t\t\t<a href='https:\/\/ich.md\/?attachment_id=5146'><img width=\"196\" height=\"300\" src=\"https:\/\/ich.md\/wp-content\/uploads\/2021\/02\/Cara.N.Medalie.1-196x300.jpg\" class=\"attachment-medium size-medium\" alt=\"\" decoding=\"async\" loading=\"lazy\" \/><\/a>\n\t\t\t<\/div><\/figure><figure class='gallery-item'>\n\t\t\t<div class='gallery-icon portrait'>\n\t\t\t\t<a href='https:\/\/ich.md\/?attachment_id=5147'><img width=\"240\" height=\"300\" src=\"https:\/\/ich.md\/wp-content\/uploads\/2021\/02\/Cara.N.Medalie.2-240x300.jpg\" class=\"attachment-medium size-medium\" alt=\"\" decoding=\"async\" loading=\"lazy\" \/><\/a>\n\t\t\t<\/div><\/figure><figure class='gallery-item'>\n\t\t\t<div class='gallery-icon portrait'>\n\t\t\t\t<a href='https:\/\/ich.md\/?attachment_id=5145'><img width=\"213\" height=\"300\" src=\"https:\/\/ich.md\/wp-content\/uploads\/2021\/02\/Cara.N.Diploma.MECC_-213x300.jpg\" class=\"attachment-medium size-medium\" alt=\"\" decoding=\"async\" loading=\"lazy\" \/><\/a>\n\t\t\t<\/div><\/figure>\n\t\t<\/div>\n\n","protected":false},"excerpt":{"rendered":"<p>Recent cercet\u0103toarea Institutului Patrimoniului Cultural Nadejda CARA, doctor \u00een filologie, conferen\u021biar universitar, a fost distins\u0103 cu medalia Pre\u0219edintelui Republicii Bulgaria pentru aport considerabil la dezvoltarea<span class=\"read-more-link\"><a class=\"read-more\" href=\"https:\/\/ich.md\/?p=5142\">Read More<\/a><\/span><\/p>\n","protected":false},"author":2,"featured_media":5151,"comment_status":"closed","ping_status":"closed","sticky":false,"template":"","format":"standard","meta":[],"categories":[10],"tags":[],"_links":{"self":[{"href":"https:\/\/ich.md\/index.php?rest_route=\/wp\/v2\/posts\/5142"}],"collection":[{"href":"https:\/\/ich.md\/index.php?rest_route=\/wp\/v2\/posts"}],"about":[{"href":"https:\/\/ich.md\/index.php?rest_route=\/wp\/v2\/types\/post"}],"author":[{"embeddable":true,"href":"https:\/\/ich.md\/index.php?rest_route=\/wp\/v2\/users\/2"}],"replies":[{"embeddable":true,"href":"https:\/\/ich.md\/index.php?rest_route=%2Fwp%2Fv2%2Fcomments&post=5142"}],"version-history":[{"count":8,"href":"https:\/\/ich.md\/index.php?rest_route=\/wp\/v2\/posts\/5142\/revisions"}],"predecessor-version":[{"id":5154,"href":"https:\/\/ich.md\/index.php?rest_route=\/wp\/v2\/posts\/5142\/revisions\/5154"}],"wp:featuredmedia":[{"embeddable":true,"href":"https:\/\/ich.md\/index.php?rest_route=\/wp\/v2\/media\/5151"}],"wp:attachment":[{"href":"https:\/\/ich.md\/index.php?rest_route=%2Fwp%2Fv2%2Fmedia&parent=5142"}],"wp:term":[{"taxonomy":"category","embeddable":true,"href":"https:\/\/ich.md\/index.php?rest_route=%2Fwp%2Fv2%2Fcategories&post=5142"},{"taxonomy":"post_tag","embeddable":true,"href":"https:\/\/ich.md\/index.php?rest_route=%2Fwp%2Fv2%2Ftags&post=5142"}],"curies":[{"name":"wp","href":"https:\/\/api.w.org\/{rel}","templated":true}]}}