{"id":5182,"date":"2021-03-08T07:14:30","date_gmt":"2021-03-08T05:14:30","guid":{"rendered":"http:\/\/ich.md\/?p=5182"},"modified":"2021-03-08T15:28:55","modified_gmt":"2021-03-08T13:28:55","slug":"felicitare-cu-ocazia-zilei-de-8-martie-4","status":"publish","type":"post","link":"https:\/\/ich.md\/?p=5182","title":{"rendered":"FELICITARE CU OCAZIA ZILEI DE 8 MARTIE"},"content":{"rendered":"<p><strong>Distinse Doamne,<\/strong><\/p>\n<p><strong>Ziua de 8 Martie ne ofer\u0103 prilejul potrivit pentru a V\u0103 exprima alesele noastre sentimente de ad\u00e2nc respect \u0219i apreciere a muncii Dumneavoastr\u0103 devotate. Este o zi special\u0103 pentru noi to\u021bi, con\u0219tientiz\u00e2nd, \u00een acela\u0219i timp, faptul c\u0103 la feminin se declin\u0103 astfel de valori general umane precum via\u021ba, p\u00e2inea, voin\u021ba, fericirea \u0219i, nu \u00een ultimul r\u00e2nd, \u0219tiin\u021ba, care este domeniul Dumneavoastr\u0103 de activitate. Aceasta ne oblig\u0103 o data \u00een plus s\u0103 V\u0103 pre\u021buim \u0219i s\u0103 V\u0103 asigur\u0103m de \u00eentreaga noastr\u0103 recuno\u0219tin\u021b\u0103.<\/strong><\/p>\n<p><strong>V\u0103 mul\u021bumim pentru toate lucrurile bune, pe care le-a\u021bi realizat pe plan profesional, dorindu-V\u0103 ca \u00eemplinirile frumoase, s\u0103n\u0103tatea \u015fi spiritul acestei zile s\u0103 V\u0103 \u00eenso\u0163easc\u0103 pretutindeni.<\/strong><\/p>\n<p><strong>Cu ocazia acestei zile, V\u0103 rug\u0103m s\u0103 accepta\u021bi g\u00e2ndurile noastre curate \u0219i senine ca prim\u0103vara pentru ve\u0219nicia ei!<\/strong><\/p>\n<p><strong>V\u0103 dorim un 8 Martie special!<\/strong><\/p>\n<p><strong>Cu toat\u0103 considera\u021biunea,<\/strong><\/p>\n<p><strong>Conducerea Institutului Patrimoniului Cultural<\/strong><\/p>\n<p><a href=\"http:\/\/ich.md\/wp-content\/uploads\/2021\/03\/flori-norisori-de-primava.jpeg\"><img decoding=\"async\" loading=\"lazy\" class=\"aligncenter size-medium wp-image-5183\" src=\"http:\/\/ich.md\/wp-content\/uploads\/2021\/03\/flori-norisori-de-primava-300x256.jpeg\" alt=\"\" width=\"300\" height=\"256\" \/><\/a><\/p>\n","protected":false},"excerpt":{"rendered":"<p>Distinse Doamne, Ziua de 8 Martie ne ofer\u0103 prilejul potrivit pentru a V\u0103 exprima alesele noastre sentimente de ad\u00e2nc respect \u0219i apreciere a muncii Dumneavoastr\u0103<span class=\"read-more-link\"><a class=\"read-more\" href=\"https:\/\/ich.md\/?p=5182\">Read More<\/a><\/span><\/p>\n","protected":false},"author":2,"featured_media":5183,"comment_status":"closed","ping_status":"closed","sticky":false,"template":"","format":"standard","meta":[],"categories":[10],"tags":[],"_links":{"self":[{"href":"https:\/\/ich.md\/index.php?rest_route=\/wp\/v2\/posts\/5182"}],"collection":[{"href":"https:\/\/ich.md\/index.php?rest_route=\/wp\/v2\/posts"}],"about":[{"href":"https:\/\/ich.md\/index.php?rest_route=\/wp\/v2\/types\/post"}],"author":[{"embeddable":true,"href":"https:\/\/ich.md\/index.php?rest_route=\/wp\/v2\/users\/2"}],"replies":[{"embeddable":true,"href":"https:\/\/ich.md\/index.php?rest_route=%2Fwp%2Fv2%2Fcomments&post=5182"}],"version-history":[{"count":4,"href":"https:\/\/ich.md\/index.php?rest_route=\/wp\/v2\/posts\/5182\/revisions"}],"predecessor-version":[{"id":5187,"href":"https:\/\/ich.md\/index.php?rest_route=\/wp\/v2\/posts\/5182\/revisions\/5187"}],"wp:featuredmedia":[{"embeddable":true,"href":"https:\/\/ich.md\/index.php?rest_route=\/wp\/v2\/media\/5183"}],"wp:attachment":[{"href":"https:\/\/ich.md\/index.php?rest_route=%2Fwp%2Fv2%2Fmedia&parent=5182"}],"wp:term":[{"taxonomy":"category","embeddable":true,"href":"https:\/\/ich.md\/index.php?rest_route=%2Fwp%2Fv2%2Fcategories&post=5182"},{"taxonomy":"post_tag","embeddable":true,"href":"https:\/\/ich.md\/index.php?rest_route=%2Fwp%2Fv2%2Ftags&post=5182"}],"curies":[{"name":"wp","href":"https:\/\/api.w.org\/{rel}","templated":true}]}}