{"id":5389,"date":"2021-05-14T21:03:55","date_gmt":"2021-05-14T18:03:55","guid":{"rendered":"http:\/\/ich.md\/?p=5389"},"modified":"2021-05-14T21:19:33","modified_gmt":"2021-05-14T18:19:33","slug":"la-13-mai-202-a-avut-loc-masa-rotunda-cooperarea-institutului-patrimoniului-cultural-cu-institutii-din-sfera-stiintei-si-inovarii-din-uniunea-europeana","status":"publish","type":"post","link":"https:\/\/ich.md\/?p=5389","title":{"rendered":"La 13 mai 2021 a avut loc Mas\u0103 rotund\u0103:  Cooperarea Institutului Patrimoniului Cultural cu institu\u021bii din sfera \u0219tiin\u021bei \u0219i inov\u0103rii din Uniunea European\u0103."},"content":{"rendered":"<p>Joi, 13 mai 2021, \u00een incinta Institutului Patrimoniului Cultural a avut loc Mas\u0103 rotund\u0103: \u00a0<strong><em>Cooperarea Institutului Patrimoniului Cultural cu institu\u021bii din sfera \u0219tiin\u021bei \u0219i inov\u0103rii din Uniunea European\u0103.<\/em><\/strong> Manifestarea s-a desf\u0103\u0219urat \u00een regim online cu participarea cercet\u0103torilor Centrului Studiul Artelor \u0219i al \u00a0Centrului de Etnologie a IPC.<\/p>\n<p>Evenimentul a fost organizat \u00een cadrul programului de manifest\u0103ri dedicate Zilei Europei \u00een Republica Moldova.<\/p>\n<p>Directorul IPC, dr. hab. Victor GHILA\u0218 a prezentat comunicarea: <strong><em>Acordurile \u0219i perspectivele de colaborare ale IPC cu Institu\u021bii din sfera \u0219tiin\u021bei \u0219i inov\u0103rii din \u021b\u0103ri membre ale Uniunii Europene. <\/em><\/strong><\/p>\n<p>\u00cen cadrul comunic\u0103rii au fost elucidate parteneriatele IPC cu organiza\u021bii din sfera \u0219tiin\u021bei \u0219i inov\u0103rii din \u021b\u0103ri ale Uniunii Europene, oportunit\u0103\u021bile oferite de acordurile de colaborare cu acestea pentru cercet\u0103tori, precum \u0219i a reiterat necesitatea intensific\u0103rii colabor\u0103rilor \u00een vederea particip\u0103rii cu proiecte \u00een cadrul Programului ORIZONT EUROPE<\/p>\n<p>Cercet\u0103torii dr. Ion DUMINICA, dr. Natalia GR\u0102DINARU, dr. Lidia PRISAC s-au referit la subiectul <strong><em>Participarea cercet\u0103torilor IPC \u00een Programul ERASMUS +: experien\u021ba de cooperare cu Universitatea Louvain-la-Neuve din Belgia.<\/em><\/strong><\/p>\n<p>Cercet\u0103torii \u0219i-au \u00eemp\u0103rt\u0103\u0219it experien\u021ba particip\u0103rii \u00een cadrul Programului Erasmus+, rezultatele ob\u021binute \u00een cadrul mobilit\u0103\u021bilor, precum \u0219i impresiile personale despre participarea la Program.<\/p>\n<p>Directorul adjunct pentru activitatea \u0219tiin\u021bific\u0103 al IPC dr. Adrian DOLGHI a prezentat comunicarea <strong><em>Indexarea revistelor \u0219tiin\u021bifice ale IPC \u00een bazele \u0219tiin\u021bifice din Uniunea European\u0103: ERIH+, CEEOL, SCOPUS. Standardele de calitate, beneficiile, \u00a0perspectivele de dezvoltare.<\/em><\/strong><\/p>\n<p>\u00cen comunicare au fost elucidate aspecte ale procesului de aplicare la bazele de date \u0219tiin\u021bifice, a revistelor editate de IPC, beneficiile index\u0103rii revistelor \u0219i necesitatea aplic\u0103rii standardelor \u0219i bunelor practici europene \u00een procesul editorial de la IPC.<\/p>\n<p>Cercet\u0103torii dr. Valentin ARAPU, dr. Lidia PRISAC, \u00a0dr. Vladimir KRAVCENCO, dr. Valeria BARBAS \u0219i-au \u00eemp\u0103rt\u0103\u0219it experien\u021ba aplic\u0103rii la proiecte \u0219i burse oferite de organiza\u021bii finan\u021batoare din UE elucid\u00e2nd subiectul <strong><em>Beneficierea IPC de burse \u0219i proiecte finan\u021bate de alte organiza\u021bii finan\u021batoare din statele membre ale UE: Institutul Cultural Rom\u00e2n, MPRP, Agen\u021bia universitar\u0103 a Francofoniei, Goethe Institut Bucure\u0219ti, Agen\u021bia de dezvoltare si cooperare, Suedia.<\/em><\/strong><\/p>\n<p>Experien\u021ba \u00eemp\u0103rt\u0103\u0219it\u0103 \u00een cadrul mesei rotunde a fost deosebit de interesant\u0103, motivant\u0103 pentru cercet\u0103tori. Credem c\u0103 a deschis noi perspective de aplicare la noi proiecte \u0219i burse de mobilitate \u00een vederea cooper\u0103rii cu organiza\u021bii \u0219i cercet\u0103tori din Uniunea European\u0103.<\/p>\n<div id='gallery-1' class='gallery galleryid-5389 gallery-columns-1 gallery-size-large'><figure class='gallery-item'>\n\t\t\t<div class='gallery-icon landscape'>\n\t\t\t\t<a href='https:\/\/ich.md\/?attachment_id=5392'><img width=\"624\" height=\"292\" src=\"https:\/\/ich.md\/wp-content\/uploads\/2021\/05\/1.png\" class=\"attachment-large size-large\" alt=\"\" decoding=\"async\" loading=\"lazy\" \/><\/a>\n\t\t\t<\/div><\/figure><figure class='gallery-item'>\n\t\t\t<div class='gallery-icon landscape'>\n\t\t\t\t<a href='https:\/\/ich.md\/?attachment_id=5393'><img width=\"624\" height=\"293\" src=\"https:\/\/ich.md\/wp-content\/uploads\/2021\/05\/Imagine2-1.png\" class=\"attachment-large size-large\" alt=\"\" decoding=\"async\" loading=\"lazy\" \/><\/a>\n\t\t\t<\/div><\/figure><figure class='gallery-item'>\n\t\t\t<div class='gallery-icon landscape'>\n\t\t\t\t<a href='https:\/\/ich.md\/?attachment_id=5394'><img width=\"620\" height=\"289\" src=\"https:\/\/ich.md\/wp-content\/uploads\/2021\/05\/Imagine3-1.png\" class=\"attachment-large size-large\" alt=\"\" decoding=\"async\" loading=\"lazy\" \/><\/a>\n\t\t\t<\/div><\/figure><figure class='gallery-item'>\n\t\t\t<div class='gallery-icon landscape'>\n\t\t\t\t<a href='https:\/\/ich.md\/?attachment_id=5395'><img width=\"624\" height=\"289\" src=\"https:\/\/ich.md\/wp-content\/uploads\/2021\/05\/Imagine4-1.png\" class=\"attachment-large size-large\" alt=\"\" decoding=\"async\" loading=\"lazy\" \/><\/a>\n\t\t\t<\/div><\/figure>\n\t\t<\/div>\n\n","protected":false},"excerpt":{"rendered":"<p>Joi, 13 mai 2021, \u00een incinta Institutului Patrimoniului Cultural a avut loc Mas\u0103 rotund\u0103: \u00a0Cooperarea Institutului Patrimoniului Cultural cu institu\u021bii din sfera \u0219tiin\u021bei \u0219i inov\u0103rii<span class=\"read-more-link\"><a class=\"read-more\" href=\"https:\/\/ich.md\/?p=5389\">Read More<\/a><\/span><\/p>\n","protected":false},"author":2,"featured_media":5392,"comment_status":"closed","ping_status":"closed","sticky":false,"template":"","format":"standard","meta":[],"categories":[10],"tags":[],"_links":{"self":[{"href":"https:\/\/ich.md\/index.php?rest_route=\/wp\/v2\/posts\/5389"}],"collection":[{"href":"https:\/\/ich.md\/index.php?rest_route=\/wp\/v2\/posts"}],"about":[{"href":"https:\/\/ich.md\/index.php?rest_route=\/wp\/v2\/types\/post"}],"author":[{"embeddable":true,"href":"https:\/\/ich.md\/index.php?rest_route=\/wp\/v2\/users\/2"}],"replies":[{"embeddable":true,"href":"https:\/\/ich.md\/index.php?rest_route=%2Fwp%2Fv2%2Fcomments&post=5389"}],"version-history":[{"count":5,"href":"https:\/\/ich.md\/index.php?rest_route=\/wp\/v2\/posts\/5389\/revisions"}],"predecessor-version":[{"id":5398,"href":"https:\/\/ich.md\/index.php?rest_route=\/wp\/v2\/posts\/5389\/revisions\/5398"}],"wp:featuredmedia":[{"embeddable":true,"href":"https:\/\/ich.md\/index.php?rest_route=\/wp\/v2\/media\/5392"}],"wp:attachment":[{"href":"https:\/\/ich.md\/index.php?rest_route=%2Fwp%2Fv2%2Fmedia&parent=5389"}],"wp:term":[{"taxonomy":"category","embeddable":true,"href":"https:\/\/ich.md\/index.php?rest_route=%2Fwp%2Fv2%2Fcategories&post=5389"},{"taxonomy":"post_tag","embeddable":true,"href":"https:\/\/ich.md\/index.php?rest_route=%2Fwp%2Fv2%2Ftags&post=5389"}],"curies":[{"name":"wp","href":"https:\/\/api.w.org\/{rel}","templated":true}]}}