{"id":5413,"date":"2021-05-24T15:07:57","date_gmt":"2021-05-24T12:07:57","guid":{"rendered":"http:\/\/ich.md\/?p=5413"},"modified":"2021-05-25T15:18:14","modified_gmt":"2021-05-25T12:18:14","slug":"conferinta-stiintifica-internationala-patrimoniul-cultural-cercetare-valorificare-promovare-editia-a-xiii-a","status":"publish","type":"post","link":"https:\/\/ich.md\/?p=5413","title":{"rendered":"Conferin\u021ba \u0218tiin\u021bific\u0103 Interna\u021bional\u0103  PATRIMONIUL CULTURAL: CERCETARE, VALORIFICARE, PROMOVARE  Edi\u021bia a XIII-a"},"content":{"rendered":"<p style=\"text-align: center;\">\u00cen zilele de 27-28 mai 2021 \u00een incinta Institutului Patrimoniului Cultural va avea loc<\/p>\n<p style=\"text-align: center;\"><strong>Conferin\u021ba \u0218tiin\u021bific\u0103 Interna\u021bional\u0103 <\/strong><\/p>\n<p style=\"text-align: center;\"><strong>PATRIMONIUL CULTURAL: CERCETARE, VALORIFICARE, PROMOVARE<\/strong><\/p>\n<p style=\"text-align: center;\"><strong>Edi\u021bia a XIII-a<\/strong><\/p>\n<p style=\"text-align: center;\">Aducem la cuno\u0219tin\u021b\u0103 participan\u021bilor \u0219i tuturor persoanelor interesate programul manifest\u0103rii.<\/p>\n<p style=\"text-align: center;\">Conferin\u021ba se va desf\u0103\u0219ura \u00een regim online prin intermediul aplica\u021biei de videoconferin\u021be\u00a0 <strong>GOOGLE MEET. <\/strong>Pentru conectare participan\u021bii vor trebui s\u0103 tasteze linkurile din program:<\/p>\n<p style=\"text-align: center;\"><strong>Joi, 27 mai 2021 \/ Thursday, May 27, 2021<\/strong><\/p>\n<p style=\"text-align: center;\"><strong>9.00\u00a0<\/strong><strong>\u2013<\/strong><strong>\u00a012.00<\/strong><\/p>\n<p>&nbsp;<\/p>\n<p style=\"text-align: center;\"><strong>\u015eEDIN\u0162A PLENAR\u0102 \/ PLENARY SESSION<\/strong><\/p>\n<p style=\"text-align: center;\"><strong>Accesa\u021bi linkul \/ Access the link:<\/strong><\/p>\n<p style=\"text-align: center;\"><strong><a href=\"https:\/\/meet.google.com\/vfq-fpoz-atn\" data-saferedirecturl=\"https:\/\/www.google.com\/url?q=https:\/\/meet.google.com\/vfq-fpoz-atn&amp;source=gmail&amp;ust=1621937463329000&amp;usg=AFQjCNGesODwKZlB5VD8Ju7d_dM9p2Fz5Q\">https:\/\/meet.google.com\/vfq-fpoz-atn<\/a><\/strong><\/p>\n<p style=\"text-align: center;\"><strong>\u00a0<\/strong><\/p>\n<p style=\"text-align: center;\"><strong>SEC\u0162IUNEA I \/ SECTION I<\/strong><\/p>\n<p style=\"text-align: center;\"><strong>ARHEOLOGIE \u0218I CERCET\u0102RI INTERDISCIPLINARE \/<\/strong><\/p>\n<p style=\"text-align: center;\"><strong>ARCHAEOLOGY AND INTERDISCIPLINARY RESEARCH<\/strong><\/p>\n<p style=\"text-align: center;\">Joi, 27 mai 2021, 12.30 \u2013 17.00 \/<\/p>\n<p style=\"text-align: center;\">Thursday, May 27, 2021, 12.30 \u2013 17.00<\/p>\n<p style=\"text-align: center;\"><strong>Accesa\u021bi linkul \/ Access the link:<\/strong><\/p>\n<p style=\"text-align: center;\"><strong><a href=\"https:\/\/meet.google.com\/xjw-vbvg-syf\" data-saferedirecturl=\"https:\/\/www.google.com\/url?q=https:\/\/meet.google.com\/xjw-vbvg-syf&amp;source=gmail&amp;ust=1621937463330000&amp;usg=AFQjCNG9Y3nILyOJBZOsKUlM4BRefwA1AQ\">https:\/\/meet.google.com\/xjw-vbvg-syf<\/a><\/strong><\/p>\n<p>&nbsp;<\/p>\n<p style=\"text-align: center;\"><strong>SEC\u0162IUNEA II \/ SECTION II<\/strong><\/p>\n<p style=\"text-align: center;\"><strong>ARHITECTUR\u0102 \/ ARCHITECTURE<\/strong><\/p>\n<p style=\"text-align: center;\">Joi, 27 mai 2021,12.30 \u2013 17.00\u00a0\/<\/p>\n<p style=\"text-align: center;\">Thursday, May 27, 2021,\u00a012.30 \u2013 17.00<\/p>\n<p style=\"text-align: center;\"><strong>Accesa\u021bi linkul \/ Access the link:<\/strong><\/p>\n<p style=\"text-align: center;\"><strong><a href=\"https:\/\/meet.google.com\/vfq-fpoz-atn\" data-saferedirecturl=\"https:\/\/www.google.com\/url?q=https:\/\/meet.google.com\/vfq-fpoz-atn&amp;source=gmail&amp;ust=1621937463330000&amp;usg=AFQjCNHIM-i9vyD4teJdjI9sfKFhpiGINw\">https:\/\/meet.google.com\/vfq-fpoz-atn<\/a><\/strong><\/p>\n<p>&nbsp;<\/p>\n<p style=\"text-align: center;\"><strong>SEC\u0162IUNEA III \/ SECTION III<\/strong><\/p>\n<p style=\"text-align: center;\"><strong>ARTE AUDIOVIZUALE \/ AUDIOVISUAL ARTS<\/strong><\/p>\n<p style=\"text-align: center;\">Joi, 27 mai 2021,12.30\u00a0<strong>\u2013<\/strong>\u00a017.00\u00a0\/<\/p>\n<p style=\"text-align: center;\">Thursday, May 27, 2021,\u00a012.30\u00a0<strong>\u2013<\/strong>\u00a017.00<\/p>\n<p style=\"text-align: center;\"><strong>Accesa\u021bi linkul \/ Access the link:<\/strong><\/p>\n<p style=\"text-align: center;\"><strong><a href=\"https:\/\/meet.google.com\/qin-pybk-vhu\" data-saferedirecturl=\"https:\/\/www.google.com\/url?q=https:\/\/meet.google.com\/qin-pybk-vhu&amp;source=gmail&amp;ust=1621937463330000&amp;usg=AFQjCNE141R-X0Qpzn7aAlpyWeDWJbtNrg\">https:\/\/meet.google.com\/qin-pybk-vhu<\/a><\/strong><\/p>\n<p>&nbsp;<\/p>\n<p style=\"text-align: center;\"><strong>SEC\u0162IUNEA IV \/ SECTION IV<\/strong><\/p>\n<p style=\"text-align: center;\"><strong>ARTE AUDIOVIZUALE \/ AUDIOVISUAL ARTS<\/strong><\/p>\n<p style=\"text-align: center;\">Vineri, 28 Mai 2021, 09.00 \u2013 12.00 \/<\/p>\n<p style=\"text-align: center;\">Friday, May 28, 2021, 09.00 \u201312.00<\/p>\n<p style=\"text-align: center;\"><strong>Accesa\u021bi linkul \/ Access the link:<\/strong><\/p>\n<p style=\"text-align: center;\"><strong><a href=\"https:\/\/meet.google.com\/qnj-agvh-hkr\" data-saferedirecturl=\"https:\/\/www.google.com\/url?q=https:\/\/meet.google.com\/qnj-agvh-hkr&amp;source=gmail&amp;ust=1621937463330000&amp;usg=AFQjCNE0sGL_0qetgG0Cimc9mbnxV3PdWQ\">https:\/\/meet.google.com\/qnj-agvh-hkr<\/a><\/strong><\/p>\n<p>&nbsp;<\/p>\n<p style=\"text-align: center;\"><strong>SEC\u0162IUNEA V \/ SECTION V<\/strong><\/p>\n<p style=\"text-align: center;\"><strong>ARTE VIZUALE \/ VISUAL ARTS<\/strong><\/p>\n<p style=\"text-align: center;\">Vineri, 28 Mai 2021, 09.00 \u2013 12.00 \/<\/p>\n<p style=\"text-align: center;\">Friday, May 28, 2021, 09.00 \u201312.00<\/p>\n<p style=\"text-align: center;\"><strong>Accesa\u021bi linkul \/ Access the link:<\/strong><\/p>\n<p style=\"text-align: center;\"><strong><a href=\"https:\/\/meet.google.com\/owc-qcod-nue\" data-saferedirecturl=\"https:\/\/www.google.com\/url?q=https:\/\/meet.google.com\/owc-qcod-nue&amp;source=gmail&amp;ust=1621937463330000&amp;usg=AFQjCNGvTcm6mQ3gsuruvhpdfZrFtrorqg\">https:\/\/meet.google.com\/owc-qcod-nue<\/a><\/strong><\/p>\n<p>&nbsp;<\/p>\n<p style=\"text-align: center;\"><strong>SEC\u0162IUNEA VI \/ SECTION VI<\/strong><\/p>\n<p style=\"text-align: center;\"><strong>CONSERVARE, VALORIFICARE \u0218I PROMOVARE\u00a0<\/strong><strong>A PATRIMONIULUI CULTURAL \/<\/strong><\/p>\n<p style=\"text-align: center;\"><strong>CONSERVATION, VALORIZATION AND PROMOTION\u00a0<\/strong><strong>OF THE CULTURAL HERITAGE<\/strong><\/p>\n<p style=\"text-align: center;\">Joi, 27 Mai 2021, 12.30 \u2013 17.00 \/<\/p>\n<p style=\"text-align: center;\">Thursday, May 27, 2021, 12.30 \u2013 17.00<\/p>\n<p style=\"text-align: center;\"><strong>Accesa\u021bi linkul \/ Access the link:<\/strong><\/p>\n<p style=\"text-align: center;\"><strong><a href=\"https:\/\/meet.google.com\/gwa-pcyc-yvs\" data-saferedirecturl=\"https:\/\/www.google.com\/url?q=https:\/\/meet.google.com\/gwa-pcyc-yvs&amp;source=gmail&amp;ust=1621937463330000&amp;usg=AFQjCNGbR9LSLDZ-jJkXgJtZVwvp6shRKg\">https:\/\/meet.google.com\/gwa-pcyc-yvs<\/a><\/strong><\/p>\n<p style=\"text-align: center;\"><strong>\u00a0<\/strong><\/p>\n<p style=\"text-align: center;\"><strong>SEC\u0162IUNEA VII \/ SECTION VII<\/strong><\/p>\n<p style=\"text-align: center;\"><strong>TRADI\u021aII \u0218I OBICEIURI: ISTORIE \u0218I CONTEMPORANEITATE\/<\/strong><\/p>\n<p style=\"text-align: center;\"><strong>TRADITIONS AND CUSTOMS: ANCIENT TIMES AND MODERNITY<\/strong><\/p>\n<p style=\"text-align: center;\">Joi, 27 Mai 2021, 13.00 \u2013 17.00 \/<\/p>\n<p style=\"text-align: center;\">Thursday, May 27, 2021, 13.00 \u2013 17.00<\/p>\n<p style=\"text-align: center;\"><strong>Accesa\u021bi linkul \/ Access the link:<\/strong><\/p>\n<p style=\"text-align: center;\"><strong><a href=\"https:\/\/meet.google.com\/zvc-gpmn-czx\" data-saferedirecturl=\"https:\/\/www.google.com\/url?q=https:\/\/meet.google.com\/zvc-gpmn-czx&amp;source=gmail&amp;ust=1621937463330000&amp;usg=AFQjCNHL1bG4kWabCSvtb1UGkq4vhCd7-g\">https:\/\/meet.google.com\/zvc-gpmn-czx<\/a><\/strong><\/p>\n<p style=\"text-align: center;\"><u>\u00a0<\/u><\/p>\n<p style=\"text-align: center;\"><strong>SEC\u0162IUNEA VIII \/ SECTION VIII<\/strong><\/p>\n<p style=\"text-align: center;\"><strong>PATRIMONIUL ISTORIC \u0218I ETNOCULTURAL \/<\/strong><\/p>\n<p style=\"text-align: center;\"><strong>HISTORICAL AND ETHNOCULTURAL HERITAGE<\/strong><\/p>\n<p style=\"text-align: center;\">Vineri, 28 Mai 2021, 09.00 \u2013 12.00 \/<\/p>\n<p style=\"text-align: center;\">Friday, May 28, 2021, 09.00 \u2013 12.00<\/p>\n<p style=\"text-align: center;\"><strong>Accesa\u021bi linkul \/ Access the link:<\/strong><\/p>\n<p style=\"text-align: center;\"><strong><a href=\"https:\/\/meet.google.com\/unr-bsck-rbn\" data-saferedirecturl=\"https:\/\/www.google.com\/url?q=https:\/\/meet.google.com\/unr-bsck-rbn&amp;source=gmail&amp;ust=1621937463330000&amp;usg=AFQjCNF_gFC5vqZ72_OduYBD3IYfyVsKTw\">https:\/\/meet.google.com\/unr-bsck-rbn<\/a><\/strong><\/p>\n<p style=\"text-align: center;\"><strong>SEC\u0162IUNEA IX \/ SECTION IX<\/strong><\/p>\n<p style=\"text-align: center;\"><strong>PROCESE ETNICE, ETNOSOCIALE \u0218I ETNODEMOGRAFICE:\u00a0<\/strong><strong>ISTORIE, PREZENT, PERSPECTIV\u0102\/<\/strong><\/p>\n<p style=\"text-align: center;\"><strong>ETHNIC, ETHNOSOCIAL, AND ETHNODEMOGRAPHIC PROCESSES: HISTORY, MODERN TIMES, AND FUTURE<\/strong><\/p>\n<p style=\"text-align: center;\">Vineri, 28 Mai 2021, 09.00 \u2013 12.00 \/<\/p>\n<p style=\"text-align: center;\">Friday, May 28, 2021, 09.00 \u201312.00<\/p>\n<p style=\"text-align: center;\"><strong>Accesa\u021bi linkul \/ Access the link:<\/strong><\/p>\n<p style=\"text-align: center;\"><strong><a href=\"https:\/\/meet.google.com\/zng-orfm-ndk\" data-saferedirecturl=\"https:\/\/www.google.com\/url?q=https:\/\/meet.google.com\/zng-orfm-ndk&amp;source=gmail&amp;ust=1621937463330000&amp;usg=AFQjCNGif9G7USf96K8k4AYec6OtiFKZLQ\">https:\/\/meet.google.com\/zng-orfm-ndk<\/a><\/strong><\/p>\n<p style=\"text-align: center;\"><strong>\u00a0<\/strong><\/p>\n<p style=\"text-align: center;\"><strong>Programul conferin\u021bei:<\/strong><\/p>\n<p><strong>\u00a0<\/strong><\/p>\n<p><u><div class=\"ead-preview\"><div class=\"ead-document\" style=\"position: relative;width: 100%;height: 100%;border: none;min-height: 500px;\" data-pdf-src=\"http:\/\/ich.md\/wp-content\/uploads\/2021\/05\/Program.CONF_.IPC_.2021.pdf\" data-viewer=\"browser\"><div class=\"ead-iframe-wrapper\"><iframe src=\"\/\/docs.google.com\/viewer?url=http%3A%2F%2Fich.md%2Fwp-content%2Fuploads%2F2021%2F05%2FProgram.CONF_.IPC_.2021.pdf&amp;embedded=true&amp;hl=en\" title=\"Embedded Document\" class=\"ead-iframe\" style=\"width: 100%;height: 100%;border: none;min-height: 500px;visibility: hidden;\"><\/iframe><\/div>\t\t\t<div class=\"ead-document-loading\" style=\"width:100%;height:100%;position:absolute;left:0;top:0;z-index:10;\">\n\t\t\t\t<div class=\"ead-loading-wrap\">\n\t\t\t\t\t<div class=\"ead-loading-main\">\n\t\t\t\t\t\t<div class=\"ead-loading\">\n\t\t\t\t\t\t\t<img src=\"https:\/\/ich.md\/wp-content\/plugins\/embed-any-document\/images\/loading.svg\" width=\"55\" height=\"55\" alt=\"Loader\">\n\t\t\t\t\t\t\t<span>Loading...<\/span>\n\t\t\t\t\t\t<\/div>\n\t\t\t\t\t<\/div>\n\t\t\t\t\t<div class=\"ead-loading-foot\">\n\t\t\t\t\t\t<div class=\"ead-loading-foot-title\">\n\t\t\t\t\t\t\t<img src=\"https:\/\/ich.md\/wp-content\/plugins\/embed-any-document\/images\/EAD-logo.svg\" alt=\"EAD Logo\" width=\"36\" height=\"23\"\/>\n\t\t\t\t\t\t\t<span>Taking too long?<\/span>\n\t\t\t\t\t\t<\/div>\n\t\t\t\t\t\t<p>\n\t\t\t\t\t\t\t<div class=\"ead-document-btn ead-reload-btn\" role=\"button\">\n\t\t\t\t\t\t\t\t<img src=\"https:\/\/ich.md\/wp-content\/plugins\/embed-any-document\/images\/reload.svg\" alt=\"Reload\" width=\"12\" height=\"12\"\/> Reload document\t\t\t\t\t\t\t<\/div>\n\t\t\t\t\t\t\t<span>|<\/span>\n\t\t\t\t\t\t\t<a href=\"#\" class=\"ead-document-btn\" target=\"_blank\">\n\t\t\t\t\t\t\t\t<img src=\"https:\/\/ich.md\/wp-content\/plugins\/embed-any-document\/images\/open.svg\" alt=\"Open\" width=\"12\" height=\"12\"\/> Open in new tab\t\t\t\t\t\t\t<\/a>\n\t\t\t\t\t<\/div>\n\t\t\t\t<\/div>\n\t\t\t<\/div>\n\t\t<\/div><p class=\"embed_download\"><a href=\"http:\/\/ich.md\/wp-content\/uploads\/2021\/05\/Program.CONF_.IPC_.2021.pdf\" download >Download <\/a><\/p><\/div><\/u><\/p>\n<p>&nbsp;<\/p>\n","protected":false},"excerpt":{"rendered":"<p>\u00cen zilele de 27-28 mai 2021 \u00een incinta Institutului Patrimoniului Cultural va avea loc Conferin\u021ba \u0218tiin\u021bific\u0103 Interna\u021bional\u0103 PATRIMONIUL CULTURAL: CERCETARE, VALORIFICARE, PROMOVARE Edi\u021bia a XIII-a<span class=\"read-more-link\"><a class=\"read-more\" href=\"https:\/\/ich.md\/?p=5413\">Read More<\/a><\/span><\/p>\n","protected":false},"author":2,"featured_media":5419,"comment_status":"closed","ping_status":"closed","sticky":false,"template":"","format":"standard","meta":[],"categories":[10],"tags":[],"_links":{"self":[{"href":"https:\/\/ich.md\/index.php?rest_route=\/wp\/v2\/posts\/5413"}],"collection":[{"href":"https:\/\/ich.md\/index.php?rest_route=\/wp\/v2\/posts"}],"about":[{"href":"https:\/\/ich.md\/index.php?rest_route=\/wp\/v2\/types\/post"}],"author":[{"embeddable":true,"href":"https:\/\/ich.md\/index.php?rest_route=\/wp\/v2\/users\/2"}],"replies":[{"embeddable":true,"href":"https:\/\/ich.md\/index.php?rest_route=%2Fwp%2Fv2%2Fcomments&post=5413"}],"version-history":[{"count":3,"href":"https:\/\/ich.md\/index.php?rest_route=\/wp\/v2\/posts\/5413\/revisions"}],"predecessor-version":[{"id":5418,"href":"https:\/\/ich.md\/index.php?rest_route=\/wp\/v2\/posts\/5413\/revisions\/5418"}],"wp:featuredmedia":[{"embeddable":true,"href":"https:\/\/ich.md\/index.php?rest_route=\/wp\/v2\/media\/5419"}],"wp:attachment":[{"href":"https:\/\/ich.md\/index.php?rest_route=%2Fwp%2Fv2%2Fmedia&parent=5413"}],"wp:term":[{"taxonomy":"category","embeddable":true,"href":"https:\/\/ich.md\/index.php?rest_route=%2Fwp%2Fv2%2Fcategories&post=5413"},{"taxonomy":"post_tag","embeddable":true,"href":"https:\/\/ich.md\/index.php?rest_route=%2Fwp%2Fv2%2Ftags&post=5413"}],"curies":[{"name":"wp","href":"https:\/\/api.w.org\/{rel}","templated":true}]}}