{"id":5518,"date":"2021-06-18T12:35:56","date_gmt":"2021-06-18T09:35:56","guid":{"rendered":"http:\/\/ich.md\/?p=5518"},"modified":"2021-06-18T13:38:49","modified_gmt":"2021-06-18T10:38:49","slug":"la-22-iunie-2021-va-avea-loc-conferinta-stiintifica-nationala-cu-participare-internationala-portul-popular-expresie-a-istoriei-si-culturii-neamului-editia-i","status":"publish","type":"post","link":"https:\/\/ich.md\/?p=5518","title":{"rendered":"LA 22 IUNIE 2021 VA AVEA LOC CONFERIN\u021aA \u0218TIIN\u021aIFIC\u0102 NA\u021aIONAL\u0102 CU PARTICIPARE INTERNA\u021aIONAL\u0102  PORTUL POPULAR \u2013 EXPRESIE A ISTORIEI \u0218I CULTURII NEAMULUI, EDI\u021aIA I"},"content":{"rendered":"<p style=\"text-align: center;\">La 22 iunie 2021, Institutului Patrimoniului Cultural<\/p>\n<p style=\"text-align: center;\">\u00een parteneriat cu\u00a0Facultatea de Litere, Centrul Universitar Nord Din Baia Mare, Universitatea Tehnic\u0103 Din Cluj-Napoca, Rom\u00e2nia; Muzeul Na\u0163ional de Etnografie \u0219i Istorie Natural\u0103; Universitatea Pedagogic\u0103 de Stat \u201eIon Creang\u0103\u201d din Chi\u0219in\u0103u; Institutul Studiul Artelor, Folclor \u015fi Etnologie \u201eM.Rylski\u201d, Ucraina; Muzeul Unirii, Complexul Muzeal Na\u0163ional \u201eMoldova\u201d, Ia\u015fi, Rom\u00e2nia<\/p>\n<p style=\"text-align: center;\">organizeaz\u0103<\/p>\n<p style=\"text-align: center;\"><strong>CONFERIN\u021aA \u0218TIIN\u021aIFIC\u0102 NA\u021aIONAL\u0102 CU PARTICIPARE INTERNA\u021aIONAL\u0102<\/strong><\/p>\n<p style=\"text-align: center;\"><strong><em>PORTUL POPULAR \u2013 EXPRESIE A ISTORIEI \u0218I CULTURII NEAMULUI<\/em>, EDI\u021aIA I<\/strong><\/p>\n<p style=\"text-align: center;\">Aducem la cuno\u0219tin\u021b\u0103 participan\u021bilor \u0219i tuturor persoanelor interesate programul manifest\u0103rii.<\/p>\n<p style=\"text-align: center;\">Conferin\u021ba se va desf\u0103\u0219ura \u00een regim mixt cu participare direct\u0103 \u0219i online prin intermediul aplica\u021biei de videoconferin\u021be\u00a0\u00a0<strong>GOOGLE MEET.\u00a0<\/strong>Pentru conectare participan\u021bii vor trebui s\u0103 tasteze linkurile din program:<\/p>\n<p style=\"text-align: center;\"><strong>PROGRAMUL CONFERIN\u021aEI \/\u00a0<\/strong><strong>CONFERENCE PROGRAM<\/strong><\/p>\n<p style=\"text-align: center;\"><strong>\u00a0<\/strong><strong>Mar\u021bi, 22 iunie 2021 \/<\/strong> <strong>Tuesday, <\/strong><strong>June 22, <\/strong><strong>2021<\/strong><\/p>\n<p style=\"text-align: center;\"><strong>9.30 \u2013 12.<\/strong><strong>30<\/strong><\/p>\n<p style=\"text-align: center;\"><strong>\u00a0\u015eEDIN\u0162A PLENAR\u0102 \/ PLENARY SESSION<\/strong><\/p>\n<p style=\"text-align: center;\"><strong>Accesa\u021bi linkul \/ Access the link:<\/strong><\/p>\n<p style=\"text-align: center;\"><a href=\"https:\/\/meet.google.com\/uku-omth-pfq\"><strong><u>https:\/\/meet.google.com\/uku-omth-pfq<\/u><\/strong><\/a><\/p>\n<p>&nbsp;<\/p>\n<p style=\"text-align: center;\"><strong>SEC\u0162IUNEA I \/ SECTION I:<\/strong><\/p>\n<p style=\"text-align: center;\"><strong>PORTUL TRADITIONAL: CARTE DE VIZIT\u0102 \u0218I\u00a0<\/strong><strong>SURS\u0102 DE MODELARE ETNOCULTURAL\u0102 <\/strong><strong>\/<\/strong><\/p>\n<p style=\"text-align: center;\">TRADITIONAL COSTUME: BUSINESS CARD AND\u00a0SOURCE OF ETHNOCULTURAL MODELING<\/p>\n<p style=\"text-align: center;\"><strong>\u00a0<\/strong><strong>Mar\u021bi, 22 iunie, 2021, 13.00 \u2013 17.00 \/\u00a0<\/strong><strong>Tuesday, June, 22, 2021, 13.30 \u2013 17.00<\/strong><\/p>\n<p style=\"text-align: center;\"><strong>Accesa\u021bi linkul \/ Access the link:<\/strong><\/p>\n<p style=\"text-align: center;\"><strong><u><a href=\"https:\/\/meet.google.com\/yba-ehyj-fcu\">https:\/\/meet.google.com\/yba-ehyj-fcu<\/a><\/u><\/strong><\/p>\n<p style=\"text-align: center;\"><strong>SEC\u0162IUNEA II \/ SECTION II:<\/strong><\/p>\n<p style=\"text-align: center;\"><strong>C<\/strong><strong>OSTUMUL TRADITIONAL CA PURT\u0102TOR DE \u00ceNSEMNE ETNOCULTURALE: TRECUT \u0218I ACTUALITATE\/<\/strong><\/p>\n<p style=\"text-align: center;\">TRADITIONAL COSTUME AS A BEARER OF ETHNOCULTURAL MARKINGS: PAST AND PRESENT<\/p>\n<p style=\"text-align: center;\"><strong>\u00a0<\/strong><strong>Mar\u021bi, 22 iunie, 2021, 13.00 \u2013 17.00 \/<\/strong><\/p>\n<p style=\"text-align: center;\"><strong>Tuesday, June, 22, 2021, 13.00 \u2013 17.00<\/strong><\/p>\n<p style=\"text-align: center;\"><strong>Accesa\u021bi linkul \/ Access the link:<\/strong><\/p>\n<p style=\"text-align: center;\"><a href=\"https:\/\/meet.google.com\/uku-omth-pfq\"><strong><u>https:\/\/meet.google.com\/uku-omth-pfq<\/u><\/strong><\/a><\/p>\n<p>&nbsp;<\/p>\n<p style=\"text-align: center;\"><strong>SEC\u0162IUNEA III \/ SECTION III:<\/strong><\/p>\n<p style=\"text-align: center;\"><strong>COSTUMUL TRADI\u021aIONAL CA REFLEXIE A ISTORIEI ETNICE \u0218I FACTOR DE IMPACT IDENTITAR<\/strong><strong>\/<\/strong><\/p>\n<p style=\"text-align: center;\">\u041d\u0410\u0420\u041e\u0414\u041d\u042b\u0419 \u041a\u041e\u0421\u0422\u042e\u041c \u041a\u0410\u041a \u041e\u0422\u0420\u0410\u0416\u0415\u041d\u0418\u0415 \u042d\u0422\u041d\u0418\u0427\u0415\u0421\u041a\u041e\u0419 \u0418\u0421\u0422\u041e\u0420\u0418\u0418 \u0418 \u0424\u0410\u041a\u0422\u041e\u0420 \u0421\u041e\u0425\u0420\u0410\u041d\u0415\u041d\u0418\u042f \u0418\u0414\u0415\u041d\u0422\u0418\u0427\u041d\u041e\u0421\u0422\u0418<\/p>\n<p style=\"text-align: center;\"><strong>\u00a0<\/strong><strong>Mar\u021bi, 22 iunie, 2021, 13.00 \u2013 17.00 \/\u00a0<\/strong><strong>Tuesday, June, 22, 2021, 13.00 \u2013 17.00<\/strong><\/p>\n<p style=\"text-align: center;\"><strong>\u00a0<\/strong><strong>Access the link:<\/strong><\/p>\n<p style=\"text-align: center;\"><a href=\"https:\/\/meet.google.com\/nsx-ebmm-way\"><strong><u>https:\/\/meet.google.com\/nsx-ebmm-way<\/u><\/strong><\/a><\/p>\n<p style=\"text-align: center;\"><div class=\"ead-preview\"><div class=\"ead-document\" style=\"position: relative;width: 100%;height: 100%;border: none;min-height: 500px;\" data-pdf-src=\"http:\/\/ich.md\/wp-content\/uploads\/2021\/06\/Port.program.22.IUNIE_.2021.pdf\" data-viewer=\"browser\"><div class=\"ead-iframe-wrapper\"><iframe src=\"\/\/docs.google.com\/viewer?url=http%3A%2F%2Fich.md%2Fwp-content%2Fuploads%2F2021%2F06%2FPort.program.22.IUNIE_.2021.pdf&amp;embedded=true&amp;hl=en\" title=\"Embedded Document\" class=\"ead-iframe\" style=\"width: 100%;height: 100%;border: none;min-height: 500px;visibility: hidden;\"><\/iframe><\/div>\t\t\t<div class=\"ead-document-loading\" style=\"width:100%;height:100%;position:absolute;left:0;top:0;z-index:10;\">\n\t\t\t\t<div class=\"ead-loading-wrap\">\n\t\t\t\t\t<div class=\"ead-loading-main\">\n\t\t\t\t\t\t<div class=\"ead-loading\">\n\t\t\t\t\t\t\t<img src=\"https:\/\/ich.md\/wp-content\/plugins\/embed-any-document\/images\/loading.svg\" width=\"55\" height=\"55\" alt=\"Loader\">\n\t\t\t\t\t\t\t<span>Loading...<\/span>\n\t\t\t\t\t\t<\/div>\n\t\t\t\t\t<\/div>\n\t\t\t\t\t<div class=\"ead-loading-foot\">\n\t\t\t\t\t\t<div class=\"ead-loading-foot-title\">\n\t\t\t\t\t\t\t<img src=\"https:\/\/ich.md\/wp-content\/plugins\/embed-any-document\/images\/EAD-logo.svg\" alt=\"EAD Logo\" width=\"36\" height=\"23\"\/>\n\t\t\t\t\t\t\t<span>Taking too long?<\/span>\n\t\t\t\t\t\t<\/div>\n\t\t\t\t\t\t<p>\n\t\t\t\t\t\t\t<div class=\"ead-document-btn ead-reload-btn\" role=\"button\">\n\t\t\t\t\t\t\t\t<img src=\"https:\/\/ich.md\/wp-content\/plugins\/embed-any-document\/images\/reload.svg\" alt=\"Reload\" width=\"12\" height=\"12\"\/> Reload document\t\t\t\t\t\t\t<\/div>\n\t\t\t\t\t\t\t<span>|<\/span>\n\t\t\t\t\t\t\t<a href=\"#\" class=\"ead-document-btn\" target=\"_blank\">\n\t\t\t\t\t\t\t\t<img src=\"https:\/\/ich.md\/wp-content\/plugins\/embed-any-document\/images\/open.svg\" alt=\"Open\" width=\"12\" height=\"12\"\/> Open in new tab\t\t\t\t\t\t\t<\/a>\n\t\t\t\t\t<\/div>\n\t\t\t\t<\/div>\n\t\t\t<\/div>\n\t\t<\/div><p class=\"embed_download\"><a href=\"http:\/\/ich.md\/wp-content\/uploads\/2021\/06\/Port.program.22.IUNIE_.2021.pdf\" download >Download <\/a><\/p><\/div><\/p>\n<p style=\"text-align: center;\">Conferin\u021ba va fi transmis\u0103 online de c\u0103tre IDSI<\/p>\n<p><iframe loading=\"lazy\" width=\"1160\" height=\"870\" src=\"https:\/\/www.youtube.com\/embed\/OMnYZny3nrk?feature=oembed\" frameborder=\"0\" allow=\"accelerometer; autoplay; clipboard-write; encrypted-media; gyroscope; picture-in-picture\" allowfullscreen><\/iframe><\/p>\n","protected":false},"excerpt":{"rendered":"<p>La 22 iunie 2021, Institutului Patrimoniului Cultural \u00een parteneriat cu\u00a0Facultatea de Litere, Centrul Universitar Nord Din Baia Mare, Universitatea Tehnic\u0103 Din Cluj-Napoca, Rom\u00e2nia; Muzeul Na\u0163ional<span class=\"read-more-link\"><a class=\"read-more\" href=\"https:\/\/ich.md\/?p=5518\">Read More<\/a><\/span><\/p>\n","protected":false},"author":2,"featured_media":5531,"comment_status":"closed","ping_status":"closed","sticky":false,"template":"","format":"standard","meta":[],"categories":[10],"tags":[],"_links":{"self":[{"href":"https:\/\/ich.md\/index.php?rest_route=\/wp\/v2\/posts\/5518"}],"collection":[{"href":"https:\/\/ich.md\/index.php?rest_route=\/wp\/v2\/posts"}],"about":[{"href":"https:\/\/ich.md\/index.php?rest_route=\/wp\/v2\/types\/post"}],"author":[{"embeddable":true,"href":"https:\/\/ich.md\/index.php?rest_route=\/wp\/v2\/users\/2"}],"replies":[{"embeddable":true,"href":"https:\/\/ich.md\/index.php?rest_route=%2Fwp%2Fv2%2Fcomments&post=5518"}],"version-history":[{"count":8,"href":"https:\/\/ich.md\/index.php?rest_route=\/wp\/v2\/posts\/5518\/revisions"}],"predecessor-version":[{"id":5529,"href":"https:\/\/ich.md\/index.php?rest_route=\/wp\/v2\/posts\/5518\/revisions\/5529"}],"wp:featuredmedia":[{"embeddable":true,"href":"https:\/\/ich.md\/index.php?rest_route=\/wp\/v2\/media\/5531"}],"wp:attachment":[{"href":"https:\/\/ich.md\/index.php?rest_route=%2Fwp%2Fv2%2Fmedia&parent=5518"}],"wp:term":[{"taxonomy":"category","embeddable":true,"href":"https:\/\/ich.md\/index.php?rest_route=%2Fwp%2Fv2%2Fcategories&post=5518"},{"taxonomy":"post_tag","embeddable":true,"href":"https:\/\/ich.md\/index.php?rest_route=%2Fwp%2Fv2%2Ftags&post=5518"}],"curies":[{"name":"wp","href":"https:\/\/api.w.org\/{rel}","templated":true}]}}