{"id":5573,"date":"2021-08-27T09:48:34","date_gmt":"2021-08-27T06:48:34","guid":{"rendered":"http:\/\/ich.md\/?p=5573"},"modified":"2021-08-27T09:48:34","modified_gmt":"2021-08-27T06:48:34","slug":"mesaj-de-condoleante-adresat-doamnei-natalia-gradinaru","status":"publish","type":"post","link":"https:\/\/ich.md\/?p=5573","title":{"rendered":"Mesaj de condolean\u021be adresat doamnei Natalia Gr\u0103dinaru"},"content":{"rendered":"<p>Institutul Patrimoniului Cultural transmite profundul regret \u0219i cele mai sincere condolean\u021be colegei noastre Natalia Gr\u0103dinaru \u0219i familiei \u00eendoliate, \u00een leg\u0103tur\u0103 cu trecerea la cele ve\u0219nice a tat\u0103lui s\u0103u.<\/p>\n<p>Colectivul Institutului \u00ee\u0219i exprim\u0103 solidaritatea \u00een acest timp de profund\u0103 triste\u021be, sprijinindu-i cu g\u00e2ndul \u0219i cu inima pe cei \u00eendurera\u021bi.<\/p>\n<p>Dumnezeu s\u0103-i odihneasc\u0103 sufletul \u00een pace,\u00a0iar familiei s\u0103-i dea t\u0103ria s\u0103 treac\u0103 marea suferin\u021b\u0103 \u00een acest moment dureros.<\/p>\n","protected":false},"excerpt":{"rendered":"<p>Institutul Patrimoniului Cultural transmite profundul regret \u0219i cele mai sincere condolean\u021be colegei noastre Natalia Gr\u0103dinaru \u0219i familiei \u00eendoliate, \u00een leg\u0103tur\u0103 cu trecerea la cele ve\u0219nice<span class=\"read-more-link\"><a class=\"read-more\" href=\"https:\/\/ich.md\/?p=5573\">Read More<\/a><\/span><\/p>\n","protected":false},"author":2,"featured_media":5191,"comment_status":"closed","ping_status":"closed","sticky":false,"template":"","format":"standard","meta":[],"categories":[10],"tags":[],"_links":{"self":[{"href":"https:\/\/ich.md\/index.php?rest_route=\/wp\/v2\/posts\/5573"}],"collection":[{"href":"https:\/\/ich.md\/index.php?rest_route=\/wp\/v2\/posts"}],"about":[{"href":"https:\/\/ich.md\/index.php?rest_route=\/wp\/v2\/types\/post"}],"author":[{"embeddable":true,"href":"https:\/\/ich.md\/index.php?rest_route=\/wp\/v2\/users\/2"}],"replies":[{"embeddable":true,"href":"https:\/\/ich.md\/index.php?rest_route=%2Fwp%2Fv2%2Fcomments&post=5573"}],"version-history":[{"count":1,"href":"https:\/\/ich.md\/index.php?rest_route=\/wp\/v2\/posts\/5573\/revisions"}],"predecessor-version":[{"id":5574,"href":"https:\/\/ich.md\/index.php?rest_route=\/wp\/v2\/posts\/5573\/revisions\/5574"}],"wp:featuredmedia":[{"embeddable":true,"href":"https:\/\/ich.md\/index.php?rest_route=\/wp\/v2\/media\/5191"}],"wp:attachment":[{"href":"https:\/\/ich.md\/index.php?rest_route=%2Fwp%2Fv2%2Fmedia&parent=5573"}],"wp:term":[{"taxonomy":"category","embeddable":true,"href":"https:\/\/ich.md\/index.php?rest_route=%2Fwp%2Fv2%2Fcategories&post=5573"},{"taxonomy":"post_tag","embeddable":true,"href":"https:\/\/ich.md\/index.php?rest_route=%2Fwp%2Fv2%2Ftags&post=5573"}],"curies":[{"name":"wp","href":"https:\/\/api.w.org\/{rel}","templated":true}]}}