{"id":5680,"date":"2021-10-06T12:36:14","date_gmt":"2021-10-06T09:36:14","guid":{"rendered":"http:\/\/ich.md\/?p=5680"},"modified":"2021-10-06T13:00:03","modified_gmt":"2021-10-06T10:00:03","slug":"masa-rotunda-metodologii-si-tehnici-moderne-de-cercetare-etnologica-editia-a-ii-a","status":"publish","type":"post","link":"https:\/\/ich.md\/?p=5680","title":{"rendered":"Masa rotund\u0103 Metodologii \u0219i tehnici moderne  de cercetare etnologic\u0103 Edi\u021bia a II-a"},"content":{"rendered":"<p style=\"text-align: center;\"><strong>PROGRAM:<\/strong><\/p>\n<p style=\"text-align: center;\"><strong>\u00a0<\/strong><strong>Mar\u021bi, 12 octombrie 2021<\/strong><\/p>\n<p style=\"text-align: center;\"><strong>9.30 \u2013 12.30<\/strong><\/p>\n<p style=\"text-align: center;\"><strong>\u00a0<\/strong><strong>Accesa\u021bi linkul: <\/strong><\/p>\n<p style=\"text-align: center;\"><strong><a href=\"https:\/\/meet.google.com\/vek-edzo-xjf\">https:\/\/meet.google.com\/vek-edzo-xjf<\/a><\/strong><\/p>\n<p style=\"text-align: center;\"><strong>\u00a0<\/strong><\/p>\n<p style=\"text-align: center;\"><strong>Moderator:<\/strong><\/p>\n<p style=\"text-align: center;\">Dr. Natalia GR\u0102DINARU,\u00a0secretar \u0219tiin\u021bific al IPC<\/p>\n<p style=\"text-align: center;\"><strong>Mesaj de salut:<\/strong><\/p>\n<p style=\"text-align: center;\">Dr. Adrian DOLGHI, \u00a0director adjunct pentru activitatea \u0219tiin\u021bific\u0103 al IPC<\/p>\n<p style=\"text-align: center;\"><strong>Comunic\u0103ri<\/strong><\/p>\n<p style=\"text-align: center;\"><strong>\u00a0<\/strong>Raisa OSADCI<\/p>\n<p style=\"text-align: center;\"><strong>Cercet\u0103ri etnografice de teren: aspecte metodologice<\/strong><\/p>\n<p style=\"text-align: center;\">Dr. Natalia GR\u0102DINARU<\/p>\n<p style=\"text-align: center;\"><strong>Perceperea \u201eceluilalt\u201d \u00een cadrul cercet\u0103rilor etnografice de teren<\/strong><\/p>\n<p style=\"text-align: center;\">Dr. Nina IVANOVA<\/p>\n<p style=\"text-align: center;\"><strong>Antropologia urban\u0103: metodele principale de cercetare\u00a0<\/strong><strong>a ora\u0219ului \u0219i particularit\u0103\u021bile metodologice<\/strong><\/p>\n<p style=\"text-align: center;\">Dr. Diana NICOGLO<\/p>\n<p style=\"text-align: center;\"><strong>Cercetarea transform\u0103rilor socio-culturale, cauzate de pandemia COVID-19 \u00een Republica Moldova (abord\u0103ri teoretice\u00a0<\/strong><strong>\u0219i metodologice \u00een cadrul proiectului bilateral moldo-turc,\u00a0<\/strong><strong>propus de IPC)<\/strong><\/p>\n<p style=\"text-align: center;\">Drd. Alexei ROMANCIUC<\/p>\n<p style=\"text-align: center;\"><strong>Antropologia cultural\u0103 \u0219i economic\u0103 modern\u0103:\u00a0<\/strong><strong>unele direc\u021bii de cercetare de perspectiv\u0103<\/strong><\/p>\n<p style=\"text-align: center;\">Dr. Adrian DOLGHI<\/p>\n<p style=\"text-align: center;\"><strong>\u201eEtnologia sovieticit\u0103\u021bii\u201d ca direc\u021bie de cercetare\u00a0<\/strong><strong>\u00een Republica Moldova<\/strong><\/p>\n<p style=\"text-align: center;\">Dr. Oleg GALU\u0218CENCO<\/p>\n<p style=\"text-align: center;\"><strong>Desf\u0103\u0219urarea Recens\u0103m\u00e2ntului unional din anul 1926\u00a0<\/strong><strong>\u00een RASS Moldoveneasc\u0103: aspecte metodologice<\/strong><\/p>\n<p style=\"text-align: center;\">Dr. Irina CAUNENCO<\/p>\n<p style=\"text-align: center;\"><strong>Metode de cercetare calitativ\u0103 \u00een etnopsihologie:\u00a0<\/strong><strong>clasicul sau inovarea (\u00een baza exemplelor axate\u00a0<\/strong><strong>pe percep\u021bia perspectivei temporale)<\/strong><\/p>\n<p>&nbsp;<\/p>\n<div class=\"ead-preview\"><div class=\"ead-document\" style=\"position: relative;width: 100%;height: 100%;border: none;min-height: 500px;\" data-pdf-src=\"http:\/\/ich.md\/wp-content\/uploads\/2021\/10\/Masa-Rotunda.RED_.FINAL_.-2.pdf\" data-viewer=\"browser\"><div class=\"ead-iframe-wrapper\"><iframe src=\"\/\/docs.google.com\/viewer?url=http%3A%2F%2Fich.md%2Fwp-content%2Fuploads%2F2021%2F10%2FMasa-Rotunda.RED_.FINAL_.-2.pdf&amp;embedded=true&amp;hl=en\" title=\"Embedded Document\" class=\"ead-iframe\" style=\"width: 100%;height: 100%;border: none;min-height: 500px;visibility: hidden;\"><\/iframe><\/div>\t\t\t<div class=\"ead-document-loading\" style=\"width:100%;height:100%;position:absolute;left:0;top:0;z-index:10;\">\n\t\t\t\t<div class=\"ead-loading-wrap\">\n\t\t\t\t\t<div class=\"ead-loading-main\">\n\t\t\t\t\t\t<div class=\"ead-loading\">\n\t\t\t\t\t\t\t<img src=\"https:\/\/ich.md\/wp-content\/plugins\/embed-any-document\/images\/loading.svg\" width=\"55\" height=\"55\" alt=\"Loader\">\n\t\t\t\t\t\t\t<span>Loading...<\/span>\n\t\t\t\t\t\t<\/div>\n\t\t\t\t\t<\/div>\n\t\t\t\t\t<div class=\"ead-loading-foot\">\n\t\t\t\t\t\t<div class=\"ead-loading-foot-title\">\n\t\t\t\t\t\t\t<img src=\"https:\/\/ich.md\/wp-content\/plugins\/embed-any-document\/images\/EAD-logo.svg\" alt=\"EAD Logo\" width=\"36\" height=\"23\"\/>\n\t\t\t\t\t\t\t<span>Taking too long?<\/span>\n\t\t\t\t\t\t<\/div>\n\t\t\t\t\t\t<p>\n\t\t\t\t\t\t\t<div class=\"ead-document-btn ead-reload-btn\" role=\"button\">\n\t\t\t\t\t\t\t\t<img src=\"https:\/\/ich.md\/wp-content\/plugins\/embed-any-document\/images\/reload.svg\" alt=\"Reload\" width=\"12\" height=\"12\"\/> Reload document\t\t\t\t\t\t\t<\/div>\n\t\t\t\t\t\t\t<span>|<\/span>\n\t\t\t\t\t\t\t<a href=\"#\" class=\"ead-document-btn\" target=\"_blank\">\n\t\t\t\t\t\t\t\t<img src=\"https:\/\/ich.md\/wp-content\/plugins\/embed-any-document\/images\/open.svg\" alt=\"Open\" width=\"12\" height=\"12\"\/> Open in new tab\t\t\t\t\t\t\t<\/a>\n\t\t\t\t\t<\/div>\n\t\t\t\t<\/div>\n\t\t\t<\/div>\n\t\t<\/div><p class=\"embed_download\"><a href=\"http:\/\/ich.md\/wp-content\/uploads\/2021\/10\/Masa-Rotunda.RED_.FINAL_.-2.pdf\" download >Download <\/a><\/p><\/div>\n","protected":false},"excerpt":{"rendered":"<p>PROGRAM: \u00a0Mar\u021bi, 12 octombrie 2021 9.30 \u2013 12.30 \u00a0Accesa\u021bi linkul: https:\/\/meet.google.com\/vek-edzo-xjf \u00a0 Moderator: Dr. Natalia GR\u0102DINARU,\u00a0secretar \u0219tiin\u021bific al IPC Mesaj de salut: Dr. Adrian DOLGHI,<span class=\"read-more-link\"><a class=\"read-more\" href=\"https:\/\/ich.md\/?p=5680\">Read More<\/a><\/span><\/p>\n","protected":false},"author":2,"featured_media":5682,"comment_status":"closed","ping_status":"closed","sticky":false,"template":"","format":"standard","meta":[],"categories":[10],"tags":[],"_links":{"self":[{"href":"https:\/\/ich.md\/index.php?rest_route=\/wp\/v2\/posts\/5680"}],"collection":[{"href":"https:\/\/ich.md\/index.php?rest_route=\/wp\/v2\/posts"}],"about":[{"href":"https:\/\/ich.md\/index.php?rest_route=\/wp\/v2\/types\/post"}],"author":[{"embeddable":true,"href":"https:\/\/ich.md\/index.php?rest_route=\/wp\/v2\/users\/2"}],"replies":[{"embeddable":true,"href":"https:\/\/ich.md\/index.php?rest_route=%2Fwp%2Fv2%2Fcomments&post=5680"}],"version-history":[{"count":3,"href":"https:\/\/ich.md\/index.php?rest_route=\/wp\/v2\/posts\/5680\/revisions"}],"predecessor-version":[{"id":5685,"href":"https:\/\/ich.md\/index.php?rest_route=\/wp\/v2\/posts\/5680\/revisions\/5685"}],"wp:featuredmedia":[{"embeddable":true,"href":"https:\/\/ich.md\/index.php?rest_route=\/wp\/v2\/media\/5682"}],"wp:attachment":[{"href":"https:\/\/ich.md\/index.php?rest_route=%2Fwp%2Fv2%2Fmedia&parent=5680"}],"wp:term":[{"taxonomy":"category","embeddable":true,"href":"https:\/\/ich.md\/index.php?rest_route=%2Fwp%2Fv2%2Fcategories&post=5680"},{"taxonomy":"post_tag","embeddable":true,"href":"https:\/\/ich.md\/index.php?rest_route=%2Fwp%2Fv2%2Ftags&post=5680"}],"curies":[{"name":"wp","href":"https:\/\/api.w.org\/{rel}","templated":true}]}}