{"id":5719,"date":"2021-11-03T12:48:44","date_gmt":"2021-11-03T10:48:44","guid":{"rendered":"http:\/\/ich.md\/?p=5719"},"modified":"2021-11-08T09:52:31","modified_gmt":"2021-11-08T07:52:31","slug":"celebrarea-celei-de-a-xi-a-editie-a-zilei-stiintei","status":"publish","type":"post","link":"https:\/\/ich.md\/?p=5719","title":{"rendered":"Felicit\u0103ri cu ocazia celei de-a XI-a edi\u021bie a Zilei \u0218tiin\u021bei: Unele rezultate ale IPC"},"content":{"rendered":"<p style=\"text-align: center;\"><strong>Stima\u021bi colegi, V\u0103 felicit\u0103m cu ocazia Zilei \u0218tiin\u021bei, V\u0103 dorim mult\u0103 s\u0103n\u0103tate \u0219i succese \u00een cercetare !\u00a0<\/strong><\/p>\n<p>Institutul Patrimoniului Cultural este o organiza\u021bie de drept public din sfera \u0219tiin\u021bei \u0219i inov\u0103rii, fondat prin Hot\u0103r\u00e2rea Guvernului R. Moldova nr. 1326 din 14.12.2005 \u201eCu privire la m\u0103surile de optimizare a infrastructurii sferei \u0219tiin\u021bei \u0219i inov\u0103rii\u201d prin contopirea Institutului de Arheologie \u0219i Etnologie al A\u015eM, Institutului de Cercet\u0103ri Interetnice al A\u015eM \u015fi Institutului Studiul Artelor al A\u015eM. Num\u0103rul de identificare de stat: 1006600034042. Institutul a fost reacreditat \u00een anul 2010 prin Hot\u0103r\u00eerea nr.AC-03\/1 din 27 mai 2010 (Certificatul de acreditare seria I nr.034).<\/p>\n<p>Scopul Institutului este organizarea \u0219i efectuarea investiga\u021biilor \u0219tiin\u021bifice fundamentale \u0219i cu caracter aplicativ \u00een domeniul Patrimoniului etno-cultural, arheologic \u0219i artistic al R. Moldova, av\u00e2nd misiunea fundamental\u0103 de a contribui la dezvoltarea durabil\u0103 a \u021b\u0103rii \u00een baza rezultatelor activit\u0103\u021bii de cercetare \u2013 dezvoltare, la promovarea \u0219i implementarea valorilor \u0219tiin\u021bifice \u0219i culturale ob\u021binute \u00een plan na\u021bional \u0219i interna\u021bional.<\/p>\n<p>\u00cen cadrul Institutului activeaz\u0103 Consiliul \u015ftiin\u0163ific, care include 20 membri. Structura Institutului include:<\/p>\n<p><strong><em>&#8211; Centrul de cercet\u0103ri \u0219tiin\u021bifice \u00een domeniul Etnologiei<\/em><\/strong><em> (Centrul Etnologie), divizat \u00een sec\u0163ii: Sec\u0163ia Etnolgie rom\u00e2neasc\u0103; Sec\u0163ia Procese etnoculturale \u0219i rela\u021bii interetnice;<\/em><\/p>\n<p><strong><em>&#8211; Centrul de cercet\u0103ri \u0219tiin\u021bifice \u00een domeniul Artelor<\/em><\/strong><em> (Centrul Studiul Artelor) divizat \u00een sec\u021bii: Sec\u021bia Arte vizuale; Sec\u021bia Arte audio-vizuale.<\/em><\/p>\n<p>Centrul de Etnologie \u00ee\u0219i traseaz\u0103 activitatea pe efectuarea investiga\u0163iilor \u00een domeniului etnologiei, prin prisma studierii multilaterale a culturii imateriale \u015fi patrimoniului etnografic mobil al moldovenilor\/rom\u00e2nilor \u015fi comunit\u0103\u0163ilor etnice conlocuitoare din Republica Moldova. \u00cen baza cercet\u0103rilor etnografice de teren \u015fi analizei interdisciplinare a materialelor \u015ftiin\u0163ifice cu caracter etnologic, au fost ob\u0163inute rezultate esen\u0163iale noi privitor la studierea originii, evolu\u0163iei istorice, tradi\u0163iilor, culturii materiale \u015fi imateriale ale etniei titulare (moldoveni\/rom\u00e2ni) \u015fi comunit\u0103\u0163ilor etnice conlocuitoare din Republica Moldova. Rezultatele cercet\u0103rilor etnologice contribuie la fundamentarea \u015ftiin\u0163ific\u0103 a politicilor de stat \u00een domeniul etnocultural, la fortificarea spiritului identitar na\u0163ional \u015fi European a cet\u0103\u0163enilor Republicii Moldova.<\/p>\n<p>Centrul Studiul Artelor are menirea de a realiza cercet\u0103ri fundamentale \u00een domeniul istoriei \u015fi teoriei artelor na\u0163ionale, elabor\u00e2nd \u015fi public\u00e2nd lucr\u0103ri \u015ftiin\u0163ifice sub form\u0103 de monografii, studii de sintez\u0103, articole \u015ftiin\u0163ifice \u00een artele plastice, muzicale, teatrale, cinematografie \u015fi arhitectur\u0103 \u015fi de a difuza rezultatele prin publica\u0163ii, consultan\u0163\u0103, sesiuni \u015ftiin\u0163ifice na\u0163ionale \u015fi interna\u0163ionale.<\/p>\n<p>Institutul Patrimoniului Cultural de\u021bine o <strong>experien\u021b\u0103<\/strong> bogat\u0103 <strong>\u00een editarea revistelor \u0219tiin\u021bifice<\/strong>; toate fiind incluse \u00een baza de date Scopus.<\/p>\n<p>Anual Institutul editeaz\u0103 c\u00e2te dou\u0103 numere de revist\u0103 la fiecare specialitate:<\/p>\n<ul>\n<li>Revista Arheologic\u0103. Serie nou\u0103. ISSN 1857-016X. Categoria A<\/li>\n<li>Revista de etnologie \u015fi culturologie. ISSN 1857-2049. Categoria A<\/li>\n<li>Arta (\u00een dou\u0103 fascicole: Arta vizual\u0103; Arta audio-vizual\u0103). Categoria A.<\/li>\n<\/ul>\n<p>\u00cen cadrul IPCau fost realizate mai mult de 30 de proiecte de cercetare (vezi Anexa 1. Tabel. nr. 1, 2, 3); respectiv: 17 proiecte institu\u0163ionale de cercetare pe profiluri (tab.1); 2 proiecte \u00een cadrul programelor de stat; 9 proiecte interna\u0163ionale (tab.2); 3 proiecte pentru tineri cercet\u0103tori; 1 proiect de transfer tehnologic \u0219i 5 contracte economice.<\/p>\n<p>Pe l\u00e2ng\u0103 proiectele na\u0163ionale finan\u0163ate din bugetul de stat \u0219i interna\u021bionale IPC s-a implicat \u00eentr-un \u015fir de contracte economice (tab. 5).<\/p>\n<p><strong>\u00a0<\/strong><\/p>\n<p><strong>REZULTATELE \u0218TIIN\u021aIFICE <\/strong><\/p>\n<p>Cercet\u0103rile din cadrul proiectelor institu\u021bionale s-au soldat cu elaborarea \u0219i publicarea a <strong>127 de monografii<\/strong>, 21 culegeri tematice, 37 de manuale, 9 ghiduri \u0219i dic\u021bionare, 21 articole cu factor de impact, 418 articole \u00een str\u0103in\u0103tate, 874 de articole \u00een culegeri \u00een str\u0103in\u0103tate, 487 de articole \u00een culegeri na\u021bionale, 97 de articole \u00een reviste categoria A, 18 articole \u00een reviste categoria B+, 291 articole \u00een reviste categoria B, 150 articole \u00een categoria C, 229 de articole \u00een alte reviste na\u021bionale, 449 articole \u00een volume na\u021bionale recenzate, 1574 materiale \u0219i rezumate ale conferin\u021belor, editate at\u00e2t \u00een \u0163ar\u0103, c\u00e2t \u015fi peste hotare.<\/p>\n<p>Printre <em>rezultatele \u015ftiin\u0163ifice de valoare<\/em> ob\u0163inute \u015fi implementate de <em>Centrul Studiul Artelor<\/em> al IPC pot fi men\u0163ionate:<\/p>\n<p>Monografiile <em>Dimitrie Cantemir-muzicianul \u00een contextul culturii universale <\/em>(V. Ghila\u015f), <em>Filonul bizantin \u00een cultura muzical\u0103 na\u0163ional\u0103<\/em> (V. Galaicu), <em>Maria Cebotari stea r\u0103t\u0103citoare<\/em> (A. D\u0103nil\u0103), <em>Anatol Codru. Mitul personal<\/em> (dr. D. Ol\u0103rescu, coord.), <em>Teatrul Na\u0163ional prin prisma crea\u0163iei<\/em> <em>artistice a unor regizori \u015fi actori<\/em> (E. Coroliova), <em>Hermeneutica filmului despre art\u0103<\/em> (D. Ol\u0103rescu), <em>Emil Loteanu: Splendoarea \u015fi pr\u0103bu\u015firea visului romantic<\/em> (A.-M. Pl\u0103m\u0103deal\u0103), <em>Dialogul intercultural \u00een muzica nou\u0103 din Republica Moldova. Iradieri ale Festivalului Zilele Muzicii Noi<\/em> (V. Barbas), <em>Arti\u015fti notorii ai scenei lirice na\u0163ionale. Soprana Anastasia Dicescu<\/em> (V. Ghila\u015f, A. D\u0103nil\u0103), <em>Discursul teatral \u2013 \u00eentre text \u0219i contexte<\/em> (Ghila\u015f A.), <em>Ispr\u0103vile lui Gugu\u0163\u0103 \u00een viziune cinematografic\u0103 <\/em>(V.Tipa), <em>Cet\u0103\u0163ile bastionare din Moldova<\/em> (M. \u015elapac), <em>Compozi\u0163ii tematice \u00een sculptura moldoveneasc\u0103<\/em> (anii 1940\u20132010) (A. Marian), <em>\u0410\u0440\u0445\u0438\u0442\u0435\u043a\u0442\u043e\u0440\u044b<\/em> <em>\u0411\u0435\u0441\u0441\u0430\u0440\u0430\u0431\u0438\u0438<\/em> (\u043f\u0435\u0440\u0432\u0430\u044f \u043f\u043e\u043b\u043e\u0432\u0438\u043d\u0430 XIX \u0432\u0435\u043a\u0430) (Ceastina A.), <em>Mihail Grecu. 100 de ani de la na\u015ftere<\/em> (L. Toma) \u0219.a.<\/p>\n<p>Printre rezultatele \u015ftiin\u0163ifice de valoare ob\u0163inute \u015fi implementate de <em>Centrul de Arheologie <\/em>al IPC sunt:<\/p>\n<p>Monografiile<em> Piese de podoab\u0103 \u015fi vestimenta\u0163ie din Moldova \u015fi \u0162ara Rom\u00e2neasc\u0103 \u00een contextul rela\u0163iilor cultural-istorice (secolele XIV-XVII) <\/em>(S. Reab\u021beva), <em>\u0414\u0443\u0431\u043e\u0441\u0441\u0430\u0440\u0441\u043a\u0438\u0435<\/em> <em>\u043a\u0443\u0440\u0433\u0430\u043d\u044b<\/em> (\u0412.\u0421. \u0421\u0438\u043d\u0438\u043a\u0430, \u0421.\u041d. \u0420\u0430\u0437\u0443\u043c\u043e\u0432, \u041d.\u041f. \u0422\u0435\u043b\u044c\u043d\u043e\u0432), <em>Vestigii arheologice pe traseul S\u0103r\u0103teni-Soroca<\/em> (V. Vornic, S. Bodean), studiul monografic <em>\u041c\u043d\u043e\u0433\u043e\u0441\u043b\u043e\u0439\u043d\u0430\u044f<\/em> <em>\u043f\u0430\u043b\u0435\u043e\u043b\u0438\u0442\u0438\u0447\u0435\u0441\u043a\u0430\u044f<\/em> <em>\u0441\u0442\u043e\u044f\u043d\u043a\u0430<\/em> <em>\u0432<\/em> <em>\u0433\u0440\u043e\u0442\u0435<\/em> <em>\u0421\u0442\u0430\u0440\u044b\u0435<\/em> <em>\u0414\u0443\u0440\u0443\u0438\u0442\u043e\u0440\u044b<\/em> <em>\u0438<\/em> <em>\u043c\u0435\u0441\u0442\u043e<\/em> <em>\u0435\u0435<\/em> <em>\u043a\u0430\u043c\u0435\u043d\u043d\u044b\u0445<\/em> <em>\u0438\u043d\u0434\u0443\u0441\u0442\u0440\u0438\u0439<\/em> <em>\u0432<\/em> <em>\u0440\u0430\u043d\u043d\u0435\u043c<\/em> <em>\u0438<\/em> <em>\u0441\u0440\u0435\u0434\u043d\u0435\u043c<\/em> <em>\u043f\u0430\u043b\u0435\u043e\u043b\u0438\u0442\u0435<\/em> <em>\u0415\u0432\u0440\u043e\u043f\u044b<\/em> (\u041d.\u041a. \u0410\u043d\u0438\u0441\u044e\u0442\u043a\u0438\u043d, \u041d.\u0410. \u041a\u0435\u0442\u0440\u0430\u0440\u0443, C.\u0418. \u041a\u043e\u0432\u0430\u043b\u0435\u043d\u043a\u043e), <em>Monumente ale culturii band-liniare din Republica Moldova<\/em> (O. Larina, V. Dergaciov), \u0421\u043a\u0438\u0444\u0441\u043a\u0438\u0439 \u043c\u043e\u0433\u0438\u043b\u044c\u043d\u0438\u043a III-II \u0432\u0432. \u0434\u043e \u043d.\u044d. \u0443 \u0441. \u0413\u043b\u0438\u043d\u043e\u0435 (\u041d.\u041f \u0422\u0435\u043b\u044c\u043d\u043e\u0432, \u0418.\u0410. \u0427\u0435\u0442\u0432\u0435\u0440\u0438\u043a\u043e\u0432, \u0412.\u0421. \u0421\u0438\u043d\u0438\u043a\u0430) \u0219.a.<\/p>\n<p>Printre rezultatele \u015ftiin\u0163ifice de valoare ob\u0163inute \u015fi implementate de <em>Centrul de Etnologie<\/em> al IPC pot fi men\u0163ionate: <em>Cromatica tradi\u0163ional\u0103 rom\u00e2neasc\u0103 (Terminologia, modalit\u0103\u0163ile de dob\u00e2ndire \u015fi func\u0163ionalitate a coloran\u0163ilor naturali \u00een spa\u0163iul carpato-danubiano-pontic)<\/em> (Z. \u015eofransky, V. \u015eofransky)<em>, Cuno\u015ftin\u0163e \u015fi practici de medicin\u0103 popular\u0103 din Basarabia. Aspecte istorico-etnografice.<\/em> (N. Gr\u0103dinaru), <em>\u041a\u0430\u043b\u0435\u043d\u0434\u0430\u0440\u043d\u0430\u044f<\/em><em> \u043e\u0431\u0440\u044f\u0434\u043d\u043e\u0441\u0442\u044c<\/em><em> \u0431\u043e\u043b\u0433\u0430\u0440<\/em><em> \u0420\u0435\u0441\u043f\u0443\u0431\u043b\u0438\u043a\u0438<\/em><em> \u041c\u043e\u043b\u0434\u043e\u0432\u0430<\/em> (\u0410. \u041a\u043e\u0432\u0430\u043b\u043e\u0432), <em>Peisajul cultural rural dintre Prut \u015fi Nistru. Aspecte etnogeografice<\/em>. (D. Onica), <em>Coloniile bulgarilor \u00een Basarabia (1774-1856) <\/em>(I. Duminica), <em>\u0424\u0435\u043d\u043e\u043c\u0435\u043d<\/em><em> \u0433\u0443\u043c\u0430\u043d\u0438\u0437\u0430\u0446\u0438\u0438<\/em><em> \u043c\u0438\u0444\u0430<\/em><em> \u0432<\/em><em> \u0438\u043d\u0442\u0435\u043b\u043b\u0435\u043a\u0442\u0443\u0430\u043b\u044c\u043d\u043e\u0439<\/em><em> \u043f\u0440\u043e\u0437\u0435<\/em><em> XX \u0432\u0435\u043a\u0430<\/em> (\u0416. K\u0443\u0448\u043d\u0438\u0440), <em>\u0413\u0430\u0433\u0430\u0443\u0437\u044b<\/em><em> \u0432<\/em><em> \u044d\u0442\u043d\u043e\u043a\u0443\u043b\u044c\u0442\u0443\u0440\u043d\u043e\u043c<\/em><em> \u043f\u0440\u043e\u0441\u0442\u0440\u0430\u043d\u0441\u0442\u0432\u0435<\/em><em> \u041c\u043e\u043b\u0434\u043e\u0432\u044b<\/em><em> (\u041d\u0430\u0440\u043e\u0434\u043d\u0430\u044f<\/em><em> \u043a\u0443\u043b\u044c\u0442\u0443\u0440\u0430<\/em><em> \u0438<\/em><em> \u044d\u0442\u043d\u0438\u0447\u0435\u0441\u043a\u043e\u0435<\/em><em> \u0441\u0430\u043c\u043e\u0441\u043e\u0437\u043d\u0430\u043d\u0438\u0435<\/em><em> \u0433\u0430\u0433\u0430\u0443\u0437\u043e\u0432<\/em><em> \u0441\u043a\u0432\u043e\u0437\u044c<\/em><em> \u043f\u0440\u0438\u0437\u043c\u0443<\/em><em> \u0441\u0432\u044f\u0437\u0438<\/em><em> \u0432\u0440\u0435\u043c\u0435\u043d<\/em><em>)<\/em> (E. \u041a\u0432\u0438\u043b\u0438\u043d\u043a\u043e\u0432\u0430), <em>\u041f\u0430\u043c\u044f\u0442\u043d\u0438\u043a\u0438<\/em><em> \u043c\u043e\u043b\u0434\u0430\u0432\u0441\u043a\u043e<\/em><em>-\u0440\u043e\u0441\u0441\u0438\u0439\u0441\u043a\u0438\u0445<\/em><em> \u0438\u0441\u0442\u043e\u0440\u0438\u0447\u0435\u0441\u043a\u0438\u0445<\/em><em> \u0441\u0432\u044f\u0437\u0435\u0439<\/em><em> \u043d\u0430<\/em><em> \u0442\u0435\u0440\u0440\u0438\u0442\u043e\u0440\u0438\u0438<\/em><em> \u041c\u043e\u043b\u0434\u043e\u0432\u044b<\/em> (\u0412. \u0426\u0432\u0438\u0440\u043a\u0443\u043d), P\u00e2inea \u00een cultura tradi\u021bional\u0103 a g\u0103g\u0103uzilor (E. Sorocean) \u0219.a.<\/p>\n<p>Cercet\u0103torii au fost antrena\u021bi, de asemenea, \u00een: <strong>activit\u0103\u021bi de expertiz\u0103, activit\u0103\u021bi de instruire \u0219i de preg\u0103tire a cadrelor \u015ftiin\u0163ifice<\/strong> (\u00een perioada 2010-2021 <strong>33<\/strong> cercet\u0103tori a sus\u0163inut <strong>teza de doctorat<\/strong> \u0219i <strong>3 teze<\/strong> <strong>de doctor habilitat)\u00a0;<\/strong><\/p>\n<ul>\n<li><strong>diseminare a rezultatelor cercet\u0103rii (<\/strong>au fost \u00eenregistrate peste 800 de emisiuni Radio\/TV, publicate 491 de articole de popularizare a \u0219tiin\u021bei, prezentate peste 52 de lec\u021bii publice; Institutul a organizat \u00een ultimii zece ani peste 70 de manifest\u0103ri \u0219tiin\u021bifice na\u021bionale \u0219i interna\u021bionale.<\/li>\n<\/ul>\n<p><strong>\u00a0Evenimente: <\/strong>\u00cen cadrul IPC sunt anual realizate diverse activit\u0103\u021bi cu caracter \u0219tiin\u021bific de nivel na\u021bional \u0219i interna\u021bional. Men\u021bionam doar manifesta\u021biile \u0219tiintifice de rezonan\u021b\u0103: Conferin\u021ba \u0219tiin\u021bific\u0103 interna\u021bional\u0103 \u201e<em>Patrimoniul cultural: cercetare, valorificare, promovare<\/em>\u201d, aflat\u0103 la edia\u021bia XIII\u00a0; \u00ab\u041c\u0435\u0436\u0434\u0443\u043d\u0430\u0440\u043e\u0434\u043d\u0430\u044f \u043d\u0430\u0443\u0447\u043d\u0430\u044f \u043a\u043e\u043d\u0444\u0435\u0440\u0435\u043d\u0446\u0438\u044f: \u00ab<em>\u042d\u0442\u043d\u043e\u043b\u043e\u0433\u0438\u0447\u0435\u0441\u043a\u043e\u0435 \u043d\u0430\u0441\u043b\u0435\u0434\u0438\u0435: \u043a\u043e\u043d\u0446\u0435\u043f\u0446\u0438\u0438, \u0442\u0435\u043d\u0434\u0435\u043d\u0446\u0438\u0438 \u0438 \u043f\u043e\u0434\u0445\u043e\u0434\u044b<\/em>\u00bb, 2017\u00a0; Simpozionului na\u021bional de Studii Culturale, dedicat Zilelor Europene ale Patrimoniului, aflat la edia\u021bia III; Simpozionul \u0219tiin\u021bific \u201e<em>Rela\u021biile etnoculturale moldo-ucrainene \u00een aspect sincronic \u015fi diacronic<\/em>\u201d, aflat la edia\u021bia VI; Simpozionul de Etnologie: tradi\u021bii \u0219i procese etnice, aflat la edia\u021bia II; Conferin\u021ba \u0219tiin\u021bific\u0103 na\u021bional\u0103 cu participare interna\u021bional\u0103: Valorificarea patrimoniului etnocultural \u00een cercetare \u0219i educa\u021bie. aflat la edia\u021bia VI; Conferin\u021ba \u0218tiin\u021bific\u0103 na\u021bional\u0103 cu participare interna\u021bional\u0103 portul popular \u2013 expresie a istoriei \u0219i culturii neamului.<\/p>\n<p><strong>Recunoa\u0219terea rezultatelor activit\u0103\u0163ii cercet\u0103torilor<\/strong><\/p>\n<p>Institutul are un poten\u021bial intelectual valoros, unele personalit\u0103\u021bi fiind apreciate de c\u0103tre mai multe institu\u021bii din \u021bar\u0103 \u0219i de peste hotare (membr. cor. M. \u0218lapac, dr. hab. V. Ghila\u0219, dr. hab. Stavil\u0103 T., dr. hab. T. Stavil\u0103, dr. hab. C. Sp\u00eenu, dr. hab. A.-M. Pl\u0103m\u0103deal\u0103, dr. hab. Z. \u0218ofransky). Pentru activitate vast\u0103 \u0219i realiz\u0103ri meritorii, acestea s-au \u00eenvrednicit de cele mai \u00eenalte distin\u021bii.<\/p>\n<p><strong>\u00a0\u00cen str\u0103in\u0103tate: <\/strong>membr. cor. M. \u0218lapac <em>\u2013 Premiul Academiei Rom\u00e2ne \u201eM. Kog\u0103lniceanu\u201d<\/em> (2018); dr. hab. V. Ghila\u0219 \u2013 <em>Premiul \u201cC. Br\u0103iloiu\u201d al \u00a0ICR M. Eminescu <\/em>(2017); dr. hab. Z. \u0218ofransky \u2013 <em>Premiul Simion Florea Marian<\/em>, Academia Rom\u00e2n\u0103 (2014); dr. hab. T. Stavil\u0103 \u2013 <em>Medalia comemorativ\u0103 a or. <\/em><em>Vernes-les- Bains<\/em> (2016) \u0219.a.<\/p>\n<p><strong>\u00cen \u021bar\u0103:<\/strong><\/p>\n<p>Dr. hab. V. Ghila\u015f (2016), dr. D. Ol\u0103rescu (2017), dr. E. Koroliova \u2013 <em>Medalia A\u015eM Dmitrie Cantemir<\/em>; m.cor., dr. hab. M. \u015elapac <em>\u2013 Medalia \u201e70 ani \u2013 Academia de \u015etiin\u0163e a Moldovei\u201d <\/em>(2016); dr. E. Soroceanu \u2013 <em>Medalia \u201eGagauz-Yeri \u2013 15 YIL<\/em> (2010); dr. D. Ol\u0103rescu \u2013 <em>Ordinul de Onoare<\/em> (2011); m. cor., dr. hab M. \u0218lapac\u2013 <em>Diploma de onoare a Pre\u015fedintelui Republicii Moldova<\/em>; dr. hab. C. Sp\u00eenu (2019), dr. D. Ol\u0103rescu (2017) \u2013 Diploma Guvernului; dr. hab. V. Ghila\u0219. \u0219i dr. N. Gr\u0103dinaru\u2013 Diploma Ministerului Culturii pentru contribu\u0163ii remarcabile la elaborarea Registrului national al patrimoniului cultural imaterial, vol. A (2013) \u0219.a.<\/p>\n<p><strong>\u00a0<\/strong><\/p>\n<p>Anexa 1<\/p>\n<p>Tabelul 1.<\/p>\n<table>\n<tbody>\n<tr>\n<td width=\"113\"><strong>Centre<\/strong><\/td>\n<td width=\"57\"><strong>Nr.<\/strong><\/td>\n<td width=\"462\"><strong>Proiecte institu\u021bionale de cercet\u0103ri fundamentale<\/strong><\/td>\n<\/tr>\n<tr>\n<td width=\"113\">Arheologie<\/p>\n<p>&nbsp;<\/td>\n<td width=\"57\">3<\/td>\n<td width=\"462\">\u00b7 06.410.012 F Arheologia \u015fi procesele etno-culturale \u00een spa\u0163iul carpato-nistrean (din preistorie p\u00een\u0103 \u00een prezent),\u2013 cond. proiectului dr. hab. Dergaciov V., 2006-<strong>2010<\/strong><\/p>\n<p>\u00b7 11.817.07.19F Dimensiunea european\u0103 a patrimoniului arheologic al Republicii Moldova, cond. proiectului \u2013 dr. h Levi\u0163ki O. (volumul finan\u0163\u0103ri &#8211; 7822 (mii lei)) 2011-2014.<\/p>\n<p>\u00b7 15.817.06.02F. Structuri \u015fi interferen\u0163e culturale \u00een spa\u0163iul est-carpatic din cele mai vechi timpuri p\u00e2n\u0103 \u00een epoca modern\u0103<\/td>\n<\/tr>\n<tr>\n<td width=\"113\">Etnologie<\/td>\n<td width=\"57\">10<\/td>\n<td width=\"462\">\u00b7 06.410.015F. Participarea bulgarilor \u00een crearea patrimoniului istorico-cultural din R. Moldova. 2006-2010. Cond. \u2013 dr. Savelii Novacov;<\/p>\n<p><strong>\u2022<\/strong> 06.410.016F. Aportul cultural al g\u0103g\u0103uzilor \u00een dezvoltarea societ\u0103\u0163ii contemporane din R. Moldova. 2006-2010. Cond. \u2013 dr. Liubovi Cimpoe\u015f;<\/p>\n<p>\u00b7 06.410.018F. Valorile spirituale \u015fi materiale ale etnicilor ru\u015fi din R. Moldova: formele cultural-tipologice. 2006-2010. Cond. \u2013 dr. Tatiana Zaicovschi.<\/p>\n<p>\u00b7 06.410.017F. Dic\u0163ionar enciclopedic Evreii din Moldova. 2006-2010. Cond. \u2013 dr. Irina \u015eihova.<\/p>\n<p>\u00b7 06.410.019F. Dezvoltarea con\u015ftiin\u0163ei na\u0163ionale, limbii \u015fi crea\u0163iei populare ale ucrainenilor din Republica Moldova \u00een contextul integr\u0103rii \u00een societate. 2006-2010. Cond. \u2013 dr. Victor Cojuhari<\/p>\n<p>\u00b7 06.410.020F. Diversitatea etnic\u0103 ca factor al armoniz\u0103rii societ\u0103\u0163ii civile \u015fi consolid\u0103rii statalit\u0103\u0163ii moldovene\u015fti \u00een context european. 2006-2010. Cond. \u2013 dr. Oleg Galu\u015fcenco.<\/p>\n<p>\u00b7 06.410.021F. Evolu\u0163ia comunit\u0103\u0163ii romilor din Moldova: aspecte istorice \u015fi etnografice. 2006-2010. Cond. \u2013 dr. Ion Duminica.<\/p>\n<p>\u00b7 11.817.07.20F. Dimensiunea european\u0103 a patrimoniului etnografic al Republicii Moldova. 2011-2014. Cond. \u2013 dr. Svetlana Procop.<\/p>\n<p>\u00b7 15.817.06.03F. Valorificarea pluridimensional\u0103 a patrimoniului etnocultural ca factor al armoniz\u0103rii \u015fi dezvolt\u0103rii societ\u0103\u0163ii Republicii Moldova, 2015-2018. Cond. \u2013 dr. Svetlana Procop.<\/p>\n<p>\u00b7 20.80009.1606.02. Evolu\u021bia tradi\u021biilor \u0219i procesele etnice \u00een Republica Moldova: support teoretic \u0219i aplicativ \u00een promovarea valorilor etnoculturale \u0219i coeziunii sociale. Cond. \u2013 dr. Natalia Gr\u0103dinaru.<\/td>\n<\/tr>\n<tr>\n<td width=\"113\">Studiul Artelor<\/p>\n<p>&nbsp;<\/p>\n<p>&nbsp;<\/p>\n<p>&nbsp;<\/td>\n<td width=\"57\">5<\/p>\n<p>&nbsp;<\/td>\n<td width=\"462\">\u00b7 06.410.013F. Geneza, evolu\u0163ia \u015fi tipologia artei na\u0163ionale, 2006-2010. Cond. \u2013 dr. hab. Ana-Maria Pl\u0103m\u0103deal\u0103.<\/p>\n<p>\u00b7 11.817.07.18F. Patrimoniul artistic al Republicii Moldova \u00een contextul multiculturalismului european: cercetare, valorificare, 2011-2014. Cond. \u2013 dr. hab. Tudor Stavil\u0103.<\/p>\n<p>&nbsp;<\/p>\n<p>\u00b7 15.817.06.01F. Interferen\u0163e culturale europene \u00een arta din Republica Moldova. Studii de istoria \u015fi teoria artelor. Cond. \u2013 dr. hab. Tudor Stavil\u0103.<\/p>\n<p>\u00b7 Platforma \u0219tiin\u021bific\u0103 na\u021bional\u0103 pentru valorificarea patrimoniului cultural al Republicii Moldova. Director de proiect: dr. hab. Ghila\u0219 Victor.<\/p>\n<p>\u00b7 Dimensiunea identitara a artelor din Republica Moldova ca factor activ al dezvolt\u0103rii durabile a societ\u0103\u021bii \u00een contextul dialogului intercultural European. Cond. \u2013 dr. hab. Victor Ghila\u0219.<\/p>\n<p>&nbsp;<\/p>\n<p>&nbsp;<\/td>\n<\/tr>\n<\/tbody>\n<\/table>\n<p>&nbsp;<\/p>\n<p>Tabelul 2.<\/p>\n<table>\n<tbody>\n<tr>\n<td width=\"113\"><strong>Centre<\/strong><\/td>\n<td width=\"47\"><strong>Nr.<\/strong><\/td>\n<td width=\"472\"><strong>Proiecte interna\u0163ionale<\/strong><\/td>\n<\/tr>\n<tr>\n<td width=\"113\">Arheologie<\/td>\n<td width=\"47\">2<\/td>\n<td width=\"472\">\u00b7 09.820.07.01.UF Topoare-celturi din bronzul tardive Hallstattul timpuriu din Europa de Est \u015fi Sud-Est. 2009-2010.<\/p>\n<p>Cond. \u2013 dr. hab. Valentin Dergaciov.<\/p>\n<p>\u00b7 \u041b\u0435\u0442\u043d\u044f\u044f \u0448\u043a\u043e\u043b\u0430 \u0430\u0440\u0445\u0435\u043e\u043b\u043e\u0433\u043e\u0432 \u00ab\u0418\u0441\u0441\u043b\u0435\u0434\u043e\u0432\u0430\u043d\u0438\u0435 \u0430\u0440\u0445\u0435\u043e\u043b\u043e\u0433\u0438\u0447\u0435\u0441\u043a\u0438\u0445 \u043f\u0430\u043c\u044f\u0442\u043d\u0438\u043a\u043e\u0432 \u043c\u0438\u043a\u0440\u043e\u0437\u043e\u043d\u044b \u0422\u0440\u0438\u043d\u043a\u0430 (\u0415\u0434\u0438\u043d\u0435\u0446\u043a\u0438\u0439 \u0440-\u043d, \u0420\u0435\u0441\u043f\u0443\u0431\u043b\u0438\u043a\u0430 \u041c\u043e\u043b\u0434\u043e\u0432\u0430) \u043a\u0430\u043a \u043f\u0440\u0438\u043c\u0435\u0440; \u0434\u043e\u0433\u043e\u0432\u043e\u0440 \u2116 62. Cond. \u2013 Dr. hab. \u041eleg Levi\u0163ki. \u0438\u0437\u0443\u0447\u0435\u043d\u0438\u044f \u043a\u0443\u043b\u044c\u0442\u0443\u0440\u043d\u043e\u0433\u043e \u043d\u0430\u0441\u043b\u0435\u0434\u0438\u044f \u0434\u0440\u0435\u0432\u043d\u0438\u0445 \u043e\u0431\u0449\u0435\u0441\u0442\u0432\u00bb.<\/td>\n<\/tr>\n<tr>\n<td width=\"113\">Etnologie<\/p>\n<p>&nbsp;<\/p>\n<p>&nbsp;<\/td>\n<td width=\"47\">4<\/td>\n<td width=\"472\">\u00b7 10.820.08.17\/BF \u041c\u043e\u043b\u0434\u043e\u0432\u0430 \u0438 \u0411\u0435\u043b\u0430\u0440\u0443\u0441\u044c: \u0441\u0440\u0430\u0432\u043d\u0438\u0442\u0435\u043b\u044c\u043d\u044b\u0439 \u0430\u043d\u0430\u043b\u0438\u0437 \u0442\u0435\u043d\u0434\u0435\u043d\u0446\u0438\u0439 \u0443\u0441\u0442\u043e\u0439\u0447\u0438\u0432\u043e\u0433\u043e \u0440\u0430\u0437\u0432\u0438\u0442\u0438\u044f (Moldova \u2013 Bielorusi: analiza comparativ\u0103 a tendin\u0163elor dezvolt\u0103rii durabile). 2010-2011. Cond. \u2013 dr. hab. Veaceslav Stepanov.<\/p>\n<p>\u00b7 \u0421\u043a\u0430\u0437\u043a\u0438 \u043d\u0430\u0440\u043e\u0434\u043e\u0432 \u0421\u041d\u0413. \u0421\u0435\u0440\u0438\u044f: \u043c\u043e\u043b\u0434\u0430\u0432\u0441\u043a\u0438\u0435, \u0433\u0430\u0433\u0430\u0443\u0437\u0441\u043a\u0438\u0435, \u0446\u044b\u0433\u0430\u043d\u0441\u043a\u0438\u0435, \u0431\u043e\u043b\u0433\u0430\u0440\u0441\u043a\u0438\u0435 \u0441\u043a\u0430\u0437\u043a\u0438 (\u0420\u0435\u0441\u043f\u0443\u0431\u043b\u0438\u043a\u0430 \u041c\u043e\u043b\u0434\u043e\u0432\u0430). \u0421\u0435\u0440\u0438\u044f: \u0443\u043a\u0440\u0430\u0438\u043d\u0441\u043a\u0438\u0435 \u0441\u043a\u0430\u0437\u043a\u0438 (\u0423\u043a\u0440\u0430\u0438\u043d\u0430). \u0421\u0435\u0440\u0438\u044f: 35. \u0430\u0440\u043c\u044f\u043d\u0441\u043a\u0438\u0435 \u0441\u043a\u0430\u0437\u043a\u0438 (\u0410\u0440\u043c\u0435\u043d\u0438\u044f) (Contractul nr. 89). Cond. \u2013 dr. Svetlana Procop, 2011-2012.<\/p>\n<p>\u00b7 \u00ab\u041c\u0435\u0436\u0434\u0443\u043d\u0430\u0440\u043e\u0434\u043d\u0430\u044f \u043d\u0430\u0443\u0447\u043d\u0430\u044f \u043a\u043e\u043d\u0444\u0435\u0440\u0435\u043d\u0446\u0438\u044f: \u042d\u0442\u043d\u043e\u043b\u043e\u0433\u0438\u0447\u0435\u0441\u043a\u043e\u0435 \u043d\u0430\u0441\u043b\u0435\u0434\u0438\u0435: \u043a\u043e\u043d\u0446\u0435\u043f\u0446\u0438\u0438, \u0442\u0435\u043d\u0434\u0435\u043d\u0446\u0438\u0438 \u0438 \u043f\u043e\u0434\u0445\u043e\u0434\u044b\u00bb (Contractul 19), finan\u021bat de c\u0103tre \u041c\u0435\u0436\u0433\u043e\u0441\u0443\u0434\u0430\u0440\u0441\u0442\u0432\u0435\u043d\u043d\u044b\u0439 \u0444\u043e\u043d\u0434 \u0433\u0443\u043c\u0430\u043d\u0438\u0442\u0430\u0440\u043d\u043e\u0433\u043e \u0441\u043e\u0442\u0440\u0443\u0434\u043d\u0438\u0447\u0435\u0441\u0442\u0432\u0430 \u0433\u043e\u0441\u0443\u0434\u0430\u0440\u0441\u0442\u0432 \u2013 \u0443\u0447\u0430\u0441\u0442\u043d\u0438\u043a\u043e\u0432 \u0421\u043e\u0434\u0440\u0443\u0436\u0435\u0441\u0442\u0432\u0430 \u041d\u0435\u0437\u0430\u0432\u0438\u0441\u0438\u043c\u044b\u0445 \u0413\u043e\u0441\u0443\u0434\u0430\u0440\u0441\u0442\u0432. Cond. \u2013 dr. Natalia Gr\u0103dinaru.<\/p>\n<p>\u00b7 \u201eValorificarea patrimoniului etnocultural al Republicii Moldova \u00een educa\u021bia tinerei genera\u021bii \u0219i a societ\u0103\u021bii civile\u201d.Proiect finan\u021bat de c\u0103tre MPRP.Contract nr. 1. Cond. \u2013 dr. Adrian Dolghi (2019).<\/td>\n<\/tr>\n<tr>\n<td width=\"113\">Studiul Artelor<\/td>\n<td width=\"47\">2<\/p>\n<p>&nbsp;<\/td>\n<td width=\"472\">\u00b7\u00a0\u00a0\u00a0 09.820.07.02.UF Cultura audiovizual\u0103 \u015fi rolul ei la formarea tinerei genera\u0163ii. 2009-2010. Cond. \u2013 dr. Violeta Tipa<\/p>\n<p>\u00b7\u00a0\u00a0\u00a0 Saving the folkloric archival material preserved in Chi\u0219in\u0103u, Republic of Moldova finan\u021bat de British Library \u00een cadrul Endangered Archives Programme). Director de proiect: dr. hab. Victor Ghila\u0219 (2018).<\/td>\n<\/tr>\n<\/tbody>\n<\/table>\n<p>&nbsp;<\/p>\n<p>Tabelul 3.<\/p>\n<table>\n<tbody>\n<tr>\n<td width=\"113\"><strong>Centre<\/strong><\/td>\n<td width=\"47\"><strong>Nr.<\/strong><\/td>\n<td width=\"472\"><strong>Proiecte de transfer tehnologic<\/strong><\/td>\n<\/tr>\n<tr>\n<td width=\"113\">Studiul Artelor<\/td>\n<td width=\"47\">1<\/p>\n<p>&nbsp;<\/td>\n<td width=\"472\">11.824.08.139T. Crearea sistemului informa\u0163ional de acces public \u201eRepublica Moldova, Patrimonial. 2010-2011. Cond. \u2013 dr. Tamara Nesterova.<\/td>\n<\/tr>\n<\/tbody>\n<\/table>\n<p>&nbsp;<\/p>\n<p>Tabelul 4.<\/p>\n<table>\n<tbody>\n<tr>\n<td width=\"113\"><strong>Centre<\/strong><\/td>\n<td width=\"47\"><strong>Nr.<\/strong><\/td>\n<td width=\"472\"><strong>Proiecte pentru tineri cercet\u0103tori<\/strong><\/td>\n<\/tr>\n<tr>\n<td width=\"113\">Arheologie<\/td>\n<td width=\"47\">2<\/p>\n<p>&nbsp;<\/td>\n<td width=\"472\">10.819.07.01F. Cercetarea arheologic\u0103 a a\u015fez\u0103rii rurale de la Lozova din perioada constituirii statului medieval moldovenesc. Cond. \u2013 dr. Ludmila Bacumenco-P\u00eern\u0103u (2010-2011).<\/p>\n<p>14.819.06.02.F. \u201eCercetarea necropolei cre\u015ftine de la Lozova din perioada constituirii statului medieval moldovenesc\u201d 2014-2015. Cond. Dr. I. Ursu.<\/td>\n<\/tr>\n<tr>\n<td width=\"113\">Studiul Artelor<\/td>\n<td width=\"47\">1<\/td>\n<td width=\"472\">Terminologia vestimentar\u0103 din Moldova \u2013 tradi\u021bie \u0219i inova\u021bie. Director de proiect. dr. Procop Natalia (2018-2019).<\/td>\n<\/tr>\n<\/tbody>\n<\/table>\n<p>&nbsp;<\/p>\n<p>Tabelul 5.<\/p>\n<table>\n<tbody>\n<tr>\n<td width=\"113\"><strong>Centre<\/strong><\/td>\n<td width=\"47\"><strong>Nr.<\/strong><\/td>\n<td width=\"472\"><strong>Contracte \u0219tiin\u021bifice\/Proiecte individuale<\/strong><\/td>\n<\/tr>\n<tr>\n<td width=\"113\">Arheologie<\/td>\n<td width=\"47\">5<\/p>\n<p>&nbsp;<\/td>\n<td width=\"472\">Contract Nr. 26 din 07 iulie 2010. IPC cu \u00ce.M. Construc\u0163ii capitale a Prim\u0103riei mun. Chi\u015fin\u0103u. \u201eInvestiga\u0163ii arheologice \u00een zona de reconstruc\u0163ia a lacului de acumulare \u201eValea Morilor\u201d \u2013 200 mii lei;<\/p>\n<p>Contract Nr. 21 din 14 decembrie 2010. IPC cu Institutul de Geologie \u015fi Seismologie A\u015eM, referitor la \u201eDeterminarea rocilor \u015fi componen\u0163a mineralogic\u0103 a conglomera\u0163iilor utilizate la 36 realizarea pieselor de piatr\u0103 \u015flefuit\u0103 \u015fi a uneltelor de munc\u0103 din \u015fantierul &#8211; Valea Morilor\u201d \u2013 6940 lei;<\/p>\n<p>Contract Nr. 22 din 14 decembrie 2010. IPC cu Institutul de Chimie A\u015eM, referitor la \u201eEfectuarea analizelor de laborator a unei serii de vestigii arheologice lucrate din ceramic\u0103 \u015fi alte materiale \u00een vederea stabilirii compozi\u0163iei pastei din \u015fantierul &#8211; Valea Morilor\u201d \u2013 19360 lei;<\/p>\n<p>Cercetare arheologic\u0103 preventiv\u0103 la monumentul istoric de categorie na\u0163ional\u0103 \u201eConacul Manuc Bey\u201d dn or. H\u00eence\u015fti, Contract. Coord. \u2013 Dr. hab. \u041e. Levi\u0163ki<\/p>\n<p>\u201eCercetarea arheologic\u0103 preventiv\u0103 \u015fi de salvare de la a\u015fezarea din epoca roman\u0103 t\u00e2rzie \u015fi tumulul scitic nr. 7\u201d, Contr. Nr.37 din 07.10.2014, Cond. c.\u015ft. I. Ceban<\/td>\n<\/tr>\n<\/tbody>\n<\/table>\n<div id='gallery-1' class='gallery galleryid-5719 gallery-columns-2 gallery-size-medium'><figure class='gallery-item'>\n\t\t\t<div class='gallery-icon landscape'>\n\t\t\t\t<a href='https:\/\/ich.md\/?attachment_id=5369'><img width=\"300\" height=\"200\" src=\"https:\/\/ich.md\/wp-content\/uploads\/2021\/05\/IMG_3724-300x200.jpg\" class=\"attachment-medium size-medium\" alt=\"\" decoding=\"async\" loading=\"lazy\" \/><\/a>\n\t\t\t<\/div><\/figure><figure class='gallery-item'>\n\t\t\t<div class='gallery-icon landscape'>\n\t\t\t\t<a href='https:\/\/ich.md\/?attachment_id=4150'><img width=\"300\" height=\"225\" src=\"https:\/\/ich.md\/wp-content\/uploads\/2019\/11\/DSCN2537-300x225.jpg\" class=\"attachment-medium size-medium\" alt=\"\" decoding=\"async\" loading=\"lazy\" \/><\/a>\n\t\t\t<\/div><\/figure><figure class='gallery-item'>\n\t\t\t<div class='gallery-icon landscape'>\n\t\t\t\t<a href='https:\/\/ich.md\/?attachment_id=3868'><img width=\"300\" height=\"169\" src=\"https:\/\/ich.md\/wp-content\/uploads\/2019\/04\/IPC_raport_Sectia_SSEUA_ASM_2019-3-300x169.jpg\" class=\"attachment-medium size-medium\" alt=\"\" decoding=\"async\" loading=\"lazy\" \/><\/a>\n\t\t\t<\/div><\/figure><figure class='gallery-item'>\n\t\t\t<div class='gallery-icon landscape'>\n\t\t\t\t<a href='https:\/\/ich.md\/?attachment_id=4218'><img width=\"300\" height=\"225\" src=\"https:\/\/ich.md\/wp-content\/uploads\/2019\/11\/DSCN2781-300x225.jpg\" class=\"attachment-medium size-medium\" alt=\"\" decoding=\"async\" loading=\"lazy\" \/><\/a>\n\t\t\t<\/div><\/figure><figure class='gallery-item'>\n\t\t\t<div class='gallery-icon landscape'>\n\t\t\t\t<a href='https:\/\/ich.md\/?attachment_id=3502'><img width=\"300\" height=\"225\" src=\"https:\/\/ich.md\/wp-content\/uploads\/2018\/10\/DSCN0622-300x225.jpg\" class=\"attachment-medium size-medium\" alt=\"\" decoding=\"async\" loading=\"lazy\" \/><\/a>\n\t\t\t<\/div><\/figure><figure class='gallery-item'>\n\t\t\t<div class='gallery-icon portrait'>\n\t\t\t\t<a href='https:\/\/ich.md\/?attachment_id=3683'><img width=\"225\" height=\"300\" src=\"https:\/\/ich.md\/wp-content\/uploads\/2018\/11\/DSCN1038-225x300.jpg\" class=\"attachment-medium size-medium\" alt=\"\" decoding=\"async\" loading=\"lazy\" \/><\/a>\n\t\t\t<\/div><\/figure><figure class='gallery-item'>\n\t\t\t<div class='gallery-icon landscape'>\n\t\t\t\t<a href='https:\/\/ich.md\/?attachment_id=2396'><img width=\"300\" height=\"225\" src=\"https:\/\/ich.md\/wp-content\/uploads\/2016\/11\/20161117_093525-300x225.jpg\" class=\"attachment-medium size-medium\" alt=\"\" decoding=\"async\" loading=\"lazy\" \/><\/a>\n\t\t\t<\/div><\/figure><figure class='gallery-item'>\n\t\t\t<div class='gallery-icon landscape'>\n\t\t\t\t<a href='https:\/\/ich.md\/?attachment_id=4781'><img width=\"300\" height=\"169\" src=\"https:\/\/ich.md\/wp-content\/uploads\/2020\/10\/P01006-103133-300x169.jpg\" class=\"attachment-medium size-medium\" alt=\"\" decoding=\"async\" loading=\"lazy\" \/><\/a>\n\t\t\t<\/div><\/figure><figure class='gallery-item'>\n\t\t\t<div class='gallery-icon landscape'>\n\t\t\t\t<a href='https:\/\/ich.md\/?attachment_id=3504'><img width=\"300\" height=\"225\" src=\"https:\/\/ich.md\/wp-content\/uploads\/2018\/10\/DSCN0624-300x225.jpg\" class=\"attachment-medium size-medium\" alt=\"\" decoding=\"async\" loading=\"lazy\" \/><\/a>\n\t\t\t<\/div><\/figure><figure class='gallery-item'>\n\t\t\t<div class='gallery-icon landscape'>\n\t\t\t\t<a href='https:\/\/ich.md\/?attachment_id=3500'><img width=\"300\" height=\"225\" src=\"https:\/\/ich.md\/wp-content\/uploads\/2018\/10\/DSCN0620-300x225.jpg\" class=\"attachment-medium size-medium\" alt=\"\" decoding=\"async\" loading=\"lazy\" \/><\/a>\n\t\t\t<\/div><\/figure><figure class='gallery-item'>\n\t\t\t<div class='gallery-icon landscape'>\n\t\t\t\t<a href='https:\/\/ich.md\/?attachment_id=2342'><img width=\"300\" height=\"200\" src=\"https:\/\/ich.md\/wp-content\/uploads\/2016\/11\/\u041c.-\u041b\u0438\u0441\u0435\u043d\u043a\u043e-\u0412.-\u041a\u043e\u0436\u0443\u0445\u0430\u0440-\u0410.-\u0414\u043e\u043b\u0433\u0438\u0439-\u0412.-\u0413\u0456\u043b\u0430\u0448-\u0422.-\u041c\u0456\u043d\u0447\u0435\u043d\u043a\u043e-\u041a.-\u041a\u043e\u0436\u0443\u0445\u0430\u0440-\u0406.-\u0414\u0435\u0440\u0434\u0430-\u041b.-\u041a\u043e\u043d\u0434\u0440\u0430\u0442\u0456\u043a\u043e\u0432\u0430-\u0412.-\u041a\u043e\u0441\u0442\u0438\u043a-300x200.jpg\" class=\"attachment-medium size-medium\" alt=\"\" decoding=\"async\" loading=\"lazy\" \/><\/a>\n\t\t\t<\/div><\/figure><figure class='gallery-item'>\n\t\t\t<div class='gallery-icon landscape'>\n\t\t\t\t<a href='https:\/\/ich.md\/?attachment_id=4093'><img width=\"300\" height=\"225\" src=\"https:\/\/ich.md\/wp-content\/uploads\/2019\/09\/IMG_5973-300x225.jpg\" class=\"attachment-medium size-medium\" alt=\"\" decoding=\"async\" loading=\"lazy\" \/><\/a>\n\t\t\t<\/div><\/figure><figure class='gallery-item'>\n\t\t\t<div class='gallery-icon landscape'>\n\t\t\t\t<a href='https:\/\/ich.md\/?attachment_id=3510'><img width=\"300\" height=\"225\" src=\"https:\/\/ich.md\/wp-content\/uploads\/2018\/10\/DSCN0635-300x225.jpg\" class=\"attachment-medium size-medium\" alt=\"\" decoding=\"async\" loading=\"lazy\" \/><\/a>\n\t\t\t<\/div><\/figure><figure class='gallery-item'>\n\t\t\t<div class='gallery-icon landscape'>\n\t\t\t\t<a href='https:\/\/ich.md\/?attachment_id=4929'><img width=\"300\" height=\"200\" src=\"https:\/\/ich.md\/wp-content\/uploads\/2020\/11\/IMG_3132-300x200.jpg\" class=\"attachment-medium size-medium\" alt=\"\" decoding=\"async\" loading=\"lazy\" \/><\/a>\n\t\t\t<\/div><\/figure><figure class='gallery-item'>\n\t\t\t<div class='gallery-icon portrait'>\n\t\t\t\t<a href='https:\/\/ich.md\/?attachment_id=4932'><img width=\"223\" height=\"300\" src=\"https:\/\/ich.md\/wp-content\/uploads\/2020\/11\/IMG_3135-1-223x300.jpg\" class=\"attachment-medium size-medium\" alt=\"\" decoding=\"async\" loading=\"lazy\" \/><\/a>\n\t\t\t<\/div><\/figure><figure class='gallery-item'>\n\t\t\t<div class='gallery-icon landscape'>\n\t\t\t\t<a href='https:\/\/ich.md\/?attachment_id=4892'><img width=\"300\" height=\"200\" src=\"https:\/\/ich.md\/wp-content\/uploads\/2020\/11\/IMG_3118-300x200.jpg\" class=\"attachment-medium size-medium\" alt=\"\" decoding=\"async\" loading=\"lazy\" \/><\/a>\n\t\t\t<\/div><\/figure><figure class='gallery-item'>\n\t\t\t<div class='gallery-icon landscape'>\n\t\t\t\t<a href='https:\/\/ich.md\/?attachment_id=4029'><img width=\"300\" height=\"200\" src=\"https:\/\/ich.md\/wp-content\/uploads\/2019\/09\/9_1-300x200.jpg\" class=\"attachment-medium size-medium\" alt=\"\" decoding=\"async\" loading=\"lazy\" \/><\/a>\n\t\t\t<\/div><\/figure><figure class='gallery-item'>\n\t\t\t<div class='gallery-icon landscape'>\n\t\t\t\t<a href='https:\/\/ich.md\/?attachment_id=4021'><img width=\"300\" height=\"225\" src=\"https:\/\/ich.md\/wp-content\/uploads\/2019\/09\/3-300x225.jpg\" class=\"attachment-medium size-medium\" alt=\"\" decoding=\"async\" loading=\"lazy\" \/><\/a>\n\t\t\t<\/div><\/figure><figure class='gallery-item'>\n\t\t\t<div class='gallery-icon portrait'>\n\t\t\t\t<a href='https:\/\/ich.md\/?attachment_id=4031'><img width=\"225\" height=\"300\" src=\"https:\/\/ich.md\/wp-content\/uploads\/2019\/09\/poza-1-225x300.jpg\" class=\"attachment-medium size-medium\" alt=\"\" decoding=\"async\" loading=\"lazy\" \/><\/a>\n\t\t\t<\/div><\/figure><figure class='gallery-item'>\n\t\t\t<div class='gallery-icon landscape'>\n\t\t\t\t<a href='https:\/\/ich.md\/?attachment_id=3642'><img width=\"300\" height=\"225\" src=\"https:\/\/ich.md\/wp-content\/uploads\/2018\/11\/DSCN0965-300x225.jpg\" class=\"attachment-medium size-medium\" alt=\"\" decoding=\"async\" loading=\"lazy\" \/><\/a>\n\t\t\t<\/div><\/figure><figure class='gallery-item'>\n\t\t\t<div class='gallery-icon portrait'>\n\t\t\t\t<a href='https:\/\/ich.md\/?attachment_id=1559'><img width=\"212\" height=\"300\" src=\"https:\/\/ich.md\/wp-content\/uploads\/2015\/06\/Ziua_Usilor_deschise_4-212x300.jpg\" class=\"attachment-medium size-medium\" alt=\"\" decoding=\"async\" loading=\"lazy\" \/><\/a>\n\t\t\t<\/div><\/figure><figure class='gallery-item'>\n\t\t\t<div class='gallery-icon portrait'>\n\t\t\t\t<a href='https:\/\/ich.md\/?attachment_id=1349'><img width=\"217\" height=\"300\" src=\"https:\/\/ich.md\/wp-content\/uploads\/2015\/01\/RA_2013-nr.1-217x300.jpg\" class=\"attachment-medium size-medium\" alt=\"\" decoding=\"async\" loading=\"lazy\" \/><\/a>\n\t\t\t<\/div><\/figure><figure class='gallery-item'>\n\t\t\t<div class='gallery-icon portrait'>\n\t\t\t\t<a href='https:\/\/ich.md\/?attachment_id=1706'><img width=\"221\" height=\"300\" src=\"https:\/\/ich.md\/wp-content\/uploads\/2015\/12\/Revista_volumul_17_2015_coperta-221x300.jpg\" class=\"attachment-medium size-medium\" alt=\"\" decoding=\"async\" loading=\"lazy\" \/><\/a>\n\t\t\t<\/div><\/figure><figure class='gallery-item'>\n\t\t\t<div class='gallery-icon portrait'>\n\t\t\t\t<a href='https:\/\/ich.md\/?attachment_id=5112'><img width=\"216\" height=\"300\" src=\"https:\/\/ich.md\/wp-content\/uploads\/2021\/02\/coperta.magiafilm.animatie0001-216x300.jpg\" class=\"attachment-medium size-medium\" alt=\"\" decoding=\"async\" loading=\"lazy\" \/><\/a>\n\t\t\t<\/div><\/figure><figure class='gallery-item'>\n\t\t\t<div class='gallery-icon portrait'>\n\t\t\t\t<a href='https:\/\/ich.md\/?attachment_id=3028'><img width=\"232\" height=\"300\" src=\"https:\/\/ich.md\/wp-content\/uploads\/2018\/02\/Olarescu-232x300.jpg\" class=\"attachment-medium size-medium\" alt=\"\" decoding=\"async\" loading=\"lazy\" \/><\/a>\n\t\t\t<\/div><\/figure><figure class='gallery-item'>\n\t\t\t<div class='gallery-icon portrait'>\n\t\t\t\t<a href='https:\/\/ich.md\/?attachment_id=3030'><img width=\"213\" height=\"300\" src=\"https:\/\/ich.md\/wp-content\/uploads\/2018\/02\/Plamadeala-213x300.jpg\" class=\"attachment-medium size-medium\" alt=\"\" decoding=\"async\" loading=\"lazy\" \/><\/a>\n\t\t\t<\/div><\/figure><figure class='gallery-item'>\n\t\t\t<div class='gallery-icon portrait'>\n\t\t\t\t<a href='https:\/\/ich.md\/?attachment_id=3022'><img width=\"221\" height=\"300\" src=\"https:\/\/ich.md\/wp-content\/uploads\/2018\/02\/ghila\u0219-221x300.png\" class=\"attachment-medium size-medium\" alt=\"\" decoding=\"async\" loading=\"lazy\" \/><\/a>\n\t\t\t<\/div><\/figure><figure class='gallery-item'>\n\t\t\t<div class='gallery-icon portrait'>\n\t\t\t\t<a href='https:\/\/ich.md\/?attachment_id=4712'><img width=\"232\" height=\"300\" src=\"https:\/\/ich.md\/wp-content\/uploads\/2020\/08\/Coperta-Slapac-Castelologia-18-06-2020-Copy-232x300.gif\" class=\"attachment-medium size-medium\" alt=\"\" decoding=\"async\" loading=\"lazy\" \/><\/a>\n\t\t\t<\/div><\/figure><figure class='gallery-item'>\n\t\t\t<div class='gallery-icon portrait'>\n\t\t\t\t<a href='https:\/\/ich.md\/?attachment_id=5726'><img width=\"195\" height=\"300\" src=\"https:\/\/ich.md\/wp-content\/uploads\/2021\/11\/guguta-195x300.jpg\" class=\"attachment-medium size-medium\" alt=\"\" decoding=\"async\" loading=\"lazy\" \/><\/a>\n\t\t\t<\/div><\/figure><figure class='gallery-item'>\n\t\t\t<div class='gallery-icon portrait'>\n\t\t\t\t<a href='https:\/\/ich.md\/?attachment_id=3029'><img width=\"197\" height=\"300\" src=\"https:\/\/ich.md\/wp-content\/uploads\/2018\/02\/onica-2-197x300.jpg\" class=\"attachment-medium size-medium\" alt=\"\" decoding=\"async\" loading=\"lazy\" \/><\/a>\n\t\t\t<\/div><\/figure><figure class='gallery-item'>\n\t\t\t<div class='gallery-icon portrait'>\n\t\t\t\t<a href='https:\/\/ich.md\/?attachment_id=3026'><img width=\"218\" height=\"300\" src=\"https:\/\/ich.md\/wp-content\/uploads\/2018\/02\/Gradinaru-218x300.png\" class=\"attachment-medium size-medium\" alt=\"\" decoding=\"async\" loading=\"lazy\" \/><\/a>\n\t\t\t<\/div><\/figure><figure class='gallery-item'>\n\t\t\t<div class='gallery-icon portrait'>\n\t\t\t\t<a href='https:\/\/ich.md\/?attachment_id=3021'><img width=\"203\" height=\"300\" src=\"https:\/\/ich.md\/wp-content\/uploads\/2018\/02\/Duminica-203x300.jpg\" class=\"attachment-medium size-medium\" alt=\"\" decoding=\"async\" loading=\"lazy\" \/><\/a>\n\t\t\t<\/div><\/figure><figure class='gallery-item'>\n\t\t\t<div class='gallery-icon portrait'>\n\t\t\t\t<a href='https:\/\/ich.md\/?attachment_id=3033'><img width=\"223\" height=\"300\" src=\"https:\/\/ich.md\/wp-content\/uploads\/2018\/02\/Covalov-223x300.jpg\" class=\"attachment-medium size-medium\" alt=\"\" decoding=\"async\" loading=\"lazy\" \/><\/a>\n\t\t\t<\/div><\/figure><figure class='gallery-item'>\n\t\t\t<div class='gallery-icon portrait'>\n\t\t\t\t<a href='https:\/\/ich.md\/?attachment_id=3027'><img width=\"187\" height=\"300\" src=\"https:\/\/ich.md\/wp-content\/uploads\/2018\/02\/Kvilinkova-187x300.jpg\" class=\"attachment-medium size-medium\" alt=\"\" decoding=\"async\" loading=\"lazy\" \/><\/a>\n\t\t\t<\/div><\/figure><figure class='gallery-item'>\n\t\t\t<div class='gallery-icon portrait'>\n\t\t\t\t<a href='https:\/\/ich.md\/?attachment_id=4679'><img width=\"209\" height=\"300\" src=\"https:\/\/ich.md\/wp-content\/uploads\/2020\/08\/3.kitap1a-On-Kapak-1-209x300.jpg\" class=\"attachment-medium size-medium\" alt=\"\" decoding=\"async\" loading=\"lazy\" \/><\/a>\n\t\t\t<\/div><\/figure><figure class='gallery-item'>\n\t\t\t<div class='gallery-icon portrait'>\n\t\t\t\t<a href='https:\/\/ich.md\/?attachment_id=1443'><img width=\"291\" height=\"300\" src=\"https:\/\/ich.md\/wp-content\/uploads\/2015\/03\/1-1-291x300.jpg\" class=\"attachment-medium size-medium\" alt=\"\" decoding=\"async\" loading=\"lazy\" \/><\/a>\n\t\t\t<\/div><\/figure><figure class='gallery-item'>\n\t\t\t<div class='gallery-icon portrait'>\n\t\t\t\t<a href='https:\/\/ich.md\/?attachment_id=1075'><img width=\"195\" height=\"300\" src=\"https:\/\/ich.md\/wp-content\/uploads\/2014\/04\/icoana-basarabeana-195x300.jpg\" class=\"attachment-medium size-medium\" alt=\"\" decoding=\"async\" loading=\"lazy\" \/><\/a>\n\t\t\t<\/div><\/figure><figure class='gallery-item'>\n\t\t\t<div class='gallery-icon portrait'>\n\t\t\t\t<a href='https:\/\/ich.md\/?attachment_id=3013'><img width=\"208\" height=\"300\" src=\"https:\/\/ich.md\/wp-content\/uploads\/2018\/02\/anisiutchin-208x300.jpg\" class=\"attachment-medium size-medium\" alt=\"\" decoding=\"async\" loading=\"lazy\" \/><\/a>\n\t\t\t<\/div><\/figure><figure class='gallery-item'>\n\t\t\t<div class='gallery-icon portrait'>\n\t\t\t\t<a href='https:\/\/ich.md\/?attachment_id=572'><img width=\"229\" height=\"300\" src=\"https:\/\/ich.md\/wp-content\/uploads\/2014\/01\/wrwrwr2354254-229x300.jpg\" class=\"attachment-medium size-medium\" alt=\"\" decoding=\"async\" loading=\"lazy\" \/><\/a>\n\t\t\t<\/div><\/figure><figure class='gallery-item'>\n\t\t\t<div class='gallery-icon landscape'>\n\t\t\t\t<a href='https:\/\/ich.md\/?attachment_id=1085'><img width=\"295\" height=\"166\" src=\"https:\/\/ich.md\/wp-content\/uploads\/2014\/04\/mihai-volontir.jpg\" class=\"attachment-medium size-medium\" alt=\"\" decoding=\"async\" loading=\"lazy\" \/><\/a>\n\t\t\t<\/div><\/figure><figure class='gallery-item'>\n\t\t\t<div class='gallery-icon portrait'>\n\t\t\t\t<a href='https:\/\/ich.md\/?attachment_id=3032'><img width=\"214\" height=\"300\" src=\"https:\/\/ich.md\/wp-content\/uploads\/2018\/02\/Moisei1-214x300.jpg\" class=\"attachment-medium size-medium\" alt=\"\" decoding=\"async\" loading=\"lazy\" \/><\/a>\n\t\t\t<\/div><\/figure><figure class='gallery-item'>\n\t\t\t<div class='gallery-icon portrait'>\n\t\t\t\t<a href='https:\/\/ich.md\/?attachment_id=3031'><img width=\"293\" height=\"300\" src=\"https:\/\/ich.md\/wp-content\/uploads\/2018\/02\/procop-293x300.jpg\" class=\"attachment-medium size-medium\" alt=\"\" decoding=\"async\" loading=\"lazy\" \/><\/a>\n\t\t\t<\/div><\/figure><figure class='gallery-item'>\n\t\t\t<div class='gallery-icon portrait'>\n\t\t\t\t<a href='https:\/\/ich.md\/?attachment_id=581'><img width=\"191\" height=\"300\" src=\"https:\/\/ich.md\/wp-content\/uploads\/2014\/01\/3513515115_1-191x300.jpg\" class=\"attachment-medium size-medium\" alt=\"\" decoding=\"async\" loading=\"lazy\" \/><\/a>\n\t\t\t<\/div><\/figure><figure class='gallery-item'>\n\t\t\t<div class='gallery-icon portrait'>\n\t\t\t\t<a href='https:\/\/ich.md\/?attachment_id=3049'><img width=\"226\" height=\"300\" src=\"https:\/\/ich.md\/wp-content\/uploads\/2018\/02\/culegere1-1-226x300.jpg\" class=\"attachment-medium size-medium\" alt=\"\" decoding=\"async\" loading=\"lazy\" \/><\/a>\n\t\t\t<\/div><\/figure><figure class='gallery-item'>\n\t\t\t<div class='gallery-icon portrait'>\n\t\t\t\t<a href='https:\/\/ich.md\/?attachment_id=3024'><img width=\"187\" height=\"300\" src=\"https:\/\/ich.md\/wp-content\/uploads\/2018\/02\/Cusnir-187x300.jpg\" class=\"attachment-medium size-medium\" alt=\"\" decoding=\"async\" loading=\"lazy\" \/><\/a>\n\t\t\t<\/div><\/figure><figure class='gallery-item'>\n\t\t\t<div class='gallery-icon portrait'>\n\t\t\t\t<a href='https:\/\/ich.md\/?attachment_id=573'><img width=\"208\" height=\"300\" src=\"https:\/\/ich.md\/wp-content\/uploads\/2014\/01\/64546464_1-208x300.jpg\" class=\"attachment-medium size-medium\" alt=\"\" decoding=\"async\" loading=\"lazy\" \/><\/a>\n\t\t\t<\/div><\/figure><figure class='gallery-item'>\n\t\t\t<div class='gallery-icon portrait'>\n\t\t\t\t<a href='https:\/\/ich.md\/?attachment_id=571'><img width=\"206\" height=\"300\" src=\"https:\/\/ich.md\/wp-content\/uploads\/2014\/01\/cantemir-206x300.jpg\" class=\"attachment-medium size-medium\" alt=\"\" decoding=\"async\" loading=\"lazy\" \/><\/a>\n\t\t\t<\/div><\/figure><figure class='gallery-item'>\n\t\t\t<div class='gallery-icon portrait'>\n\t\t\t\t<a href='https:\/\/ich.md\/?attachment_id=4662'><img width=\"205\" height=\"300\" src=\"https:\/\/ich.md\/wp-content\/uploads\/2020\/08\/GALUSCENCO-205x300.jpg\" class=\"attachment-medium size-medium\" alt=\"\" decoding=\"async\" loading=\"lazy\" \/><\/a>\n\t\t\t<\/div><\/figure><figure class='gallery-item'>\n\t\t\t<div class='gallery-icon portrait'>\n\t\t\t\t<a href='https:\/\/ich.md\/?attachment_id=5004'><img width=\"207\" height=\"300\" src=\"https:\/\/ich.md\/wp-content\/uploads\/2020\/12\/Pages-from-Materiale.Simpozion.etnologie.Ed_.I.2020.online-1-207x300.jpg\" class=\"attachment-medium size-medium\" alt=\"\" decoding=\"async\" loading=\"lazy\" \/><\/a>\n\t\t\t<\/div><\/figure><figure class='gallery-item'>\n\t\t\t<div class='gallery-icon portrait'>\n\t\t\t\t<a href='https:\/\/ich.md\/?attachment_id=5723'><img width=\"204\" height=\"300\" src=\"https:\/\/ich.md\/wp-content\/uploads\/2021\/11\/scan0001-204x300.jpg\" class=\"attachment-medium size-medium\" alt=\"\" decoding=\"async\" loading=\"lazy\" \/><\/a>\n\t\t\t<\/div><\/figure><figure class='gallery-item'>\n\t\t\t<div class='gallery-icon portrait'>\n\t\t\t\t<a href='https:\/\/ich.md\/?attachment_id=4606'><img width=\"212\" height=\"300\" src=\"https:\/\/ich.md\/wp-content\/uploads\/2020\/07\/scan0001-212x300.jpg\" class=\"attachment-medium size-medium\" alt=\"\" decoding=\"async\" loading=\"lazy\" \/><\/a>\n\t\t\t<\/div><\/figure><figure class='gallery-item'>\n\t\t\t<div class='gallery-icon portrait'>\n\t\t\t\t<a href='https:\/\/ich.md\/?attachment_id=4607'><img width=\"207\" height=\"300\" src=\"https:\/\/ich.md\/wp-content\/uploads\/2020\/07\/scan0002-207x300.jpg\" class=\"attachment-medium size-medium\" alt=\"\" decoding=\"async\" loading=\"lazy\" \/><\/a>\n\t\t\t<\/div><\/figure><figure class='gallery-item'>\n\t\t\t<div class='gallery-icon portrait'>\n\t\t\t\t<a href='https:\/\/ich.md\/?attachment_id=4620'><img width=\"257\" height=\"300\" src=\"https:\/\/ich.md\/wp-content\/uploads\/2020\/08\/Spinu-257x300.jpg\" class=\"attachment-medium size-medium\" alt=\"\" decoding=\"async\" loading=\"lazy\" \/><\/a>\n\t\t\t<\/div><\/figure><figure class='gallery-item'>\n\t\t\t<div class='gallery-icon portrait'>\n\t\t\t\t<a href='https:\/\/ich.md\/?attachment_id=4624'><img width=\"197\" height=\"300\" src=\"https:\/\/ich.md\/wp-content\/uploads\/2020\/08\/Ghilas.Dicescu-1-197x300.jpg\" class=\"attachment-medium size-medium\" alt=\"\" decoding=\"async\" loading=\"lazy\" \/><\/a>\n\t\t\t<\/div><\/figure><figure class='gallery-item'>\n\t\t\t<div class='gallery-icon portrait'>\n\t\t\t\t<a href='https:\/\/ich.md\/?attachment_id=4668'><img width=\"239\" height=\"300\" src=\"https:\/\/ich.md\/wp-content\/uploads\/2020\/08\/CEREPOVSCHI-239x300.jpg\" class=\"attachment-medium size-medium\" alt=\"\" decoding=\"async\" loading=\"lazy\" \/><\/a>\n\t\t\t<\/div><\/figure><figure class='gallery-item'>\n\t\t\t<div class='gallery-icon portrait'>\n\t\t\t\t<a href='https:\/\/ich.md\/?attachment_id=2178'><img width=\"203\" height=\"300\" src=\"https:\/\/ich.md\/wp-content\/uploads\/2016\/08\/filonul-203x300.jpg\" class=\"attachment-medium size-medium\" alt=\"\" decoding=\"async\" loading=\"lazy\" \/><\/a>\n\t\t\t<\/div><\/figure><figure class='gallery-item'>\n\t\t\t<div class='gallery-icon portrait'>\n\t\t\t\t<a href='https:\/\/ich.md\/?attachment_id=5728'><img width=\"207\" height=\"300\" src=\"https:\/\/ich.md\/wp-content\/uploads\/2021\/11\/d.cantemir-1-207x300.jpg\" class=\"attachment-medium size-medium\" alt=\"\" decoding=\"async\" loading=\"lazy\" \/><\/a>\n\t\t\t<\/div><\/figure><figure class='gallery-item'>\n\t\t\t<div class='gallery-icon portrait'>\n\t\t\t\t<a href='https:\/\/ich.md\/?attachment_id=4623'><img width=\"207\" height=\"300\" src=\"https:\/\/ich.md\/wp-content\/uploads\/2020\/08\/TC-2019-coperta-01-copy-207x300.png\" class=\"attachment-medium size-medium\" alt=\"\" decoding=\"async\" loading=\"lazy\" \/><\/a>\n\t\t\t<\/div><\/figure><figure class='gallery-item'>\n\t\t\t<div class='gallery-icon portrait'>\n\t\t\t\t<a href='https:\/\/ich.md\/?attachment_id=5200'><img width=\"211\" height=\"300\" src=\"https:\/\/ich.md\/wp-content\/uploads\/2021\/03\/Etno-symp-coperta-B5-211x300.png\" class=\"attachment-medium size-medium\" alt=\"\" decoding=\"async\" loading=\"lazy\" \/><\/a>\n\t\t\t<\/div><\/figure><figure class='gallery-item'>\n\t\t\t<div class='gallery-icon portrait'>\n\t\t\t\t<a href='https:\/\/ich.md\/?attachment_id=2661'><img width=\"246\" height=\"300\" src=\"https:\/\/ich.md\/wp-content\/uploads\/2017\/05\/Afis_23-24_mai_2017_site_1-246x300.jpg\" class=\"attachment-medium size-medium\" alt=\"\" decoding=\"async\" loading=\"lazy\" \/><\/a>\n\t\t\t<\/div><\/figure><figure class='gallery-item'>\n\t\t\t<div class='gallery-icon portrait'>\n\t\t\t\t<a href='https:\/\/ich.md\/?attachment_id=5522'><img width=\"215\" height=\"300\" src=\"https:\/\/ich.md\/wp-content\/uploads\/2021\/06\/Pages-from-Port.program.rezumate-215x300.jpg\" class=\"attachment-medium size-medium\" alt=\"\" decoding=\"async\" loading=\"lazy\" \/><\/a>\n\t\t\t<\/div><\/figure><figure class='gallery-item'>\n\t\t\t<div class='gallery-icon portrait'>\n\t\t\t\t<a href='https:\/\/ich.md\/?attachment_id=5607'><img width=\"199\" height=\"300\" src=\"https:\/\/ich.md\/wp-content\/uploads\/2021\/09\/Coperta.studii.culturale.2021-199x300.png\" class=\"attachment-medium size-medium\" alt=\"\" decoding=\"async\" loading=\"lazy\" \/><\/a>\n\t\t\t<\/div><\/figure><figure class='gallery-item'>\n\t\t\t<div class='gallery-icon portrait'>\n\t\t\t\t<a href='https:\/\/ich.md\/?attachment_id=3050'><img width=\"200\" height=\"300\" src=\"https:\/\/ich.md\/wp-content\/uploads\/2018\/02\/culegere2-200x300.jpg\" class=\"attachment-medium size-medium\" alt=\"\" decoding=\"async\" loading=\"lazy\" \/><\/a>\n\t\t\t<\/div><\/figure><figure class='gallery-item'>\n\t\t\t<div class='gallery-icon portrait'>\n\t\t\t\t<a href='https:\/\/ich.md\/?attachment_id=3038'><img width=\"210\" height=\"300\" src=\"https:\/\/ich.md\/wp-content\/uploads\/2018\/02\/Dolghi-1-210x300.jpg\" class=\"attachment-medium size-medium\" alt=\"\" decoding=\"async\" loading=\"lazy\" \/><\/a>\n\t\t\t<\/div><\/figure>\n\t\t<\/div>\n\n","protected":false},"excerpt":{"rendered":"<p>Stima\u021bi colegi, V\u0103 felicit\u0103m cu ocazia Zilei \u0218tiin\u021bei, V\u0103 dorim mult\u0103 s\u0103n\u0103tate \u0219i succese \u00een cercetare !\u00a0 Institutul Patrimoniului Cultural este o organiza\u021bie de drept<span class=\"read-more-link\"><a class=\"read-more\" href=\"https:\/\/ich.md\/?p=5719\">Read More<\/a><\/span><\/p>\n","protected":false},"author":2,"featured_media":1810,"comment_status":"closed","ping_status":"closed","sticky":false,"template":"","format":"standard","meta":[],"categories":[10],"tags":[],"_links":{"self":[{"href":"https:\/\/ich.md\/index.php?rest_route=\/wp\/v2\/posts\/5719"}],"collection":[{"href":"https:\/\/ich.md\/index.php?rest_route=\/wp\/v2\/posts"}],"about":[{"href":"https:\/\/ich.md\/index.php?rest_route=\/wp\/v2\/types\/post"}],"author":[{"embeddable":true,"href":"https:\/\/ich.md\/index.php?rest_route=\/wp\/v2\/users\/2"}],"replies":[{"embeddable":true,"href":"https:\/\/ich.md\/index.php?rest_route=%2Fwp%2Fv2%2Fcomments&post=5719"}],"version-history":[{"count":9,"href":"https:\/\/ich.md\/index.php?rest_route=\/wp\/v2\/posts\/5719\/revisions"}],"predecessor-version":[{"id":5732,"href":"https:\/\/ich.md\/index.php?rest_route=\/wp\/v2\/posts\/5719\/revisions\/5732"}],"wp:featuredmedia":[{"embeddable":true,"href":"https:\/\/ich.md\/index.php?rest_route=\/wp\/v2\/media\/1810"}],"wp:attachment":[{"href":"https:\/\/ich.md\/index.php?rest_route=%2Fwp%2Fv2%2Fmedia&parent=5719"}],"wp:term":[{"taxonomy":"category","embeddable":true,"href":"https:\/\/ich.md\/index.php?rest_route=%2Fwp%2Fv2%2Fcategories&post=5719"},{"taxonomy":"post_tag","embeddable":true,"href":"https:\/\/ich.md\/index.php?rest_route=%2Fwp%2Fv2%2Ftags&post=5719"}],"curies":[{"name":"wp","href":"https:\/\/api.w.org\/{rel}","templated":true}]}}